{"id":224847,"date":"2024-05-30T09:45:00","date_gmt":"2024-05-30T07:45:00","guid":{"rendered":"https:\/\/www.tucomarca.com\/wordpress\/segunda\/?p=224847"},"modified":"2024-05-30T14:07:36","modified_gmt":"2024-05-30T12:07:36","slug":"xiva-presenta-la-seua-candidatura-per-a-organitzar-les-jornades-del-congres-nacional-del-bou-de-corda-en-2027","status":"publish","type":"post","link":"https:\/\/www.tucomarca.com\/wordpress\/segunda\/ca\/xiva-presenta-la-seua-candidatura-per-a-organitzar-les-jornades-del-congres-nacional-del-bou-de-corda-en-2027\/","title":{"rendered":"Xiva presenta la seua candidatura per a organitzar les jornades del congr\u00e9s nacional del Bou de Corda en 2027"},"content":{"rendered":"\n<p>L&#8217;ajuntament aprova per ple la seua voluntat de presentar la candidatura per a l&#8217;organitzaci\u00f3 del congr\u00e9s nacional del bou de Corda 2027.<\/p>\n\n\n\n<p>Aquest esdeveniment, ja celebrat en dues ocasions en el municipi, permet aglutinar, durant els dies de la seua celebraci\u00f3, un important nombre de persones vingudes de tot el pa\u00eds per a assistir a sessions, exhibicions aix\u00ed com un ampli nombre d&#8217;activitats paral\u00b7leles que transformen la ciutat organitzadora durant els dies de la seua celebraci\u00f3.<\/p>\n\n\n\n<p>Entre els motius esgrimits per la penya taurina El Torico de la Corda per a atraure aquest gran esdeveniment, destaca la projecci\u00f3 nacional del municipi organitzador, la riquesa cultural dels actes organitzats i tamb\u00e9 l&#8217;important retorn econ\u00f2mic que suposa per al municipi la visita durant diversos dies dels m\u00e9s de 20.000 visitants previstos pels organitzadors.<\/p>\n\n\n\n<p>Cal assenyalar que la localitat de Ja\u00e9n de Beas del Segura, albergar\u00e0, aquest pr\u00f2xim dia 13 de juny i fins al 16 del mateix mes, les sessions del XIX congr\u00e9s nacional corresponent a 2024.<\/p>\n\n\n\n<p>L&#8217;aprovaci\u00f3 en ple d&#8217;aquesta candidatura suposa confirmar el suport del municipi a la celebraci\u00f3 d&#8217;un esdeveniment de primer nivell que Xiva respecta, reconeix i s&#8217;enorgulleix d&#8217;engrandir.<\/p>\n\n\n\n<p>Foto: <strong>asociaci\u00f3n taurina El Torico de la Cuerda.<\/strong><\/p>\n","protected":false},"excerpt":{"rendered":"<div class=\"mh-excerpt\">L&#8217;ajuntament aprova per ple la seua voluntat de presentar la candidatura per a l&#8217;organitzaci\u00f3 del congr\u00e9s nacional del bou de Corda 2027. Aquest esdeveniment, ja celebrat en dues ocasions en el municipi, permet aglutinar, durant <a class=\"mh-excerpt-more\" href=\"https:\/\/www.tucomarca.com\/wordpress\/segunda\/ca\/xiva-presenta-la-seua-candidatura-per-a-organitzar-les-jornades-del-congres-nacional-del-bou-de-corda-en-2027\/\" title=\"Xiva presenta la seua candidatura per a organitzar les jornades del congr\u00e9s nacional del Bou de Corda en 2027\">[+] <\/a><\/div>\n","protected":false},"author":12,"featured_media":224846,"comment_status":"open","ping_status":"open","sticky":false,"template":"","format":"standard","meta":{"footnotes":""},"categories":[10894,10912,11007,10896,10975],"tags":[11195,10914,20761],"class_list":{"0":"post-224847","1":"post","2":"type-post","3":"status-publish","4":"format-standard","5":"has-post-thumbnail","7":"category-la-comarca-ca","8":"category-la-hoya-ca","9":"category-ocio-y-cultura-ca","10":"category-seccion-ca","11":"category-chiva-ca","12":"tag-chiva-ca","13":"tag-la-hoya-de-bunol-chiva-ca","14":"tag-toro-de-cuerda-ca"},"_links":{"self":[{"href":"https:\/\/www.tucomarca.com\/wordpress\/segunda\/ca\/wp-json\/wp\/v2\/posts\/224847","targetHints":{"allow":["GET"]}}],"collection":[{"href":"https:\/\/www.tucomarca.com\/wordpress\/segunda\/ca\/wp-json\/wp\/v2\/posts"}],"about":[{"href":"https:\/\/www.tucomarca.com\/wordpress\/segunda\/ca\/wp-json\/wp\/v2\/types\/post"}],"author":[{"embeddable":true,"href":"https:\/\/www.tucomarca.com\/wordpress\/segunda\/ca\/wp-json\/wp\/v2\/users\/12"}],"replies":[{"embeddable":true,"href":"https:\/\/www.tucomarca.com\/wordpress\/segunda\/ca\/wp-json\/wp\/v2\/comments?post=224847"}],"version-history":[{"count":0,"href":"https:\/\/www.tucomarca.com\/wordpress\/segunda\/ca\/wp-json\/wp\/v2\/posts\/224847\/revisions"}],"wp:featuredmedia":[{"embeddable":true,"href":"https:\/\/www.tucomarca.com\/wordpress\/segunda\/ca\/wp-json\/wp\/v2\/media\/224846"}],"wp:attachment":[{"href":"https:\/\/www.tucomarca.com\/wordpress\/segunda\/ca\/wp-json\/wp\/v2\/media?parent=224847"}],"wp:term":[{"taxonomy":"category","embeddable":true,"href":"https:\/\/www.tucomarca.com\/wordpress\/segunda\/ca\/wp-json\/wp\/v2\/categories?post=224847"},{"taxonomy":"post_tag","embeddable":true,"href":"https:\/\/www.tucomarca.com\/wordpress\/segunda\/ca\/wp-json\/wp\/v2\/tags?post=224847"}],"curies":[{"name":"wp","href":"https:\/\/api.w.org\/{rel}","templated":true}]}}