{"id":224902,"date":"2024-05-30T09:55:00","date_gmt":"2024-05-30T07:55:00","guid":{"rendered":"https:\/\/www.tucomarca.com\/wordpress\/segunda\/?p=224902"},"modified":"2024-05-30T19:08:29","modified_gmt":"2024-05-30T17:08:29","slug":"riba-roja-de-turia-adjudica-10-000-euros-a-les-entitats-veinals-per-a-promoure-i-fomentar-les-activitats-socials-i-culturals","status":"publish","type":"post","link":"https:\/\/www.tucomarca.com\/wordpress\/segunda\/ca\/riba-roja-de-turia-adjudica-10-000-euros-a-les-entitats-veinals-per-a-promoure-i-fomentar-les-activitats-socials-i-culturals\/","title":{"rendered":"Riba-roja de T\u00faria adjudica 10.000 euros a les entitats ve\u00efnals per a promoure i fomentar les activitats socials i culturals"},"content":{"rendered":"\n<h3 class=\"wp-block-heading\">La Junta de Govern aprova la concessi\u00f3 de les subvencions mitjan\u00e7ant el procediment de concurr\u00e8ncia competitiva de foment de l&#8217;associacionisme.<\/h3>\n\n\n\n<p>L&#8217;Ajuntament de Riba-roja de T\u00faria ha aprovat la concessi\u00f3 de les subvencions econ\u00f2miques mitjan\u00e7ant el sistema de concurr\u00e8ncia competitiva per al foment de l&#8217;associacionisme ve\u00efnal corresponent a l&#8217;exercici de 2024. La Junta de Govern ha procedit a la concessi\u00f3 de les citades subvencions per un muntant global que ascendeix als 10.000 euros que aporten les arques municipals.<\/p>\n\n\n\n<p>Les citades subvencions de l&#8217;Ajuntament de Riba-roja de T\u00faria compten amb els corresponents informes t\u00e8cnics municipals i el benepl\u00e0cit, a m\u00e9s, de la comissi\u00f3 d&#8217;avaluaci\u00f3 de la documentaci\u00f3 aportada per part de les entitats interessades, continguda en les bases reguladores del programa de concessi\u00f3 incorporat en l&#8217;expedient administratiu elaborat sobre aquest tema.<\/p>\n\n\n\n<p>Els citats informes t\u00e8cnics de Riba-roja de T\u00faria han corroborat, tamb\u00e9, que les citades entitats ve\u00efnals a l&#8217;aportat la documentaci\u00f3 exigida en mat\u00e8ria de compliment dels tributs municipals en via executiva, aix\u00ed com les corresponents a l&#8217;Ag\u00e8ncia Tribut\u00e0ria i la Seguretat Social, despr\u00e9s d&#8217;incorporar la documentaci\u00f3 exigible que consta en l&#8217;actual Llei general de Subvencions.<\/p>\n\n\n\n<p>D&#8217;aquesta manera, l&#8217;aprovaci\u00f3 de les subvencions per a les set associacions ve\u00efnals aconsegueix els 10.000 euros previstos en la convocat\u00f2ria d&#8217;enguany, amb les diferents quantitats econ\u00f2miques que varien en funci\u00f3 de la puntuaci\u00f3 obtinguda mitjan\u00e7ant el sistema de concurr\u00e8ncia competitiva la finalitat de la qual \u00e9s contribuir en les despeses prepagables al 100% realitzats per les entitats de ve\u00efns sense \u00e0nim de lucre.<\/p>\n\n\n\n<p>Les ajudes econ\u00f2miques estan encaminades a la consecuci\u00f3 d&#8217;una major relaci\u00f3 social, cultural i participada no sols en el marc d&#8217;actuaci\u00f3 sin\u00f3, tamb\u00e9, per al conjunt dels ve\u00efns de la localitat. Les subvencions consistiran en una col\u00b7laboraci\u00f3 econ\u00f2mica prepagable al 100% per al desenvolupament de les activitats que es planifiquen dins del programa corresponent durant tot l&#8217;any 2024. Aquesta proposta inicial passar\u00e0 a ser definitiva despr\u00e9s del per\u00edode d&#8217;al\u00b7legacions corresponents i una vegada revisades per la comissi\u00f3 d&#8217;avaluaci\u00f3 constitu\u00efda a aquest efecte.<br>Entre les despeses que es podran justificar destaquen les retribucions i despeses de personal afectes a l&#8217;activitat, despeses corrents de la realitzaci\u00f3 de les activitats objecte de la subvenci\u00f3, assegurances d&#8217;accidents o responsabilitat civil, despeses d&#8217;assessoria fiscal, laboral o comptable, despeses pericials, notarials, registrals i d&#8217;administraci\u00f3 relacionats amb l&#8217;activitat, tributs com l&#8217;IVA, l&#8217;adquisici\u00f3 de material d&#8217;oficina no inventariable, a m\u00e9s d&#8217;altres despeses publicit\u00e0ries i de propaganda, organitzaci\u00f3 de reunions o esdeveniments.<\/p>\n\n\n\n<p>Els criteris objectius d&#8217;atorgament de la subvenci\u00f3 per part de l&#8217;Ajuntament de Riba-roja de T\u00faria estaran determinats en un 50% sobre el total, \u00e9s a dir, 5.000 euros a trav\u00e9s d&#8217;un criteri proporcional al nombre d&#8217;habitants censats a la urbanitzaci\u00f3 d&#8217;acord amb les dades del padr\u00f3 municipal i l&#8217;altre 50%, els 5.000 euros restants, de forma equitatiu entre el nombre d&#8217;associacions que presente sol\u00b7licitud dins del termini.<\/p>\n\n\n\n<p>L&#8217;alcalde de Riba-roja de T\u00faria, Robert Raga, ha afirmat que aquesta concessi\u00f3 de subvencions econ\u00f2miques \u201c\u00e9s una via essencial perqu\u00e8 les associacions de ve\u00efns puguen desenvolupar-se i dur a terme les funcions originals per a les quals es van crear i van constituir en el seu moment, per aix\u00f2, des de l&#8217;ajuntament som conscients de la seua import\u00e0ncia com a garants de desenvolupament de la vida en les aquelles \u00e0rees residencials\u201d.<\/p>\n\n\n\n<p><\/p>\n","protected":false},"excerpt":{"rendered":"<div class=\"mh-excerpt\">La Junta de Govern aprova la concessi\u00f3 de les subvencions mitjan\u00e7ant el procediment de concurr\u00e8ncia competitiva de foment de l&#8217;associacionisme. L&#8217;Ajuntament de Riba-roja de T\u00faria ha aprovat la concessi\u00f3 de les subvencions econ\u00f2miques mitjan\u00e7ant el <a class=\"mh-excerpt-more\" href=\"https:\/\/www.tucomarca.com\/wordpress\/segunda\/ca\/riba-roja-de-turia-adjudica-10-000-euros-a-les-entitats-veinals-per-a-promoure-i-fomentar-les-activitats-socials-i-culturals\/\" title=\"Riba-roja de T\u00faria adjudica 10.000 euros a les entitats ve\u00efnals per a promoure i fomentar les activitats socials i culturals\">[+] <\/a><\/div>\n","protected":false},"author":12,"featured_media":224901,"comment_status":"open","ping_status":"open","sticky":false,"template":"","format":"standard","meta":{"footnotes":""},"categories":[10892,10948,10894,10947,10906,10896],"tags":[10899,15024],"class_list":{"0":"post-224902","1":"post","2":"type-post","3":"status-publish","4":"format-standard","5":"has-post-thumbnail","7":"category-camp-de-turia-ca","8":"category-infraestructuras-ca","9":"category-la-comarca-ca","10":"category-politica","11":"category-riba-roja-ca","12":"category-seccion-ca","13":"tag-camp-de-turia-ca","14":"tag-riba-roja-de-turia-ca"},"_links":{"self":[{"href":"https:\/\/www.tucomarca.com\/wordpress\/segunda\/ca\/wp-json\/wp\/v2\/posts\/224902","targetHints":{"allow":["GET"]}}],"collection":[{"href":"https:\/\/www.tucomarca.com\/wordpress\/segunda\/ca\/wp-json\/wp\/v2\/posts"}],"about":[{"href":"https:\/\/www.tucomarca.com\/wordpress\/segunda\/ca\/wp-json\/wp\/v2\/types\/post"}],"author":[{"embeddable":true,"href":"https:\/\/www.tucomarca.com\/wordpress\/segunda\/ca\/wp-json\/wp\/v2\/users\/12"}],"replies":[{"embeddable":true,"href":"https:\/\/www.tucomarca.com\/wordpress\/segunda\/ca\/wp-json\/wp\/v2\/comments?post=224902"}],"version-history":[{"count":0,"href":"https:\/\/www.tucomarca.com\/wordpress\/segunda\/ca\/wp-json\/wp\/v2\/posts\/224902\/revisions"}],"wp:featuredmedia":[{"embeddable":true,"href":"https:\/\/www.tucomarca.com\/wordpress\/segunda\/ca\/wp-json\/wp\/v2\/media\/224901"}],"wp:attachment":[{"href":"https:\/\/www.tucomarca.com\/wordpress\/segunda\/ca\/wp-json\/wp\/v2\/media?parent=224902"}],"wp:term":[{"taxonomy":"category","embeddable":true,"href":"https:\/\/www.tucomarca.com\/wordpress\/segunda\/ca\/wp-json\/wp\/v2\/categories?post=224902"},{"taxonomy":"post_tag","embeddable":true,"href":"https:\/\/www.tucomarca.com\/wordpress\/segunda\/ca\/wp-json\/wp\/v2\/tags?post=224902"}],"curies":[{"name":"wp","href":"https:\/\/api.w.org\/{rel}","templated":true}]}}