{"id":224997,"date":"2024-05-31T11:15:00","date_gmt":"2024-05-31T09:15:00","guid":{"rendered":"https:\/\/www.tucomarca.com\/wordpress\/segunda\/?p=224997"},"modified":"2024-05-31T14:23:49","modified_gmt":"2024-05-31T12:23:49","slug":"el-director-general-de-desenvolupament-rural-i-lalcalde-dutiel-clausuren-les-i-jornades-de-difusio-de-la-cultura-vitivinicola-en-leducacio-de-la-comarca","status":"publish","type":"post","link":"https:\/\/www.tucomarca.com\/wordpress\/segunda\/ca\/el-director-general-de-desenvolupament-rural-i-lalcalde-dutiel-clausuren-les-i-jornades-de-difusio-de-la-cultura-vitivinicola-en-leducacio-de-la-comarca\/","title":{"rendered":"El Director General de Desenvolupament Rural i l&#8217;alcalde d&#8217;Utiel clausuren les I Jornades de Difusi\u00f3 de la Cultura Vitivin\u00edcola en l&#8217;Educaci\u00f3 de la comarca"},"content":{"rendered":"\n<p>Durant les sessions del dimarts 28 i el dimecres 29 de maig, la Casa de Cultura d&#8217;Utiel ha acollit interessants tallers i confer\u00e8ncies sobre passat i present del sector vitivin\u00edcola de la zona. Els participants han intercanviat experi\u00e8ncies sobre el projecte d&#8217;investigaci\u00f3 i innovaci\u00f3 educativa (PIIE) dels 5 centres educatius de secund\u00e0ria d&#8217;Utiel i Requena.<\/p>\n\n\n\n<p>Ahir conclo\u00efen les I Jornades de Difusi\u00f3 de la Cultura Vitivin\u00edcola en l&#8217;Educaci\u00f3 de la Comarca Utiel-Requena organitzades pels 5 centres d&#8217;educaci\u00f3 secund\u00e0ria de la nostra comarca en col\u00b7laboraci\u00f3 amb la DO Utiel-Requena amb l&#8217;objectiu de divulgar i posar en valor la riquesa de patrimoni vitivin\u00edcola d&#8217;aquesta regi\u00f3.<\/p>\n\n\n\n<p>L&#8217;acte de clausura va comptar amb la participaci\u00f3 de l&#8217;alcalde d&#8217;Utiel, Ricardo Gabald\u00f3n i del director general de Desenvolupament Rural, Francisco Javier Benito.<\/p>\n\n\n\n<p>En primer lloc, l&#8217;alcalde d&#8217;Utiel va remarcar la necessitat de \u201cprevaldre\u201d el sector primari per a enfortir el principal motor econ\u00f2mic d&#8217;Utiel i de la comarca i generar oportunitats per a les noves generacions. Ricardo Gabald\u00f3n va agrair la predisposici\u00f3 de la Conselleria d&#8217;Agricultura per a fer costat al sector agrari i ramader d&#8217;Utiel i comarca i va remarcar la labor desenvolupada pels centres educatius i el CRDO Utiel Requena per a difondre el potencial i l&#8217;arrelament de la viticultura en aquesta zona.<\/p>\n\n\n\n<figure class=\"wp-block-image size-full\"><img loading=\"lazy\" decoding=\"async\" width=\"886\" height=\"886\" src=\"http:\/\/www.tucomarca.com\/wordpress\/segunda\/wp-content\/uploads\/2024\/05\/UtielCultVitivinicola.jpg\" alt=\"\" class=\"wp-image-224993\" srcset=\"https:\/\/www.tucomarca.com\/wordpress\/segunda\/wp-content\/uploads\/2024\/05\/UtielCultVitivinicola.jpg 886w, https:\/\/www.tucomarca.com\/wordpress\/segunda\/wp-content\/uploads\/2024\/05\/UtielCultVitivinicola-300x300.jpg 300w, https:\/\/www.tucomarca.com\/wordpress\/segunda\/wp-content\/uploads\/2024\/05\/UtielCultVitivinicola-290x290.jpg 290w, https:\/\/www.tucomarca.com\/wordpress\/segunda\/wp-content\/uploads\/2024\/05\/UtielCultVitivinicola-768x768.jpg 768w\" sizes=\"auto, (max-width: 886px) 100vw, 886px\" \/><\/figure>\n\n\n\n<p>Per la seua part el director general de Desenvolupament Rural, Francisco Javier Benito, va manifestar el comprom\u00eds de la Generalitat amb l&#8217;agricultura i la ramaderia de la comarca i va criticar algunes pol\u00edtiques europees que s&#8217;estan aplicant en el sector com el denominat Pacte Verd.<br>Benito va elogiar el treball desenvolupat per les diferents entitats de la comarca per a promoure i reivindicar la riquesa i potencial de l&#8217;\u00e0mbit vitivin\u00edcola a la comarca i va manifestar l&#8217;impacte que tindran a Europa.<\/p>\n\n\n\n<p><strong>Dos dies intensos de divulgaci\u00f3 de la cultura vitivin\u00edcola<\/strong><\/p>\n\n\n\n<p>Dimarts passat, arrancaven les Jornades amb la inauguraci\u00f3 de l&#8217;exposici\u00f3 commemorativa i l&#8217;obertura a c\u00e0rrec de la directora general d&#8217;Innovaci\u00f3 i Inclusi\u00f3 Educativa, Rosario Escrig, l&#8217;alcalde d&#8217;Utiel, Ricardo Gabald\u00f3n i el president Del CRDO Utiel-Requena, Jos\u00e9 Miguel Medina.<\/p>\n\n\n\n<p>Dos dies intensos de divulgaci\u00f3 de la cultura vitivin\u00edcola en els quals la Casa de Cultura d&#8217;Utiel s&#8217;ha convertit en centre divulgatiu de la hist\u00f2ria i evoluci\u00f3 del sector, aix\u00ed com d&#8217;an\u00e0lisi i estudi de les oportunitats de futur del principal motor econ\u00f2mic de la comarca.<\/p>\n\n\n\n<p>Interessants tallers i confer\u00e8ncies per a divulgar i posar en valor el territori vitivin\u00edcola de la zona i al seu torn reflexionar i intercanviar experi\u00e8ncies al voltant del projecte d&#8217;investigaci\u00f3 i innovaci\u00f3 educativa (PIIE) que duen a terme els 5 centres educatius de secund\u00e0ria d&#8217;Utiel i Requena per a posar l&#8217;accent en la import\u00e0ncia del sector vitivin\u00edcola en aquesta zona amb un arrelament i tradici\u00f3 mil\u00b7len\u00e0ria<\/p>\n","protected":false},"excerpt":{"rendered":"<div class=\"mh-excerpt\">Durant les sessions del dimarts 28 i el dimecres 29 de maig, la Casa de Cultura d&#8217;Utiel ha acollit interessants tallers i confer\u00e8ncies sobre passat i present del sector vitivin\u00edcola de la zona. Els participants <a class=\"mh-excerpt-more\" href=\"https:\/\/www.tucomarca.com\/wordpress\/segunda\/ca\/el-director-general-de-desenvolupament-rural-i-lalcalde-dutiel-clausuren-les-i-jornades-de-difusio-de-la-cultura-vitivinicola-en-leducacio-de-la-comarca\/\" title=\"El Director General de Desenvolupament Rural i l&#8217;alcalde d&#8217;Utiel clausuren les I Jornades de Difusi\u00f3 de la Cultura Vitivin\u00edcola en l&#8217;Educaci\u00f3 de la comarca\">[+] <\/a><\/div>\n","protected":false},"author":12,"featured_media":225010,"comment_status":"open","ping_status":"open","sticky":false,"template":"","format":"gallery","meta":{"footnotes":""},"categories":[11006,10898,10894,11007,10909,10896,11059],"tags":[10910,11174],"class_list":{"0":"post-224997","1":"post","2":"type-post","3":"status-publish","4":"format-gallery","5":"has-post-thumbnail","7":"category-canal-vinos","8":"category-ventana-ca","9":"category-la-comarca-ca","10":"category-ocio-y-cultura-ca","11":"category-requena-utiel-ca","12":"category-seccion-ca","13":"category-utiel-ca","14":"tag-requena-utiel-ca","15":"tag-utiel-ca","16":"post_format-post-format-gallery"},"_links":{"self":[{"href":"https:\/\/www.tucomarca.com\/wordpress\/segunda\/ca\/wp-json\/wp\/v2\/posts\/224997","targetHints":{"allow":["GET"]}}],"collection":[{"href":"https:\/\/www.tucomarca.com\/wordpress\/segunda\/ca\/wp-json\/wp\/v2\/posts"}],"about":[{"href":"https:\/\/www.tucomarca.com\/wordpress\/segunda\/ca\/wp-json\/wp\/v2\/types\/post"}],"author":[{"embeddable":true,"href":"https:\/\/www.tucomarca.com\/wordpress\/segunda\/ca\/wp-json\/wp\/v2\/users\/12"}],"replies":[{"embeddable":true,"href":"https:\/\/www.tucomarca.com\/wordpress\/segunda\/ca\/wp-json\/wp\/v2\/comments?post=224997"}],"version-history":[{"count":0,"href":"https:\/\/www.tucomarca.com\/wordpress\/segunda\/ca\/wp-json\/wp\/v2\/posts\/224997\/revisions"}],"wp:featuredmedia":[{"embeddable":true,"href":"https:\/\/www.tucomarca.com\/wordpress\/segunda\/ca\/wp-json\/wp\/v2\/media\/225010"}],"wp:attachment":[{"href":"https:\/\/www.tucomarca.com\/wordpress\/segunda\/ca\/wp-json\/wp\/v2\/media?parent=224997"}],"wp:term":[{"taxonomy":"category","embeddable":true,"href":"https:\/\/www.tucomarca.com\/wordpress\/segunda\/ca\/wp-json\/wp\/v2\/categories?post=224997"},{"taxonomy":"post_tag","embeddable":true,"href":"https:\/\/www.tucomarca.com\/wordpress\/segunda\/ca\/wp-json\/wp\/v2\/tags?post=224997"}],"curies":[{"name":"wp","href":"https:\/\/api.w.org\/{rel}","templated":true}]}}