{"id":225234,"date":"2024-06-03T08:30:00","date_gmt":"2024-06-03T06:30:00","guid":{"rendered":"https:\/\/www.tucomarca.com\/wordpress\/segunda\/?p=225234"},"modified":"2024-06-03T19:08:30","modified_gmt":"2024-06-03T17:08:30","slug":"la-unio-denuncia-que-els-camps-estan-plens-de-restes-de-poda-per-les-restriccions-i-insensibilitat-de-la-generalitat-en-les-cremes-agricoles","status":"publish","type":"post","link":"https:\/\/www.tucomarca.com\/wordpress\/segunda\/ca\/la-unio-denuncia-que-els-camps-estan-plens-de-restes-de-poda-per-les-restriccions-i-insensibilitat-de-la-generalitat-en-les-cremes-agricoles\/","title":{"rendered":"La Uni\u00f3 denuncia que els camps estan plens de restes de poda per les restriccions i insensibilitat de la Generalitat en les cremes agr\u00edcoles"},"content":{"rendered":"\n<h3 class=\"wp-block-heading\">Ara, sense poder cremar des del 15 d&#8217;abril al 15 de juny, s\u00f3n un focus per a incendis i la proliferaci\u00f3 de fauna salvatge.<\/h3>\n\n\n\n<p>La Uni\u00f3 de Llauradora ha elaborat un estudi on demostra que en bastants dies de la prohibici\u00f3 de cremes agr\u00edcoles en la Comunitat Valenciana s&#8217;haguera pogut realitzar aquesta pr\u00e0ctica d&#8217;acord amb els propis avisos diaris per perill d&#8217;incendis de Preemerg\u00e8ncies de la Generalitat.<\/p>\n\n\n\n<p>La prohibici\u00f3 de cremes agr\u00edcoles a menys de 500 metres de terrenys forestals es va fer efectiva amb una resoluci\u00f3 de la Direcci\u00f3 de Prevenci\u00f3 d&#8217;Incendis Forestals de la Conselleria de Just\u00edcia el passat 15 d&#8217;abril i s&#8217;est\u00e9n fins al 15 d&#8217;octubre, quan l&#8217;habitual fins a la data \u00e9s que el per\u00edode que el sector ja tenia assumit que no es podia cremar era des de l&#8217;1 de juny fins al 15 d&#8217;octubre.<\/p>\n\n\n\n<p>Mentre el per\u00edode habitual que el sector no podia cremar era de 136 dies, amb la prohibici\u00f3 d&#8217;enguany ha sigut al final de 183 dies, 47 dies m\u00e9s de prohibici\u00f3. Aquests dies a m\u00e9s han coincidit amb l&#8217;\u00e8poca on s&#8217;efectuen les podes i es generen m\u00e9s restes agr\u00edcoles que, majorit\u00e0riament, es trituren per a incorporar-los al s\u00f2l o serveixen de coberta vegetal inerta. No obstant aix\u00f2, hi ha altres llocs on per dificultats d&#8217;acc\u00e9s a les parcel\u00b7les, impossibilitat d&#8217;entrar maquin\u00e0ria en camp o circumst\u00e0ncies de les pr\u00e0ctiques de cultiu no es pot triturar. All\u00ed, la pres\u00e8ncia de restes de poda pot suposar un polvor\u00ed per a incendis durant l&#8217;estiu i m\u00e9s ara que ja s&#8217;han assecat, un cau per a plagues com per exemple el conill que provoca danys en els cultius i per a facilitar els treballs en la parcel\u00b7la aquestes restes es poden acumular en els l\u00edmits d&#8217;aquesta o barrancs, incrementant encara m\u00e9s el perill d&#8217;incendis.<\/p>\n\n\n\n<p>La Comunitat Valenciana est\u00e0 dividida en 7 zones de Preemerg\u00e8ncies: 1N Castell\u00f3 nord interior, 1S Castell\u00f3 sud interior, 2 Castell\u00f3 litoral, 3 Val\u00e8ncia interior, 4 Val\u00e8ncia litoral, 5 Alacant nord i Val\u00e8ncia sud i 6 Alacant sud. I existeixen tres nivells de risc: 1 Baix\/mitj\u00e0, 2 Alt i 3 Extrem. Amb aquestes premisses, durant els 47 de prohibici\u00f3, s&#8217;hauria pogut cremar perqu\u00e8 no hi havia risc d&#8217;incendi els seg\u00fcents dies segons l&#8217;estudi de La Uni\u00f3:<\/p>\n\n\n\n<p>Zona 1N: 21 dies, el 45% dels dies, per exemple, a l&#8217;Alt Maestrat<\/p>\n\n\n\n<p>Zona 1S: 27 dies, el 57% dels dies, per exemple, en l&#8217;Alto Palancia<\/p>\n\n\n\n<p>Zona 2: 32 dies, el 68% dels dies, per exemple, al Baix Maestrat i Plana Alta i Baixa<\/p>\n\n\n\n<p>Zona 3: 18 dies, el 38% dels dies, per exemple, a Utiel-Requena o Ribera Alta<\/p>\n\n\n\n<p>Zona 4: 28 dies, el 60% dels dies, per exemple, a l&#8217;Horta Nord<\/p>\n\n\n\n<p>Zona 5: 14 dies, el 30% dels dies, per exemple, a la Vall d&#8217;Albaida o Marina Alta i Baixa<\/p>\n\n\n\n<p>Zona 6; 25 dies, el 53% dels dies, per exemple, a la Vega Baja<\/p>\n\n\n\n<p>El sistema actual, com ha denunciat de manera reiterada La Uni\u00f3, no \u00e9s efectiu perqu\u00e8 la prohibici\u00f3 ha sigut total quan, en funci\u00f3 de les alertes per perill d&#8217;incendis que publica di\u00e0riament Preemerg\u00e8ncies de la GVA o per l&#8217;abs\u00e8ncia d&#8217;aquestes alertes al no haver-hi perill, s&#8217;haguera pogut cremar en moltes zones i durant molts dies. La Uni\u00f3 considera que en aquests dies el sector agrari tenia temps suficient per a gestionar les restes agr\u00edcoles mitjan\u00e7ant la crema en aquelles parcel\u00b7les on no es pot triturar i no s&#8217;ha perm\u00e9s tal com s\u00ed que es va fer l&#8217;any passat amb l&#8217;anterior govern del Bot\u00e0nic, on malgrat les prohibicions en la mateixa \u00e8poca es van obrir per\u00edodes per a poder cremar i rebaixar la dist\u00e0ncia de prohibici\u00f3 a 100 metres.<\/p>\n\n\n\n<p>Durant aquests 47 dies de prohibici\u00f3 afegida, la Generalitat, a trav\u00e9s de la Conselleria de Just\u00edcia, no ha fet cas a dues peticions de La Uni\u00f3, una per a rebaixar la prohibici\u00f3 en situaci\u00f3 d&#8217;abs\u00e8ncia d&#8217;alerta per incendi a 100 metres de zona forestal i una altra per a una reuni\u00f3 conjunta entre les Conselleries d&#8217;Agricultura i Just\u00edcia i el sector per a buscar vies de col\u00b7laboraci\u00f3 i gesti\u00f3 d&#8217;aquestes restes agr\u00edcoles abans de l&#8217;1 de juny. Totes dues Conselleries estan en mans de Vox, qui a l&#8217;oposici\u00f3 criticava durament la prohibici\u00f3 de cremes del Govern anterior. Carles Peris, secretari general de La Uni, indica que \u201cel per\u00edode d&#8217;autoritzaci\u00f3 de cremes agr\u00edcoles ha d&#8217;adaptar-se a la realitat agr\u00edcola de cada any i zona segons les necessitats de les localitats i sobretot a circumst\u00e0ncies meteorol\u00f2giques. Aquest Govern PP-Vox que denunciava tant les limitacions i prohibicions de l&#8217;anterior, \u00e9s ara molt m\u00e9s restrictiu i insensible amb les cremes que l&#8217;anterior i sense plantejar o apostar per alternatives viables\u201d.<\/p>\n","protected":false},"excerpt":{"rendered":"<div class=\"mh-excerpt\">Ara, sense poder cremar des del 15 d&#8217;abril al 15 de juny, s\u00f3n un focus per a incendis i la proliferaci\u00f3 de fauna salvatge. La Uni\u00f3 de Llauradora ha elaborat un estudi on demostra que <a class=\"mh-excerpt-more\" href=\"https:\/\/www.tucomarca.com\/wordpress\/segunda\/ca\/la-unio-denuncia-que-els-camps-estan-plens-de-restes-de-poda-per-les-restriccions-i-insensibilitat-de-la-generalitat-en-les-cremes-agricoles\/\" title=\"La Uni\u00f3 denuncia que els camps estan plens de restes de poda per les restriccions i insensibilitat de la Generalitat en les cremes agr\u00edcoles\">[+] <\/a><\/div>\n","protected":false},"author":12,"featured_media":225233,"comment_status":"open","ping_status":"open","sticky":false,"template":"","format":"standard","meta":{"footnotes":""},"categories":[10905,10948,10894,10904,10947,10909,10896],"tags":[18022,17111],"class_list":{"0":"post-225234","1":"post","2":"type-post","3":"status-publish","4":"format-standard","5":"has-post-thumbnail","7":"category-agricultura-la-comarca-ca","8":"category-infraestructuras-ca","9":"category-la-comarca-ca","10":"category-sin-categorizar-ca","11":"category-politica","12":"category-requena-utiel-ca","13":"category-seccion-ca","14":"tag-la-unio-llauradora-ca","15":"tag-restos-de-poda-ca"},"_links":{"self":[{"href":"https:\/\/www.tucomarca.com\/wordpress\/segunda\/ca\/wp-json\/wp\/v2\/posts\/225234","targetHints":{"allow":["GET"]}}],"collection":[{"href":"https:\/\/www.tucomarca.com\/wordpress\/segunda\/ca\/wp-json\/wp\/v2\/posts"}],"about":[{"href":"https:\/\/www.tucomarca.com\/wordpress\/segunda\/ca\/wp-json\/wp\/v2\/types\/post"}],"author":[{"embeddable":true,"href":"https:\/\/www.tucomarca.com\/wordpress\/segunda\/ca\/wp-json\/wp\/v2\/users\/12"}],"replies":[{"embeddable":true,"href":"https:\/\/www.tucomarca.com\/wordpress\/segunda\/ca\/wp-json\/wp\/v2\/comments?post=225234"}],"version-history":[{"count":0,"href":"https:\/\/www.tucomarca.com\/wordpress\/segunda\/ca\/wp-json\/wp\/v2\/posts\/225234\/revisions"}],"wp:featuredmedia":[{"embeddable":true,"href":"https:\/\/www.tucomarca.com\/wordpress\/segunda\/ca\/wp-json\/wp\/v2\/media\/225233"}],"wp:attachment":[{"href":"https:\/\/www.tucomarca.com\/wordpress\/segunda\/ca\/wp-json\/wp\/v2\/media?parent=225234"}],"wp:term":[{"taxonomy":"category","embeddable":true,"href":"https:\/\/www.tucomarca.com\/wordpress\/segunda\/ca\/wp-json\/wp\/v2\/categories?post=225234"},{"taxonomy":"post_tag","embeddable":true,"href":"https:\/\/www.tucomarca.com\/wordpress\/segunda\/ca\/wp-json\/wp\/v2\/tags?post=225234"}],"curies":[{"name":"wp","href":"https:\/\/api.w.org\/{rel}","templated":true}]}}