{"id":225330,"date":"2024-06-04T12:00:00","date_gmt":"2024-06-04T10:00:00","guid":{"rendered":"https:\/\/www.tucomarca.com\/wordpress\/segunda\/?p=225330"},"modified":"2024-06-04T13:05:48","modified_gmt":"2024-06-04T11:05:48","slug":"benaguasil-potencia-lactivitat-fisica-a-laire-lliure-amb-salut-al-teu-barri","status":"publish","type":"post","link":"https:\/\/www.tucomarca.com\/wordpress\/segunda\/ca\/benaguasil-potencia-lactivitat-fisica-a-laire-lliure-amb-salut-al-teu-barri\/","title":{"rendered":"Benaguasil pot\u00e8ncia l&#8217;activitat f\u00edsica a l&#8217;aire lliure amb \u2018Salut al teu barri\u2019"},"content":{"rendered":"\n<h3 class=\"wp-block-heading\">Aquesta iniciativa es desenvolupar\u00e0 des del dia 8 de juny fins al 13 de juliol al parc dels Eres.<\/h3>\n\n\n\n<h3 class=\"wp-block-heading\">Pilates, ioga i stretching s\u00f3n les propostes del programa municipal.<\/h3>\n\n\n\n<p>L&#8217;Ajuntament de Benaguasil posar\u00e0 en marxa una nova edici\u00f3 de &#8220;Salut al teu barri&#8221;, un programa d&#8217;activitats pensades per a fomentar entre la ciutadania la pr\u00e0ctica d&#8217;exercici f\u00edsic a l&#8217;aire lliure i incorporar h\u00e0bits esportius.<\/p>\n\n\n\n<p>Les sessions es duran a terme els dissabtes al mat\u00ed i l&#8217;activitat, impartida per monitors del Centre Esportiu Hidrotermal, est\u00e0 oberta a participants de totes les edats.<\/p>\n\n\n\n<p>El programa, de car\u00e0cter gratu\u00eft, es desenvolupar\u00e0 del 8 de juny al 13 de juliol al parc dels Eres i inclou sessions de pilates, ioga i stretching.<\/p>\n\n\n\n<p>L&#8217;objectiu \u00e9s animar als ve\u00efns a realitzar activitat f\u00edsica i esport a l&#8217;aire lliure, potenciant les zones verdes municipals. Des de l&#8217;Ajuntament han assenyalat que \u201cun any m\u00e9s posem en marxa aquest programa en espais p\u00fablics per a promocionar l&#8217;exercici f\u00edsic com un dels components fonamentals d&#8217;un estil de vida saludable\u201d.<\/p>\n\n\n\n<figure class=\"wp-block-image size-large\"><img loading=\"lazy\" decoding=\"async\" width=\"724\" height=\"1024\" src=\"http:\/\/www.tucomarca.com\/wordpress\/segunda\/wp-content\/uploads\/2024\/06\/Benaguasilsalutbarri-724x1024.jpg\" alt=\"\" class=\"wp-image-225327\" srcset=\"https:\/\/www.tucomarca.com\/wordpress\/segunda\/wp-content\/uploads\/2024\/06\/Benaguasilsalutbarri-724x1024.jpg 724w, https:\/\/www.tucomarca.com\/wordpress\/segunda\/wp-content\/uploads\/2024\/06\/Benaguasilsalutbarri-212x300.jpg 212w, https:\/\/www.tucomarca.com\/wordpress\/segunda\/wp-content\/uploads\/2024\/06\/Benaguasilsalutbarri-768x1086.jpg 768w, https:\/\/www.tucomarca.com\/wordpress\/segunda\/wp-content\/uploads\/2024\/06\/Benaguasilsalutbarri-1086x1536.jpg 1086w, https:\/\/www.tucomarca.com\/wordpress\/segunda\/wp-content\/uploads\/2024\/06\/Benaguasilsalutbarri-1448x2048.jpg 1448w, https:\/\/www.tucomarca.com\/wordpress\/segunda\/wp-content\/uploads\/2024\/06\/Benaguasilsalutbarri.jpg 1587w\" sizes=\"auto, (max-width: 724px) 100vw, 724px\" \/><\/figure>\n","protected":false},"excerpt":{"rendered":"<div class=\"mh-excerpt\">Aquesta iniciativa es desenvolupar\u00e0 des del dia 8 de juny fins al 13 de juliol al parc dels Eres. Pilates, ioga i stretching s\u00f3n les propostes del programa municipal. L&#8217;Ajuntament de Benaguasil posar\u00e0 en marxa <a class=\"mh-excerpt-more\" href=\"https:\/\/www.tucomarca.com\/wordpress\/segunda\/ca\/benaguasil-potencia-lactivitat-fisica-a-laire-lliure-amb-salut-al-teu-barri\/\" title=\"Benaguasil pot\u00e8ncia l&#8217;activitat f\u00edsica a l&#8217;aire lliure amb \u2018Salut al teu barri\u2019\">[+] <\/a><\/div>\n","protected":false},"author":1,"featured_media":225328,"comment_status":"open","ping_status":"open","sticky":false,"template":"","format":"standard","meta":{"footnotes":""},"categories":[11019,10952,10892,11010,10948,10894,10896],"tags":[11136,10899],"class_list":{"0":"post-225330","1":"post","2":"type-post","3":"status-publish","4":"format-standard","5":"has-post-thumbnail","7":"category-agenda-ca","8":"category-benaguasil-ca","9":"category-camp-de-turia-ca","10":"category-canal-salud","11":"category-infraestructuras-ca","12":"category-la-comarca-ca","13":"category-seccion-ca","14":"tag-benaguasil-ca","15":"tag-camp-de-turia-ca"},"_links":{"self":[{"href":"https:\/\/www.tucomarca.com\/wordpress\/segunda\/ca\/wp-json\/wp\/v2\/posts\/225330","targetHints":{"allow":["GET"]}}],"collection":[{"href":"https:\/\/www.tucomarca.com\/wordpress\/segunda\/ca\/wp-json\/wp\/v2\/posts"}],"about":[{"href":"https:\/\/www.tucomarca.com\/wordpress\/segunda\/ca\/wp-json\/wp\/v2\/types\/post"}],"author":[{"embeddable":true,"href":"https:\/\/www.tucomarca.com\/wordpress\/segunda\/ca\/wp-json\/wp\/v2\/users\/1"}],"replies":[{"embeddable":true,"href":"https:\/\/www.tucomarca.com\/wordpress\/segunda\/ca\/wp-json\/wp\/v2\/comments?post=225330"}],"version-history":[{"count":0,"href":"https:\/\/www.tucomarca.com\/wordpress\/segunda\/ca\/wp-json\/wp\/v2\/posts\/225330\/revisions"}],"wp:featuredmedia":[{"embeddable":true,"href":"https:\/\/www.tucomarca.com\/wordpress\/segunda\/ca\/wp-json\/wp\/v2\/media\/225328"}],"wp:attachment":[{"href":"https:\/\/www.tucomarca.com\/wordpress\/segunda\/ca\/wp-json\/wp\/v2\/media?parent=225330"}],"wp:term":[{"taxonomy":"category","embeddable":true,"href":"https:\/\/www.tucomarca.com\/wordpress\/segunda\/ca\/wp-json\/wp\/v2\/categories?post=225330"},{"taxonomy":"post_tag","embeddable":true,"href":"https:\/\/www.tucomarca.com\/wordpress\/segunda\/ca\/wp-json\/wp\/v2\/tags?post=225330"}],"curies":[{"name":"wp","href":"https:\/\/api.w.org\/{rel}","templated":true}]}}