{"id":225466,"date":"2024-06-05T09:00:00","date_gmt":"2024-06-05T07:00:00","guid":{"rendered":"https:\/\/www.tucomarca.com\/wordpress\/segunda\/?p=225466"},"modified":"2024-06-05T11:36:12","modified_gmt":"2024-06-05T09:36:12","slug":"lajuntament-dutiel-felicita-a-kevin-koffi-i-carolina-lozano-pels-seus-assoliments-en-el-campionat-despanya-de-kick-boxing","status":"publish","type":"post","link":"https:\/\/www.tucomarca.com\/wordpress\/segunda\/ca\/lajuntament-dutiel-felicita-a-kevin-koffi-i-carolina-lozano-pels-seus-assoliments-en-el-campionat-despanya-de-kick-boxing\/","title":{"rendered":"L&#8217;Ajuntament d&#8217;Utiel felicita a Kevin Koffi i Carolina Lozano pels seus assoliments en el Campionat d&#8217;Espanya de Kick-boxing"},"content":{"rendered":"\n<h3 class=\"wp-block-heading\">L&#8217;alcalde Utiel, Ricardo Gabald\u00f3n, ha felicitat tots dos esportistes per l&#8217;esfor\u00e7 i esperit de superaci\u00f3 demostrat durant la competici\u00f3.<\/h3>\n\n\n\n<h3 class=\"wp-block-heading\">El campi\u00f3 del m\u00f3n, Kevin Koffi, suma al seu palmar\u00e9s 2 medalles d&#8217;or i la medalla al m\u00e8rit ol\u00edmpic del COE. L&#8217;esportista utielana, Carolina Lozano, tamb\u00e9 es classificava en 5a posici\u00f3 en la modalitat de Kick Light S\u00e8nior -50kg.<\/h3>\n\n\n\n<p>L&#8217;Ajuntament d&#8217;Utiel ha traslladat la seua m\u00e9s sincera enhorabona a Kevin Koffi i Carolina Lozano pels assoliments obtinguts en el Campionat d&#8217;Espanya de Kick-boxing disputat el passat cap de setmana a Guadalajara.<\/p>\n\n\n<div class=\"wp-block-image\">\n<figure class=\"alignleft size-full is-resized\"><img loading=\"lazy\" decoding=\"async\" width=\"886\" height=\"964\" src=\"http:\/\/www.tucomarca.com\/wordpress\/segunda\/wp-content\/uploads\/2024\/06\/KevinKoffi-COE.jpg\" alt=\"\" class=\"wp-image-225463\" style=\"width:356px;height:auto\" srcset=\"https:\/\/www.tucomarca.com\/wordpress\/segunda\/wp-content\/uploads\/2024\/06\/KevinKoffi-COE.jpg 886w, https:\/\/www.tucomarca.com\/wordpress\/segunda\/wp-content\/uploads\/2024\/06\/KevinKoffi-COE-276x300.jpg 276w, https:\/\/www.tucomarca.com\/wordpress\/segunda\/wp-content\/uploads\/2024\/06\/KevinKoffi-COE-768x836.jpg 768w\" sizes=\"auto, (max-width: 886px) 100vw, 886px\" \/><\/figure>\n<\/div>\n\n\n<p>El campi\u00f3 del m\u00f3n, el utielano Kevin Koffi, continua pujant-se al primer lloc del podi amb dues medalles d&#8217;or, una de la modalitat Kick Light i una altra en Point Fifht.<\/p>\n\n\n\n<p>I l&#8217;esportista utielana, Carolina Lozano finalitzava la seua extraordin\u00e0ria participaci\u00f3 en el campionat espanyol al\u00e7ant-se amb la 5a posici\u00f3 en la modalitat Kick Light S\u00e8nior -50kg<\/p>\n\n\n\n<p>A m\u00e9s, Kevin Koffi rebia en el Comit\u00e9 Ol\u00edmpic Espanyol de la m\u00e0 del seu president, Alejandro Blanco, la prestigiosa Medalla al M\u00e8rit Ol\u00edmpic.<\/p>\n\n\n\n<p>L&#8217;alcalde d&#8217;Utiel , Ricardo Gabald\u00f3n ha felicitat els 2 esportistes en nom de tots els utielanos i ha destacat el gran esfor\u00e7 i esperit de superaci\u00f3 que han demostrat en cada competici\u00f3 per a complir els seus somnis: \u201cSou un orgull per a tots els ve\u00efns i ve\u00efnes d&#8217;Utiel per exemplificar els valors que defineixen l&#8217;esport: sacrifici, esfor\u00e7, superaci\u00f3 i competitivitat, i que a m\u00e9s, serveixen d&#8217;exemple per a motivar a molts dels nostres joves a integrar aquests valors en el seu dia a dia\u201d.<\/p>\n","protected":false},"excerpt":{"rendered":"<div class=\"mh-excerpt\">L&#8217;alcalde Utiel, Ricardo Gabald\u00f3n, ha felicitat tots dos esportistes per l&#8217;esfor\u00e7 i esperit de superaci\u00f3 demostrat durant la competici\u00f3. El campi\u00f3 del m\u00f3n, Kevin Koffi, suma al seu palmar\u00e9s 2 medalles d&#8217;or i la medalla <a class=\"mh-excerpt-more\" href=\"https:\/\/www.tucomarca.com\/wordpress\/segunda\/ca\/lajuntament-dutiel-felicita-a-kevin-koffi-i-carolina-lozano-pels-seus-assoliments-en-el-campionat-despanya-de-kick-boxing\/\" title=\"L&#8217;Ajuntament d&#8217;Utiel felicita a Kevin Koffi i Carolina Lozano pels seus assoliments en el Campionat d&#8217;Espanya de Kick-boxing\">[+] <\/a><\/div>\n","protected":false},"author":12,"featured_media":225462,"comment_status":"open","ping_status":"open","sticky":false,"template":"","format":"standard","meta":{"footnotes":""},"categories":[11003,10894,11009,10909,10896,11059],"tags":[15705,10910,11174],"class_list":{"0":"post-225466","1":"post","2":"type-post","3":"status-publish","4":"format-standard","5":"has-post-thumbnail","7":"category-sports","8":"category-la-comarca-ca","9":"category-polideportivo-ca","10":"category-requena-utiel-ca","11":"category-seccion-ca","12":"category-utiel-ca","13":"tag-kevin-koffi-illueca-ca","14":"tag-requena-utiel-ca","15":"tag-utiel-ca"},"_links":{"self":[{"href":"https:\/\/www.tucomarca.com\/wordpress\/segunda\/ca\/wp-json\/wp\/v2\/posts\/225466","targetHints":{"allow":["GET"]}}],"collection":[{"href":"https:\/\/www.tucomarca.com\/wordpress\/segunda\/ca\/wp-json\/wp\/v2\/posts"}],"about":[{"href":"https:\/\/www.tucomarca.com\/wordpress\/segunda\/ca\/wp-json\/wp\/v2\/types\/post"}],"author":[{"embeddable":true,"href":"https:\/\/www.tucomarca.com\/wordpress\/segunda\/ca\/wp-json\/wp\/v2\/users\/12"}],"replies":[{"embeddable":true,"href":"https:\/\/www.tucomarca.com\/wordpress\/segunda\/ca\/wp-json\/wp\/v2\/comments?post=225466"}],"version-history":[{"count":0,"href":"https:\/\/www.tucomarca.com\/wordpress\/segunda\/ca\/wp-json\/wp\/v2\/posts\/225466\/revisions"}],"wp:featuredmedia":[{"embeddable":true,"href":"https:\/\/www.tucomarca.com\/wordpress\/segunda\/ca\/wp-json\/wp\/v2\/media\/225462"}],"wp:attachment":[{"href":"https:\/\/www.tucomarca.com\/wordpress\/segunda\/ca\/wp-json\/wp\/v2\/media?parent=225466"}],"wp:term":[{"taxonomy":"category","embeddable":true,"href":"https:\/\/www.tucomarca.com\/wordpress\/segunda\/ca\/wp-json\/wp\/v2\/categories?post=225466"},{"taxonomy":"post_tag","embeddable":true,"href":"https:\/\/www.tucomarca.com\/wordpress\/segunda\/ca\/wp-json\/wp\/v2\/tags?post=225466"}],"curies":[{"name":"wp","href":"https:\/\/api.w.org\/{rel}","templated":true}]}}