{"id":225605,"date":"2024-06-06T11:00:00","date_gmt":"2024-06-06T09:00:00","guid":{"rendered":"https:\/\/www.tucomarca.com\/wordpress\/segunda\/?p=225605"},"modified":"2024-06-06T12:49:36","modified_gmt":"2024-06-06T10:49:36","slug":"un-turisme-i-una-furgoneta-xoquen-en-un-accident-de-transit-en-la-cv-42-a-algemesi","status":"publish","type":"post","link":"https:\/\/www.tucomarca.com\/wordpress\/segunda\/ca\/un-turisme-i-una-furgoneta-xoquen-en-un-accident-de-transit-en-la-cv-42-a-algemesi\/","title":{"rendered":"Un turisme i una furgoneta xoquen en un accident de tr\u00e0nsit en la CV-42 a Algemes\u00ed"},"content":{"rendered":"\n<p>El Consorci de Bombers ha intervingut en un greu accident de tr\u00e0nsit ocorregut en la CV-42 a l&#8217;altura d&#8217;Algemes\u00ed, on es va produir un xoc entre un turisme i una furgoneta.<\/p>\n\n\n\n<p>L&#8217;emerg\u00e8ncia va mobilitzar als equips de bombers de Silla i Alzira, a m\u00e9s de comptar amb la pres\u00e8ncia del sergent d&#8217;Alzira per a coordinar les operacions en el lloc de l&#8217;accident.<\/p>\n\n\n\n<p>Durant la intervenci\u00f3, els bombers van realitzar labors d&#8217;excarceraci\u00f3, aconseguint alliberar una persona que havia quedat atrapada en un dels vehicles involucrats.<\/p>\n\n\n\n<p>A m\u00e9s, dues persones van ser ateses en el lloc pels serveis sanitaris, que es van despla\u00e7ar immediatament per a proporcionar l&#8217;assist\u00e8ncia m\u00e8dica necess\u00e0ria. Encara no s&#8217;ha informat sobre la gravetat de les lesions de les persones involucrades en l&#8217;accident.<\/p>\n\n\n\n<figure class=\"wp-block-image size-full\"><img loading=\"lazy\" decoding=\"async\" width=\"886\" height=\"665\" src=\"http:\/\/www.tucomarca.com\/wordpress\/segunda\/wp-content\/uploads\/2024\/06\/AlgemesiAccidente2.jpg\" alt=\"\" class=\"wp-image-225602\" srcset=\"https:\/\/www.tucomarca.com\/wordpress\/segunda\/wp-content\/uploads\/2024\/06\/AlgemesiAccidente2.jpg 886w, https:\/\/www.tucomarca.com\/wordpress\/segunda\/wp-content\/uploads\/2024\/06\/AlgemesiAccidente2-300x225.jpg 300w, https:\/\/www.tucomarca.com\/wordpress\/segunda\/wp-content\/uploads\/2024\/06\/AlgemesiAccidente2-768x576.jpg 768w, https:\/\/www.tucomarca.com\/wordpress\/segunda\/wp-content\/uploads\/2024\/06\/AlgemesiAccidente2-678x509.jpg 678w, https:\/\/www.tucomarca.com\/wordpress\/segunda\/wp-content\/uploads\/2024\/06\/AlgemesiAccidente2-326x245.jpg 326w, https:\/\/www.tucomarca.com\/wordpress\/segunda\/wp-content\/uploads\/2024\/06\/AlgemesiAccidente2-80x60.jpg 80w\" sizes=\"auto, (max-width: 886px) 100vw, 886px\" \/><\/figure>\n","protected":false},"excerpt":{"rendered":"<div class=\"mh-excerpt\">El Consorci de Bombers ha intervingut en un greu accident de tr\u00e0nsit ocorregut en la CV-42 a l&#8217;altura d&#8217;Algemes\u00ed, on es va produir un xoc entre un turisme i una furgoneta. L&#8217;emerg\u00e8ncia va mobilitzar als <a class=\"mh-excerpt-more\" href=\"https:\/\/www.tucomarca.com\/wordpress\/segunda\/ca\/un-turisme-i-una-furgoneta-xoquen-en-un-accident-de-transit-en-la-cv-42-a-algemesi\/\" title=\"Un turisme i una furgoneta xoquen en un accident de tr\u00e0nsit en la CV-42 a Algemes\u00ed\">[+] <\/a><\/div>\n","protected":false},"author":12,"featured_media":225601,"comment_status":"open","ping_status":"open","sticky":false,"template":"","format":"standard","meta":{"footnotes":""},"categories":[10983,10898,10948,10894,10902,10896,10897],"tags":[11081,20509,11356],"class_list":{"0":"post-225605","1":"post","2":"type-post","3":"status-publish","4":"format-standard","5":"has-post-thumbnail","7":"category-algemesi-ca","8":"category-ventana-ca","9":"category-infraestructuras-ca","10":"category-la-comarca-ca","11":"category-la-ribera-ca","12":"category-seccion-ca","13":"category-sucesos-la-comarca-ca","14":"tag-algemesi-ca","15":"tag-consorcio-de-bomberos-de-valencia-ca","16":"tag-ribera-alta-ca"},"_links":{"self":[{"href":"https:\/\/www.tucomarca.com\/wordpress\/segunda\/ca\/wp-json\/wp\/v2\/posts\/225605","targetHints":{"allow":["GET"]}}],"collection":[{"href":"https:\/\/www.tucomarca.com\/wordpress\/segunda\/ca\/wp-json\/wp\/v2\/posts"}],"about":[{"href":"https:\/\/www.tucomarca.com\/wordpress\/segunda\/ca\/wp-json\/wp\/v2\/types\/post"}],"author":[{"embeddable":true,"href":"https:\/\/www.tucomarca.com\/wordpress\/segunda\/ca\/wp-json\/wp\/v2\/users\/12"}],"replies":[{"embeddable":true,"href":"https:\/\/www.tucomarca.com\/wordpress\/segunda\/ca\/wp-json\/wp\/v2\/comments?post=225605"}],"version-history":[{"count":0,"href":"https:\/\/www.tucomarca.com\/wordpress\/segunda\/ca\/wp-json\/wp\/v2\/posts\/225605\/revisions"}],"wp:featuredmedia":[{"embeddable":true,"href":"https:\/\/www.tucomarca.com\/wordpress\/segunda\/ca\/wp-json\/wp\/v2\/media\/225601"}],"wp:attachment":[{"href":"https:\/\/www.tucomarca.com\/wordpress\/segunda\/ca\/wp-json\/wp\/v2\/media?parent=225605"}],"wp:term":[{"taxonomy":"category","embeddable":true,"href":"https:\/\/www.tucomarca.com\/wordpress\/segunda\/ca\/wp-json\/wp\/v2\/categories?post=225605"},{"taxonomy":"post_tag","embeddable":true,"href":"https:\/\/www.tucomarca.com\/wordpress\/segunda\/ca\/wp-json\/wp\/v2\/tags?post=225605"}],"curies":[{"name":"wp","href":"https:\/\/api.w.org\/{rel}","templated":true}]}}