{"id":225830,"date":"2024-06-07T20:00:00","date_gmt":"2024-06-07T18:00:00","guid":{"rendered":"https:\/\/www.tucomarca.com\/wordpress\/segunda\/?p=225830"},"modified":"2024-06-07T20:16:02","modified_gmt":"2024-06-07T18:16:02","slug":"mata-a-tirs-a-la-seua-dona-i-al-seu-fillastre-i-despres-se-suicida-a-benaguasil","status":"publish","type":"post","link":"https:\/\/www.tucomarca.com\/wordpress\/segunda\/ca\/mata-a-tirs-a-la-seua-dona-i-al-seu-fillastre-i-despres-se-suicida-a-benaguasil\/","title":{"rendered":"Mata a tirs a la seua dona i al seu fillastre i despr\u00e9s se su\u00efcida a Benaguasil"},"content":{"rendered":"\n<h3 class=\"wp-block-heading\">La Gu\u00e0rdia Civil de Val\u00e8ncia ha informat que ha trobat tres cad\u00e0vers en un habitatge de la localitat de Benaguasil.<\/h3>\n\n\n\n<p>Segons fonts de la Comand\u00e0ncia de la Gu\u00e0rdia Civil de Val\u00e8ncia, &#8220;entorn de les 15,00 hores del dia de hui, despr\u00e9s de rebre av\u00eds del 112, la patrulla s&#8217;ha despla\u00e7at a un habitatge de la localitat de Benaguasil. En arribar s&#8217;han trobat a tres persones mortes per arma de foc. Totes elles pertanyents al mateix nucli familiar. Es tracta d&#8217;una dona, un home i el fill de la dona que tots dos no tenien en com\u00fa&#8221;, tal com han fet constar des de la Gu\u00e0rdia Civil, instituci\u00f3 que s&#8217;ha fet c\u00e0rrec de la investigaci\u00f3 i les actuacions de la qual s&#8217;han declarat secretes.<\/p>\n\n\n\n<p>&#8220;ETPJ, EMUME i el laboratori de criminal\u00edstica s&#8217;han despla\u00e7at al lloc dels fets que ja estan sent investigats&#8221;, segons les mateixes fonts. El Jutjat de Gu\u00e0rdia de Ll\u00edria \u00e9s l&#8217;encarregat de l&#8217;al\u00e7ament dels cad\u00e0vers del que, segons fonts de la Delegaci\u00f3 de Govern de Val\u00e8ncia, t\u00e9 l&#8217;aire de ser un altre cas m\u00e9s de viol\u00e8ncia dom\u00e8stica ja que tot apunta que seria el marit el que hauria posat fi a la vida de la dona i del seu fill amb una escopeta.<\/p>\n\n\n\n<p>Segons ha transcendit, l&#8217;home de 64 anys s&#8217;hauria su\u00efcidat amb la mateixa escopeta que hauria utilitzat abans per a posar fi a la vida de la seua parella, de 55 anys, i el fill d&#8217;aquesta, un jove de 26 anys.<\/p>\n\n\n\n<p><strong>Consternaci\u00f3 a Benaguasil<\/strong><\/p>\n\n\n\n<p>Des del consistori de Benaguasil han mostrat la seua consternaci\u00f3 en con\u00e9ixer aquests fets. El propi Director General Diversitat de la Generalitat Valenciana i Regidor de l&#8217;Ajuntament de Benaguasil, Stephane Soriano, ha mostrat a trav\u00e9s de les xarxes socials la &#8220;consternaci\u00f3 per la not\u00edcia que hem conegut&#8221; i ha afegit que &#8220;tant l&#8217;alcalde, Ximo Segarra, com el regidor de seguretat, Rub\u00e9n Araque, res m\u00e9s con\u00e9ixer-se el succ\u00e9s s&#8217;han despla\u00e7at fins a la zona&#8221;. &#8220;.<\/p>\n\n\n\n<p>&#8220;Tots els partits pol\u00edtics de l&#8217;Ajuntament de Benaguasil han sigut avisats condemnant de manera un\u00e0nime el succe\u00eft. Manem tota la nostra for\u00e7a i solidaritat a familiars i amics de les v\u00edctimes&#8221;, ha finalitzat.<\/p>\n","protected":false},"excerpt":{"rendered":"<div class=\"mh-excerpt\">La Gu\u00e0rdia Civil de Val\u00e8ncia ha informat que ha trobat tres cad\u00e0vers en un habitatge de la localitat de Benaguasil. Segons fonts de la Comand\u00e0ncia de la Gu\u00e0rdia Civil de Val\u00e8ncia, &#8220;entorn de les 15,00 <a class=\"mh-excerpt-more\" href=\"https:\/\/www.tucomarca.com\/wordpress\/segunda\/ca\/mata-a-tirs-a-la-seua-dona-i-al-seu-fillastre-i-despres-se-suicida-a-benaguasil\/\" title=\"Mata a tirs a la seua dona i al seu fillastre i despr\u00e9s se su\u00efcida a Benaguasil\">[+] <\/a><\/div>\n","protected":false},"author":1,"featured_media":210817,"comment_status":"open","ping_status":"open","sticky":false,"template":"","format":"standard","meta":{"footnotes":""},"categories":[10952,10892,10898,10894,10904,10896,10897],"tags":[11136,10899,10901],"class_list":{"0":"post-225830","1":"post","2":"type-post","3":"status-publish","4":"format-standard","5":"has-post-thumbnail","7":"category-benaguasil-ca","8":"category-camp-de-turia-ca","9":"category-ventana-ca","10":"category-la-comarca-ca","11":"category-sin-categorizar-ca","12":"category-seccion-ca","13":"category-sucesos-la-comarca-ca","14":"tag-benaguasil-ca","15":"tag-camp-de-turia-ca","16":"tag-sucesos-ca"},"_links":{"self":[{"href":"https:\/\/www.tucomarca.com\/wordpress\/segunda\/ca\/wp-json\/wp\/v2\/posts\/225830","targetHints":{"allow":["GET"]}}],"collection":[{"href":"https:\/\/www.tucomarca.com\/wordpress\/segunda\/ca\/wp-json\/wp\/v2\/posts"}],"about":[{"href":"https:\/\/www.tucomarca.com\/wordpress\/segunda\/ca\/wp-json\/wp\/v2\/types\/post"}],"author":[{"embeddable":true,"href":"https:\/\/www.tucomarca.com\/wordpress\/segunda\/ca\/wp-json\/wp\/v2\/users\/1"}],"replies":[{"embeddable":true,"href":"https:\/\/www.tucomarca.com\/wordpress\/segunda\/ca\/wp-json\/wp\/v2\/comments?post=225830"}],"version-history":[{"count":0,"href":"https:\/\/www.tucomarca.com\/wordpress\/segunda\/ca\/wp-json\/wp\/v2\/posts\/225830\/revisions"}],"wp:featuredmedia":[{"embeddable":true,"href":"https:\/\/www.tucomarca.com\/wordpress\/segunda\/ca\/wp-json\/wp\/v2\/media\/210817"}],"wp:attachment":[{"href":"https:\/\/www.tucomarca.com\/wordpress\/segunda\/ca\/wp-json\/wp\/v2\/media?parent=225830"}],"wp:term":[{"taxonomy":"category","embeddable":true,"href":"https:\/\/www.tucomarca.com\/wordpress\/segunda\/ca\/wp-json\/wp\/v2\/categories?post=225830"},{"taxonomy":"post_tag","embeddable":true,"href":"https:\/\/www.tucomarca.com\/wordpress\/segunda\/ca\/wp-json\/wp\/v2\/tags?post=225830"}],"curies":[{"name":"wp","href":"https:\/\/api.w.org\/{rel}","templated":true}]}}