{"id":226143,"date":"2024-06-12T09:00:00","date_gmt":"2024-06-12T07:00:00","guid":{"rendered":"https:\/\/www.tucomarca.com\/wordpress\/segunda\/?p=226143"},"modified":"2024-06-12T19:49:05","modified_gmt":"2024-06-12T17:49:05","slug":"olocau-viatja-este-cap-de-setmana-a-lepoca-iberica-amb-la-iberfesta","status":"publish","type":"post","link":"https:\/\/www.tucomarca.com\/wordpress\/segunda\/ca\/olocau-viatja-este-cap-de-setmana-a-lepoca-iberica-amb-la-iberfesta\/","title":{"rendered":"Olocau viatja este cap de setmana a l&#8217;\u00e8poca ib\u00e8rica amb la \u2018Iberfesta\u2019"},"content":{"rendered":"\n<h3 class=\"wp-block-heading\">L\u2019ajuntament i el Museu de Prehist\u00f2ria de la Diputaci\u00f3 de Val\u00e8ncia organitzen de forma conjunta esta festa cultural amb recreacions, fires artesanals, tallers infantils i visites al jaciment del Puntal dels Llops.<\/h3>\n\n\n\n<p>Olocau celebra el cap de setmana del 14 al 16 de juny la \u2018Iberfesta\u2019, una iniciativa conjunta del Museu de Prehist\u00f2ria de Val\u00e8ncia i l&#8217;ajuntament de la localitat per a difondre l&#8217;oferta de visites al jaciment d&#8217;\u00e8poca ib\u00e8rica del Puntal dels Llops. L&#8217;\u00e0rea de Cultura de la Diputaci\u00f3 i el Museu de Prehist\u00f2ria porten treballant en este empla\u00e7ament des de fa 50 anys per a la investigaci\u00f3, conservaci\u00f3 i la promoci\u00f3 del seu \u00fas p\u00fablic. A m\u00e9s, s&#8217;ha creat la col\u00b7lecci\u00f3 museogr\u00e0fica, el servici de visites i les jornades de portes obertes.<\/p>\n\n\n\n<p>Aix\u00ed, en 2013, la corporaci\u00f3 provincial i el Museu de Prehist\u00f2ria, conscients de la rellev\u00e0ncia d&#8217;este patrimoni i per a impulsar el seu disfrute, van dur a terme, amb la col\u00b7laboraci\u00f3 de l&#8217;Ajuntament d&#8217;Olocau, un conjunt d&#8217;actuacions fonamentals per al desenvolupament del jaciment; tamb\u00e9 durant eixe any va n\u00e0ixer \u2018Iberfesta Olocau\u2019. L&#8217;impuls del Puntal dels Llops es completa amb la subvenci\u00f3 que la Diputaci\u00f3 de Val\u00e8ncia concedix anualment per a impulsar el servici de visites al jaciment, aix\u00ed com la col\u00b7lecci\u00f3 museogr\u00e0fica de la Casa de la Senyoria amb peces arqueol\u00f2giques del Puntal dels Llops cedides pel Museu.<\/p>\n\n\n\n<figure class=\"wp-block-gallery has-nested-images columns-default is-cropped wp-block-gallery-1 is-layout-flex wp-block-gallery-is-layout-flex\">\n<figure class=\"wp-block-image size-large\"><img loading=\"lazy\" decoding=\"async\" width=\"1024\" height=\"576\" data-id=\"226138\" src=\"https:\/\/www.tucomarca.com\/wordpress\/segunda\/wp-content\/uploads\/2024\/06\/Iberfesta3-1024x576.jpg\" alt=\"\" class=\"wp-image-226138\" srcset=\"https:\/\/www.tucomarca.com\/wordpress\/segunda\/wp-content\/uploads\/2024\/06\/Iberfesta3-1024x576.jpg 1024w, https:\/\/www.tucomarca.com\/wordpress\/segunda\/wp-content\/uploads\/2024\/06\/Iberfesta3-300x169.jpg 300w, https:\/\/www.tucomarca.com\/wordpress\/segunda\/wp-content\/uploads\/2024\/06\/Iberfesta3-768x432.jpg 768w, https:\/\/www.tucomarca.com\/wordpress\/segunda\/wp-content\/uploads\/2024\/06\/Iberfesta3-678x381.jpg 678w, https:\/\/www.tucomarca.com\/wordpress\/segunda\/wp-content\/uploads\/2024\/06\/Iberfesta3.jpg 1181w\" sizes=\"auto, (max-width: 1024px) 100vw, 1024px\" \/><\/figure>\n\n\n\n<figure class=\"wp-block-image size-large\"><img loading=\"lazy\" decoding=\"async\" width=\"1024\" height=\"682\" data-id=\"226136\" src=\"https:\/\/www.tucomarca.com\/wordpress\/segunda\/wp-content\/uploads\/2024\/06\/Iberfesta2-1024x682.jpg\" alt=\"\" class=\"wp-image-226136\" srcset=\"https:\/\/www.tucomarca.com\/wordpress\/segunda\/wp-content\/uploads\/2024\/06\/Iberfesta2-1024x682.jpg 1024w, https:\/\/www.tucomarca.com\/wordpress\/segunda\/wp-content\/uploads\/2024\/06\/Iberfesta2-300x200.jpg 300w, https:\/\/www.tucomarca.com\/wordpress\/segunda\/wp-content\/uploads\/2024\/06\/Iberfesta2-768x512.jpg 768w, https:\/\/www.tucomarca.com\/wordpress\/segunda\/wp-content\/uploads\/2024\/06\/Iberfesta2.jpg 1181w\" sizes=\"auto, (max-width: 1024px) 100vw, 1024px\" \/><\/figure>\n<\/figure>\n\n\n\n<p>Aix\u00ed mateix, Olocau va acollir les jornades \u2018Iberfesta\u2019 per a promoure esta festa cultural, amb recreacions, tallers i visites al jaciment. Per part seua, el Museu de Prehist\u00f2ria mant\u00e9 el seu comprom\u00eds amb esta festivitat i col\u00b7labora amb el seu finan\u00e7ament, a m\u00e9s de difondre durant l&#8217;esdeveniment el coneixement cient\u00edfic en el qual es basa el relat entorn del qual gira la festa. Per a aix\u00f2, es reserva a la Casa de la Senyoria un espai per a la ci\u00e8ncia arqueol\u00f2gica.<\/p>\n\n\n\n<p><strong>\u2018Iberfesta 2024\u2019<\/strong><\/p>\n\n\n\n<p>\u2018Iberfesta Olocau\u2019 se celebrar\u00e0 els dies 14, 15 i 16 de juny amb un programa d&#8217;activitats per a tots els p\u00fablics amb el qual es reviur\u00e0 la hist\u00f2ria dels habitants del Puntal dels Llops. Despr\u00e9s de la inauguraci\u00f3 de les jornades, que ser\u00e0 el dissabte 15 de juny a les 11 hores, es recrear\u00e0 una boda ibera gr\u00e0cies a la participaci\u00f3 de ve\u00efns del municipi, associacions i tamb\u00e9 el col\u00b7legi.<\/p>\n\n\n\n<p>Les jornades acolliran tamb\u00e9 la \u2018Fireta dels Ibers\u2019, que s&#8217;obrir\u00e0 el dissabte al mat\u00ed i comptar\u00e0 amb la participaci\u00f3 del Museu de Prehist\u00f2ria de Val\u00e8ncia i molts dels municipis de la prov\u00edncia amb jaciments d&#8217;\u00e8poca ib\u00e8rica visitables: Ademuz, Andilla, Camporrobles, Caudete de las Fuentes, G\u00e1tova, Ll\u00edria, Moixent, Villar del Arzobispo i Y\u00e1tova. Aix\u00ed mateix, al llarg de tot el cap de setmana tindran lloc dramatitzacions, visites al jaciment i a la col\u00b7lecci\u00f3 museogr\u00e0fica, aix\u00ed com la \u2018Fireta d\u2019Artesania\u2019, tallers infantils i la \u2018Fireta dels Ibers\u2019.<\/p>\n","protected":false},"excerpt":{"rendered":"<div class=\"mh-excerpt\">L\u2019ajuntament i el Museu de Prehist\u00f2ria de la Diputaci\u00f3 de Val\u00e8ncia organitzen de forma conjunta esta festa cultural amb recreacions, fires artesanals, tallers infantils i visites al jaciment del Puntal dels Llops. Olocau celebra el <a class=\"mh-excerpt-more\" href=\"https:\/\/www.tucomarca.com\/wordpress\/segunda\/ca\/olocau-viatja-este-cap-de-setmana-a-lepoca-iberica-amb-la-iberfesta\/\" title=\"Olocau viatja este cap de setmana a l&#8217;\u00e8poca ib\u00e8rica amb la \u2018Iberfesta\u2019\">[+] <\/a><\/div>\n","protected":false},"author":12,"featured_media":226141,"comment_status":"open","ping_status":"open","sticky":false,"template":"","format":"gallery","meta":{"footnotes":""},"categories":[11043,10892,11032,11046,10929,10980,10894,10904,10912,10928,11007,10935,10909,11029],"tags":[11246,20806,12359],"class_list":{"0":"post-226143","1":"post","2":"type-post","3":"status-publish","4":"format-gallery","5":"has-post-thumbnail","7":"category-andilla-ca","8":"category-camp-de-turia-ca","9":"category-caudete-ca","10":"category-los-serranos-ca","11":"category-gatova-ca","12":"category-yatova-ca","13":"category-la-comarca-ca","14":"category-sin-categorizar-ca","15":"category-la-hoya-ca","16":"category-lliria-ca","17":"category-ocio-y-cultura-ca","18":"category-olocau-ca","19":"category-requena-utiel-ca","20":"category-villar-del-arzobispo-ca","21":"tag-diputacio-de-valencia-ca","22":"tag-iberfesta-24-ca","23":"tag-olocau-ca","24":"post_format-post-format-gallery"},"_links":{"self":[{"href":"https:\/\/www.tucomarca.com\/wordpress\/segunda\/ca\/wp-json\/wp\/v2\/posts\/226143","targetHints":{"allow":["GET"]}}],"collection":[{"href":"https:\/\/www.tucomarca.com\/wordpress\/segunda\/ca\/wp-json\/wp\/v2\/posts"}],"about":[{"href":"https:\/\/www.tucomarca.com\/wordpress\/segunda\/ca\/wp-json\/wp\/v2\/types\/post"}],"author":[{"embeddable":true,"href":"https:\/\/www.tucomarca.com\/wordpress\/segunda\/ca\/wp-json\/wp\/v2\/users\/12"}],"replies":[{"embeddable":true,"href":"https:\/\/www.tucomarca.com\/wordpress\/segunda\/ca\/wp-json\/wp\/v2\/comments?post=226143"}],"version-history":[{"count":0,"href":"https:\/\/www.tucomarca.com\/wordpress\/segunda\/ca\/wp-json\/wp\/v2\/posts\/226143\/revisions"}],"wp:featuredmedia":[{"embeddable":true,"href":"https:\/\/www.tucomarca.com\/wordpress\/segunda\/ca\/wp-json\/wp\/v2\/media\/226141"}],"wp:attachment":[{"href":"https:\/\/www.tucomarca.com\/wordpress\/segunda\/ca\/wp-json\/wp\/v2\/media?parent=226143"}],"wp:term":[{"taxonomy":"category","embeddable":true,"href":"https:\/\/www.tucomarca.com\/wordpress\/segunda\/ca\/wp-json\/wp\/v2\/categories?post=226143"},{"taxonomy":"post_tag","embeddable":true,"href":"https:\/\/www.tucomarca.com\/wordpress\/segunda\/ca\/wp-json\/wp\/v2\/tags?post=226143"}],"curies":[{"name":"wp","href":"https:\/\/api.w.org\/{rel}","templated":true}]}}