{"id":226524,"date":"2024-06-15T09:00:00","date_gmt":"2024-06-15T07:00:00","guid":{"rendered":"https:\/\/www.tucomarca.com\/wordpress\/segunda\/?p=226524"},"modified":"2024-06-17T10:24:55","modified_gmt":"2024-06-17T08:24:55","slug":"un-jove-de-21-anys-mor-esclafat-pel-cotxe-que-reparava-en-sant-antoni-de-requena","status":"publish","type":"post","link":"https:\/\/www.tucomarca.com\/wordpress\/segunda\/ca\/un-jove-de-21-anys-mor-esclafat-pel-cotxe-que-reparava-en-sant-antoni-de-requena\/","title":{"rendered":"Un jove de 21 anys mor esclafat pel cotxe que reparava en Sant Antoni de Requena"},"content":{"rendered":"\n<p>Un jove de 21 anys d&#8217;edat va perdre la vida esclafat per un cotxe en el que sembla ser un desgraciat accident quan la v\u00edctima es trobava davall del vehicle. Els fets van succeir en la vesprada de divendres, 14 de juny, en una nau de San Antoni de Requena. Un amic de la v\u00edctima va trobar el cad\u00e0ver sobre les 21,40 hores i va cridar al tel\u00e8fon d&#8217;emerg\u00e8ncies 112 per a demanar una ambul\u00e0ncia.<\/p>\n\n\n\n<p>Segons van detallar fonts del Consorci Provincial de Bombers de Val\u00e8ncia fins a la nau es van despla\u00e7ar dues dotacions i un sergent del parc de Requena. Pel que sembla, un jove havia quedat esclafat per un vehicle sostingut amb un gat elevador, si b\u00e9 no ha transcendit si va ser aquest dispositiu el que va fallar o el cotxe va v\u00e9ncer sobre ell per un altre motiu mec\u00e0nic.<\/p>\n\n\n\n<p>A l&#8217;arribada dels efectius d&#8217;emerg\u00e8ncies, el vehicle ja havia sigut hissat pel jove que havia anomenat ala 112, que tamb\u00e9 havia aconseguit traure a la v\u00edctima. Per aix\u00f2, els bombers no van haver de realitzar operaci\u00f3 de rescat i es van retirar.<\/p>\n","protected":false},"excerpt":{"rendered":"<div class=\"mh-excerpt\">Un jove de 21 anys d&#8217;edat va perdre la vida esclafat per un cotxe en el que sembla ser un desgraciat accident quan la v\u00edctima es trobava davall del vehicle. Els fets van succeir en <a class=\"mh-excerpt-more\" href=\"https:\/\/www.tucomarca.com\/wordpress\/segunda\/ca\/un-jove-de-21-anys-mor-esclafat-pel-cotxe-que-reparava-en-sant-antoni-de-requena\/\" title=\"Un jove de 21 anys mor esclafat pel cotxe que reparava en Sant Antoni de Requena\">[+] <\/a><\/div>\n","protected":false},"author":12,"featured_media":226522,"comment_status":"open","ping_status":"open","sticky":false,"template":"","format":"standard","meta":{"footnotes":""},"categories":[10894,10908,10909,11057,10896,10897],"tags":[11099,10910,17318],"class_list":{"0":"post-226524","1":"post","2":"type-post","3":"status-publish","4":"format-standard","5":"has-post-thumbnail","7":"category-la-comarca-ca","8":"category-requena-ca","9":"category-requena-utiel-ca","10":"category-san-antonio-ca","11":"category-seccion-ca","12":"category-sucesos-la-comarca-ca","13":"tag-requena-ca","14":"tag-requena-utiel-ca","15":"tag-san-antonio-ca"},"_links":{"self":[{"href":"https:\/\/www.tucomarca.com\/wordpress\/segunda\/ca\/wp-json\/wp\/v2\/posts\/226524","targetHints":{"allow":["GET"]}}],"collection":[{"href":"https:\/\/www.tucomarca.com\/wordpress\/segunda\/ca\/wp-json\/wp\/v2\/posts"}],"about":[{"href":"https:\/\/www.tucomarca.com\/wordpress\/segunda\/ca\/wp-json\/wp\/v2\/types\/post"}],"author":[{"embeddable":true,"href":"https:\/\/www.tucomarca.com\/wordpress\/segunda\/ca\/wp-json\/wp\/v2\/users\/12"}],"replies":[{"embeddable":true,"href":"https:\/\/www.tucomarca.com\/wordpress\/segunda\/ca\/wp-json\/wp\/v2\/comments?post=226524"}],"version-history":[{"count":0,"href":"https:\/\/www.tucomarca.com\/wordpress\/segunda\/ca\/wp-json\/wp\/v2\/posts\/226524\/revisions"}],"wp:featuredmedia":[{"embeddable":true,"href":"https:\/\/www.tucomarca.com\/wordpress\/segunda\/ca\/wp-json\/wp\/v2\/media\/226522"}],"wp:attachment":[{"href":"https:\/\/www.tucomarca.com\/wordpress\/segunda\/ca\/wp-json\/wp\/v2\/media?parent=226524"}],"wp:term":[{"taxonomy":"category","embeddable":true,"href":"https:\/\/www.tucomarca.com\/wordpress\/segunda\/ca\/wp-json\/wp\/v2\/categories?post=226524"},{"taxonomy":"post_tag","embeddable":true,"href":"https:\/\/www.tucomarca.com\/wordpress\/segunda\/ca\/wp-json\/wp\/v2\/tags?post=226524"}],"curies":[{"name":"wp","href":"https:\/\/api.w.org\/{rel}","templated":true}]}}