{"id":226612,"date":"2024-06-17T17:00:00","date_gmt":"2024-06-17T15:00:00","guid":{"rendered":"https:\/\/www.tucomarca.com\/wordpress\/segunda\/?p=226612"},"modified":"2024-06-17T17:08:07","modified_gmt":"2024-06-17T15:08:07","slug":"mompo-i-enguix-presenten-un-fons-de-cooperacio-de-60-milions-que-protegix-els-municipis-mes-xicotets","status":"publish","type":"post","link":"https:\/\/www.tucomarca.com\/wordpress\/segunda\/ca\/mompo-i-enguix-presenten-un-fons-de-cooperacio-de-60-milions-que-protegix-els-municipis-mes-xicotets\/","title":{"rendered":"Momp\u00f3 i Enguix presenten un Fons de Cooperaci\u00f3 de 60 milions que protegix els municipis m\u00e9s xicotets"},"content":{"rendered":"\n<h3 class=\"wp-block-heading\">El president, Vicent Momp\u00f3, la vicepresidenta Nat\u00e0lia Enguix i la diputada d&#8217;Hisenda, Laura S\u00e1ez, destaquen les novetats d&#8217;un programa inversor que far\u00e0 un primer repartiment de 40 milions entre els pobles de menys de 50.000 habitants i altres quatre milions per a les cinc grans ciutats.<\/h3>\n\n\n\n<h3 class=\"wp-block-heading\">La Diputaci\u00f3 de Val\u00e8ncia mant\u00e9 la seua aposta per un Fons que ara \u00e9s voluntari i que pot destinar-se a inversi\u00f3 i despesa corrent, per\u00f2 es diferencia del Consell, en el repartiment del qual pesa m\u00e9s el criteri poblacional.<\/h3>\n\n\n\n<p>La Diputaci\u00f3 de Val\u00e8ncia ha sigut la primera en donar un pas al capdavant en l&#8217;activaci\u00f3 del Fons de Cooperaci\u00f3 Municipal. El president, Vicent Momp\u00f3, acompanyat per la vicepresidenta primera, Nat\u00e0lia Enguix, i la diputada d&#8217;Hisenda, Laura S\u00e1ez, han presentat este dilluns les novetats d&#8217;un programa que distribuir\u00e0 60 milions d&#8217;euros entre els municipis de la prov\u00edncia i que podr\u00e0 destinar-se a inversi\u00f3 i despesa corrent, amb una f\u00f3rmula de repartiment que protegix els pobles m\u00e9s xicotets.<\/p>\n\n\n\n<p>El president Momp\u00f3 ha avan\u00e7at que la proposta de repartiment dels primers 44 milions del Fons de Cooperaci\u00f3, 40 milions per als municipis de menys de 50.000 habitants i quatre per a les cinc ciutats amb m\u00e9s de 50.000 habitants, \u201cs&#8217;emportar\u00e0 este dimarts al ple de juny per despatx extraordinari perqu\u00e8 puga transferir-se com m\u00e9s prompte millor als ajuntaments\u201d. \u201cHem esperat per prud\u00e8ncia, a l&#8217;haver dos recursos pendents contra l&#8217;anterior Fons, per\u00f2 sempre hem dit que \u00e9s una ferramenta molt \u00fatil per als municipis i que continuar\u00edem apostant per ella, i \u00e9s moment de demostrar-ho\u201d, ha afegit Momp\u00f3.<\/p>\n\n\n\n<p>En este sentit, Vicent Momp\u00f3 ha explicat que l&#8217;adhesi\u00f3 al nou Fons de Cooperaci\u00f3 \u00e9s volunt\u00e0ria, i aix\u00f2 permet igualment que les diputacions puguen establir la seua pr\u00f2pia f\u00f3rmula de repartiment. \u201cEl nostre full de ruta passa per estar m\u00e9s prop dels municipis, especialment els m\u00e9s xicotets, i aix\u00f2 \u00e9s el que hem reflectit en la proposta de repartiment que portarem al ple de juny, que cuida als pobles amb menys recursos seguint els criteris aplicats per esta instituci\u00f3 en els anys anteriors\u201d.<\/p>\n\n\n\n<p>Momp\u00f3 ha recordat que el Pla Obert que coordina la vicepresidenta Enguix i el Fons de Cooperaci\u00f3 Municipal \u201cno s\u00f3n els \u00fanics programes inversors en els quals la Diputaci\u00f3 ajuda als ajuntaments, que tamb\u00e9 rebran fons per a la recuperaci\u00f3 de patrimoni hist\u00f2ric, una l\u00ednia que hem rescatat despr\u00e9s de sis anys sense concedir-se, per a servicis socials, per a l&#8217;obertura d&#8217;oficines comarcals i la millora de carreteres i del cicle integral de l&#8217;aigua, entre altres l\u00ednies i programes espec\u00edfics com el de rehabilitaci\u00f3 de trinquets o els huit milions addicionals que rep el Consorci de Bombers\u201d.<\/p>\n\n\n\n<p>En definitiva, \u201cels ajuntaments disposaran durant la legislatura de m\u00e9s diners per a mantindre les seues infraestructures i servicis, per\u00f2 sobretot de m\u00e9s ajuda per part d\u2019esta corporaci\u00f3 perqu\u00e8 eixos diners es queden als pobles i no tornen a la Diputaci\u00f3\u201d, ha concl\u00f2s Vicent Momp\u00f3.<\/p>\n\n\n\n<p><strong>Abans d&#8217;estiu<\/strong><\/p>\n\n\n\n<p>Per part seua, la vicepresidenta primera, Nat\u00e0lia Enguix, ha celebrat que el Fons de Cooperaci\u00f3 Municipal \u201cs&#8217;aprove abans de l&#8217;estiu i protegisca els municipis de menys de 50.000 habitants\u201d. D&#8217;esta manera, \u201cels ajuntaments rebran uns diners que els aporta liquiditat i que se sumen als projectes del Pla Obert que comen\u00e7arem a aprovar esta mateixa setmana\u201d, ha assenyalat Enguix, qui ha recordat que el principal programa inversor de la Diputaci\u00f3 \u201ces va aprovar en temps r\u00e8cord, sis mesos abans que els plans de l&#8217;anterior govern provincial, i amb una dotaci\u00f3 hist\u00f2rica que arriba als 340 milions d&#8217;euros per a municipis i altres 10 per a les mancomunitats\u201d.<\/p>\n\n\n\n<p>La vicepresidenta Enguix considera que la f\u00f3rmula de repartiment de la Diputaci\u00f3 \u201c\u00e9s la m\u00e9s justa i equitativa\u201d, si b\u00e9 proposa anar m\u00e9s enll\u00e0 en la discriminaci\u00f3 positiva cap als ajuntaments amb menys recursos i \u201cestudiar la possibilitat de no contemplar en pr\u00f2ximes entregues del Fons de Cooperaci\u00f3 als cinc grans municipis de la prov\u00edncia, que s&#8217;emporten un 10% del total dels recursos i disposen d&#8217;altres l\u00ednies d&#8217;inversi\u00f3 per als seus projectes\u201d.<\/p>\n\n\n\n<p><strong>F\u00f3rmula de repartiment<\/strong><\/p>\n\n\n\n<p>La f\u00f3rmula de repartiment que aplica la Diputaci\u00f3 de Val\u00e8ncia establix una quantitat fixa per a cada municipi que oscil\u00b7la entre els 50.000 euros per als ajuntaments de fins a 500 habitants i els 103.000 euros per als consistoris d&#8217;entre 20.001 i 50.000 habitants. La clau est\u00e0 en el coeficient poblacional aplicat per la corporaci\u00f3 provincial a l&#8217;hora d&#8217;establir la quantitat variable, que \u00e9s de quatre punts en municipis de fins a 500 habitants, tres punts en els de 500 a 1.000 habitants i aix\u00ed successivament fins al 0,75 que correspon als consistoris d&#8217;entre 20.000 i 50.000 habitants.<\/p>\n\n\n\n<p>Amb esta f\u00f3rmula, les quantitats a repartir van des dels 51.072 euros que corresponen a Sempere, un municipi de la Vall d&#8217;Albaida amb 31 habitants censats, fins als 514.750 euros que rebr\u00e0 Alzira en esta primera entrega del Fons de Cooperaci\u00f3 de 2024 de la Diputaci\u00f3 de Val\u00e8ncia, que es completar\u00e0 amb altres 16 milions en els pr\u00f2xims mesos. Quant a les grans ciutats, els quatre milions es repartixen seguint els mateixos criteris, la qual cosa deixar\u00e0 1.846.556 euros a Val\u00e8ncia capital; 556.343 euros a Torrent; 539.889 euros a Gandia; 531.615 euros a Paterna; i 525.597 euros a Sagunt.<\/p>\n\n\n\n<p>La diputada d&#8217;Hisenda, Laura S\u00e1ez, ha aprofundit en les q\u00fcestions jur\u00eddiques que han retardat la posada en marxa del Fons de Cooperaci\u00f3 enguany. \u201cEls recursos interposats al Fons incondicionat que es venia aplicant des de l&#8217;entrada en vigor del decret de 2017 ens han portat a esperar per precauci\u00f3, per a no haver de fer marxa arrere en l&#8217;assignaci\u00f3 dels 40 milions que ja ten\u00edem pressupostats per a enguany i els 20 milions que afegim en l&#8217;\u00faltim ple a trav\u00e9s d&#8217;una modificaci\u00f3 pressupost\u00e0ria\u201d.<\/p>\n\n\n\n<p>\u201cAra ja coneixem les sent\u00e8ncies judicials, tant del Tribunal Constitucional com del TSJ, que no q\u00fcestionen la continu\u00eftat del Fons, per\u00f2 s\u00ed que canvia el m\u00e8tode de repartiment en l&#8217;\u00e0mbit auton\u00f2mic\u201d, detalla la responsable provincial d&#8217;Hisenda, qui afig que, no obstant aix\u00f2, \u201cla Diputaci\u00f3 t\u00e9 via lliure per a establir el seu propi criteri de repartiment, la qual cosa unida a la confirmaci\u00f3 de la legalitat de l&#8217;eina ens ha portat a posar-la en marxa sense major dilaci\u00f3 per a fer arribar com m\u00e9s prompte millor els diners als ajuntaments\u201d.<\/p>\n","protected":false},"excerpt":{"rendered":"<div class=\"mh-excerpt\">El president, Vicent Momp\u00f3, la vicepresidenta Nat\u00e0lia Enguix i la diputada d&#8217;Hisenda, Laura S\u00e1ez, destaquen les novetats d&#8217;un programa inversor que far\u00e0 un primer repartiment de 40 milions entre els pobles de menys de 50.000 <a class=\"mh-excerpt-more\" href=\"https:\/\/www.tucomarca.com\/wordpress\/segunda\/ca\/mompo-i-enguix-presenten-un-fons-de-cooperacio-de-60-milions-que-protegix-els-municipis-mes-xicotets\/\" title=\"Momp\u00f3 i Enguix presenten un Fons de Cooperaci\u00f3 de 60 milions que protegix els municipis m\u00e9s xicotets\">[+] <\/a><\/div>\n","protected":false},"author":12,"featured_media":226609,"comment_status":"open","ping_status":"open","sticky":false,"template":"","format":"standard","meta":{"footnotes":""},"categories":[20520,10898,10948,10894,10904,20456,10947,10896],"tags":[11246,17087,20262,18825],"class_list":{"0":"post-226612","1":"post","2":"type-post","3":"status-publish","4":"format-standard","5":"has-post-thumbnail","7":"category-cooperacio-municipal","8":"category-ventana-ca","9":"category-infraestructuras-ca","10":"category-la-comarca-ca","11":"category-sin-categorizar-ca","12":"category-la-diputacio-de-valencia-informa-ca","13":"category-politica","14":"category-seccion-ca","15":"tag-diputacio-de-valencia-ca","16":"tag-fondo-de-cooperacion-municipal-ca","17":"tag-natalia-enguix-ca","18":"tag-vicent-mompo-ca"},"_links":{"self":[{"href":"https:\/\/www.tucomarca.com\/wordpress\/segunda\/ca\/wp-json\/wp\/v2\/posts\/226612","targetHints":{"allow":["GET"]}}],"collection":[{"href":"https:\/\/www.tucomarca.com\/wordpress\/segunda\/ca\/wp-json\/wp\/v2\/posts"}],"about":[{"href":"https:\/\/www.tucomarca.com\/wordpress\/segunda\/ca\/wp-json\/wp\/v2\/types\/post"}],"author":[{"embeddable":true,"href":"https:\/\/www.tucomarca.com\/wordpress\/segunda\/ca\/wp-json\/wp\/v2\/users\/12"}],"replies":[{"embeddable":true,"href":"https:\/\/www.tucomarca.com\/wordpress\/segunda\/ca\/wp-json\/wp\/v2\/comments?post=226612"}],"version-history":[{"count":0,"href":"https:\/\/www.tucomarca.com\/wordpress\/segunda\/ca\/wp-json\/wp\/v2\/posts\/226612\/revisions"}],"wp:featuredmedia":[{"embeddable":true,"href":"https:\/\/www.tucomarca.com\/wordpress\/segunda\/ca\/wp-json\/wp\/v2\/media\/226609"}],"wp:attachment":[{"href":"https:\/\/www.tucomarca.com\/wordpress\/segunda\/ca\/wp-json\/wp\/v2\/media?parent=226612"}],"wp:term":[{"taxonomy":"category","embeddable":true,"href":"https:\/\/www.tucomarca.com\/wordpress\/segunda\/ca\/wp-json\/wp\/v2\/categories?post=226612"},{"taxonomy":"post_tag","embeddable":true,"href":"https:\/\/www.tucomarca.com\/wordpress\/segunda\/ca\/wp-json\/wp\/v2\/tags?post=226612"}],"curies":[{"name":"wp","href":"https:\/\/api.w.org\/{rel}","templated":true}]}}