{"id":227256,"date":"2024-06-21T09:10:00","date_gmt":"2024-06-21T07:10:00","guid":{"rendered":"https:\/\/www.tucomarca.com\/wordpress\/segunda\/?p=227256"},"modified":"2024-06-21T20:32:19","modified_gmt":"2024-06-21T18:32:19","slug":"carcer-fara-una-renovacio-integral-del-poliesportiu-amb-ajuda-de-la-diputacio-de-valencia","status":"publish","type":"post","link":"https:\/\/www.tucomarca.com\/wordpress\/segunda\/ca\/carcer-fara-una-renovacio-integral-del-poliesportiu-amb-ajuda-de-la-diputacio-de-valencia\/","title":{"rendered":"C\u00e0rcer far\u00e0 una renovaci\u00f3 integral del poliesportiu amb ajuda de la Diputaci\u00f3 de Val\u00e8ncia"},"content":{"rendered":"\n<h3 class=\"wp-block-heading\">El president de la Diputaci\u00f3 de Val\u00e8ncia, Vicent Momp\u00f3, es reunix amb l&#8217;alcalde del municipi de la Ribera Alta, Tom\u00e1s Lloret, i el seu equip de govern\u2028.<\/h3>\n\n\n\n<h3 class=\"wp-block-heading\">Momp\u00f3 destaca \u201cla fruct\u00edfera col\u00b7laboraci\u00f3 amb C\u00e0rcer per a millorar la vida de les seues ve\u00efnes i ve\u00efns\u201d.<\/h3>\n\n\n\n<h3 class=\"wp-block-heading\">C\u00e0rcer rebr\u00e0 enguany 106.089 euros del Fons de Cooperaci\u00f3 i la inversi\u00f3 del Pla Obert d\u2019Inversions 2024-27 ascendix a 1.042.317,35 euros.<\/h3>\n\n\n\n<p>El president de la Diputaci\u00f3 de Val\u00e8ncia, Vicent Momp\u00f3, s&#8217;ha reunit amb l&#8217;alcalde de C\u00e0rcer, Tom\u00e1s Lloret, per a atendre les demandes del municipi i con\u00e9ixer els projectes duts a terme amb les inversions de la corporaci\u00f3 provincial.<\/p>\n\n\n\n<p>Lloret ha concretat que dedicaran la gran part del Pla Obert d\u2019Inversions a realitzar una renovaci\u00f3 integral del poliesportiu municipal per a convertir-lo en el punt neur\u00e0lgic del poble. \u201cL&#8217;objectiu \u00e9s que la gent tinga en el poliesportiu un lloc on poder passar el temps lliure, porta uns anys abandonat i est\u00e0 en molt males condicions\u201d, ha explicat l&#8217;alcalde.<\/p>\n\n\n\n<p>Per aix\u00f2, ha detallat, \u201ces millorar\u00e0 tant la piscina gran com la infantil; reasfaltar i pintar les pistes de front\u00f3 i futbol sala; asfaltar els voltants del trinquet; instal\u00b7lar una nova pista de p\u00e0del perqu\u00e8 ja hi ha una, per\u00f2 hi ha molta demanda; traslladar el parc de calistenia all\u00ed perqu\u00e8 hi ha un al poble, per\u00f2 est\u00e0 allunyat del poliesportiu; i fer un roc\u00f2drom\u201d.<\/p>\n\n\n\n<p>D&#8217;altra banda, Momp\u00f3 i Lloret han abordat el projecte de la variant Alc\u00e0ntera de X\u00faquer, Cotes i C\u00e0rcer (CV-560), que est\u00e0 en fase d&#8217;estudi. La Diputaci\u00f3 ha repr\u00e9s este projecte per a donar resposta a la casu\u00edstica actual d&#8217;esta via, especialment pel tr\u00e0nsit de vehicles pesats que provoca situacions d&#8217;inseguretat i perillositat per als usuaris a causa del tra\u00e7at de la carretera.<\/p>\n\n\n\n<p>El president de la Diputaci\u00f3 ha recalcat que \u201cl&#8217;objectiu \u00e9s donar un impuls definitiu a esta infraestructura, adaptant-lo a les noves exig\u00e8ncies mediambientals i de seguretat, per a eliminar el tr\u00e0nsit pesat que di\u00e0riament creua els tres municipis\u201d. A m\u00e9s, Momp\u00f3 ha subratllat \u201cla fruct\u00edfera col\u00b7laboraci\u00f3 que existeix entre C\u00e0rcer i la Diputaci\u00f3\u201d. \u201cEn reunions com esta comprovem com s&#8217;avan\u00e7a per a millorar el municipi i sens dubte, continuarem treballant conjuntament en eixa l\u00ednia\u201d, ha assegurat.\u2028\u2028C\u00e0rcer rebr\u00e0 enguany 106.089 euros del Fons de Cooperaci\u00f3 Municipal aprovat esta setmana, mentre que la inversi\u00f3 del Pla Obert d\u2019Inversions 2024-27 ascendix a 1.042.317,35 euros.<\/p>\n","protected":false},"excerpt":{"rendered":"<div class=\"mh-excerpt\">El president de la Diputaci\u00f3 de Val\u00e8ncia, Vicent Momp\u00f3, es reunix amb l&#8217;alcalde del municipi de la Ribera Alta, Tom\u00e1s Lloret, i el seu equip de govern\u2028. Momp\u00f3 destaca \u201cla fruct\u00edfera col\u00b7laboraci\u00f3 amb C\u00e0rcer per <a class=\"mh-excerpt-more\" href=\"https:\/\/www.tucomarca.com\/wordpress\/segunda\/ca\/carcer-fara-una-renovacio-integral-del-poliesportiu-amb-ajuda-de-la-diputacio-de-valencia\/\" title=\"C\u00e0rcer far\u00e0 una renovaci\u00f3 integral del poliesportiu amb ajuda de la Diputaci\u00f3 de Val\u00e8ncia\">[+] <\/a><\/div>\n","protected":false},"author":12,"featured_media":227255,"comment_status":"open","ping_status":"open","sticky":false,"template":"","format":"standard","meta":{"footnotes":""},"categories":[11053,10898,10948,10894,10902,10947,10896],"tags":[14530,11246,11356],"class_list":{"0":"post-227256","1":"post","2":"type-post","3":"status-publish","4":"format-standard","5":"has-post-thumbnail","7":"category-carcer-ca","8":"category-ventana-ca","9":"category-infraestructuras-ca","10":"category-la-comarca-ca","11":"category-la-ribera-ca","12":"category-politica","13":"category-seccion-ca","14":"tag-carcer-ca","15":"tag-diputacio-de-valencia-ca","16":"tag-ribera-alta-ca"},"_links":{"self":[{"href":"https:\/\/www.tucomarca.com\/wordpress\/segunda\/ca\/wp-json\/wp\/v2\/posts\/227256","targetHints":{"allow":["GET"]}}],"collection":[{"href":"https:\/\/www.tucomarca.com\/wordpress\/segunda\/ca\/wp-json\/wp\/v2\/posts"}],"about":[{"href":"https:\/\/www.tucomarca.com\/wordpress\/segunda\/ca\/wp-json\/wp\/v2\/types\/post"}],"author":[{"embeddable":true,"href":"https:\/\/www.tucomarca.com\/wordpress\/segunda\/ca\/wp-json\/wp\/v2\/users\/12"}],"replies":[{"embeddable":true,"href":"https:\/\/www.tucomarca.com\/wordpress\/segunda\/ca\/wp-json\/wp\/v2\/comments?post=227256"}],"version-history":[{"count":0,"href":"https:\/\/www.tucomarca.com\/wordpress\/segunda\/ca\/wp-json\/wp\/v2\/posts\/227256\/revisions"}],"wp:featuredmedia":[{"embeddable":true,"href":"https:\/\/www.tucomarca.com\/wordpress\/segunda\/ca\/wp-json\/wp\/v2\/media\/227255"}],"wp:attachment":[{"href":"https:\/\/www.tucomarca.com\/wordpress\/segunda\/ca\/wp-json\/wp\/v2\/media?parent=227256"}],"wp:term":[{"taxonomy":"category","embeddable":true,"href":"https:\/\/www.tucomarca.com\/wordpress\/segunda\/ca\/wp-json\/wp\/v2\/categories?post=227256"},{"taxonomy":"post_tag","embeddable":true,"href":"https:\/\/www.tucomarca.com\/wordpress\/segunda\/ca\/wp-json\/wp\/v2\/tags?post=227256"}],"curies":[{"name":"wp","href":"https:\/\/api.w.org\/{rel}","templated":true}]}}