{"id":227426,"date":"2024-06-24T10:30:00","date_gmt":"2024-06-24T08:30:00","guid":{"rendered":"https:\/\/www.tucomarca.com\/wordpress\/segunda\/?p=227426"},"modified":"2024-06-24T18:10:38","modified_gmt":"2024-06-24T16:10:38","slug":"els-bombers-intervenen-a-anna-per-a-rescatar-a-una-senderista-lesionada","status":"publish","type":"post","link":"https:\/\/www.tucomarca.com\/wordpress\/segunda\/ca\/els-bombers-intervenen-a-anna-per-a-rescatar-a-una-senderista-lesionada\/","title":{"rendered":"Els bombers intervenen a Anna per a rescatar a una senderista lesionada"},"content":{"rendered":"\n<p>Efectius del Consorci Provincial de Bombers han dut a terme aquest dilluns una intervenci\u00f3 de rescat a Anna per a assistir a una senderista que ha patit una lesi\u00f3 en el muscle. L&#8217;operatiu va incloure la participaci\u00f3 del sergent d&#8217;Alzira, de bombers del parc de X\u00e0tiva i de rescatadors del Grup de Rescat a Altura (GERA), secundats per l&#8217;helic\u00f2pter HLC V-990 del Consorci, que comptava amb un metge a bord.<\/p>\n\n\n\n<p>La intervenci\u00f3 es va activar quan es va reportar que una senderista havia patit una luxaci\u00f3 en el muscle mentre recorria una ruta a Anna. L&#8217;equip de rescat es va mobilitzar r\u00e0pidament, arribant al lloc amb un helic\u00f2pter que va permetre una atenci\u00f3 m\u00e8dica immediata.<\/p>\n\n\n\n<p>El metge del Consorci va atendre la dona en el lloc de la lesi\u00f3, administrant-li analg\u00e8sics per a alleujar el dolor i procedint a recol\u00b7locar el muscle en la seua posici\u00f3 correcta. Aquesta atenci\u00f3 especialitzada va ser crucial per a estabilitzar a la senderista i permetre-li recuperar-se de la luxaci\u00f3.<\/p>\n\n\n\n<p>Gr\u00e0cies a la r\u00e0pida i efica\u00e7 intervenci\u00f3 de l&#8217;equip de bombers i del metge, la dona va poder continuar la seua ruta juntament amb la resta dels senderistes, sense necessitat de m\u00e9s suport o evacuaci\u00f3 addicional.<\/p>\n\n\n\n<figure class=\"wp-block-image size-large\"><img loading=\"lazy\" decoding=\"async\" width=\"823\" height=\"1024\" src=\"http:\/\/www.tucomarca.com\/wordpress\/segunda\/wp-content\/uploads\/2024\/06\/AnnaRescate2-823x1024.jpeg\" alt=\"\" class=\"wp-image-227423\" srcset=\"https:\/\/www.tucomarca.com\/wordpress\/segunda\/wp-content\/uploads\/2024\/06\/AnnaRescate2-823x1024.jpeg 823w, https:\/\/www.tucomarca.com\/wordpress\/segunda\/wp-content\/uploads\/2024\/06\/AnnaRescate2-241x300.jpeg 241w, https:\/\/www.tucomarca.com\/wordpress\/segunda\/wp-content\/uploads\/2024\/06\/AnnaRescate2-768x956.jpeg 768w, https:\/\/www.tucomarca.com\/wordpress\/segunda\/wp-content\/uploads\/2024\/06\/AnnaRescate2-1234x1536.jpeg 1234w, https:\/\/www.tucomarca.com\/wordpress\/segunda\/wp-content\/uploads\/2024\/06\/AnnaRescate2.jpeg 1543w\" sizes=\"auto, (max-width: 823px) 100vw, 823px\" \/><\/figure>\n","protected":false},"excerpt":{"rendered":"<div class=\"mh-excerpt\">Efectius del Consorci Provincial de Bombers han dut a terme aquest dilluns una intervenci\u00f3 de rescat a Anna per a assistir a una senderista que ha patit una lesi\u00f3 en el muscle. L&#8217;operatiu va incloure <a class=\"mh-excerpt-more\" href=\"https:\/\/www.tucomarca.com\/wordpress\/segunda\/ca\/els-bombers-intervenen-a-anna-per-a-rescatar-a-una-senderista-lesionada\/\" title=\"Els bombers intervenen a Anna per a rescatar a una senderista lesionada\">[+] <\/a><\/div>\n","protected":false},"author":1,"featured_media":227422,"comment_status":"open","ping_status":"open","sticky":false,"template":"","format":"image","meta":{"footnotes":""},"categories":[10964,10898,10948,10963,10894,10904,10896,10897],"tags":[12636,12251,11094,13578],"class_list":{"0":"post-227426","1":"post","2":"type-post","3":"status-publish","4":"format-image","5":"has-post-thumbnail","7":"category-anna-ca","8":"category-ventana-ca","9":"category-infraestructuras-ca","10":"category-la-canal-de-navarres-ca","11":"category-la-comarca-ca","12":"category-sin-categorizar-ca","13":"category-seccion-ca","14":"category-sucesos-la-comarca-ca","15":"tag-anna-ca","16":"tag-consorci-bombers-ca","17":"tag-la-canal-de-navarres","18":"tag-rescate-ca","19":"post_format-post-format-image"},"_links":{"self":[{"href":"https:\/\/www.tucomarca.com\/wordpress\/segunda\/ca\/wp-json\/wp\/v2\/posts\/227426","targetHints":{"allow":["GET"]}}],"collection":[{"href":"https:\/\/www.tucomarca.com\/wordpress\/segunda\/ca\/wp-json\/wp\/v2\/posts"}],"about":[{"href":"https:\/\/www.tucomarca.com\/wordpress\/segunda\/ca\/wp-json\/wp\/v2\/types\/post"}],"author":[{"embeddable":true,"href":"https:\/\/www.tucomarca.com\/wordpress\/segunda\/ca\/wp-json\/wp\/v2\/users\/1"}],"replies":[{"embeddable":true,"href":"https:\/\/www.tucomarca.com\/wordpress\/segunda\/ca\/wp-json\/wp\/v2\/comments?post=227426"}],"version-history":[{"count":0,"href":"https:\/\/www.tucomarca.com\/wordpress\/segunda\/ca\/wp-json\/wp\/v2\/posts\/227426\/revisions"}],"wp:featuredmedia":[{"embeddable":true,"href":"https:\/\/www.tucomarca.com\/wordpress\/segunda\/ca\/wp-json\/wp\/v2\/media\/227422"}],"wp:attachment":[{"href":"https:\/\/www.tucomarca.com\/wordpress\/segunda\/ca\/wp-json\/wp\/v2\/media?parent=227426"}],"wp:term":[{"taxonomy":"category","embeddable":true,"href":"https:\/\/www.tucomarca.com\/wordpress\/segunda\/ca\/wp-json\/wp\/v2\/categories?post=227426"},{"taxonomy":"post_tag","embeddable":true,"href":"https:\/\/www.tucomarca.com\/wordpress\/segunda\/ca\/wp-json\/wp\/v2\/tags?post=227426"}],"curies":[{"name":"wp","href":"https:\/\/api.w.org\/{rel}","templated":true}]}}