{"id":227505,"date":"2024-06-25T11:45:00","date_gmt":"2024-06-25T09:45:00","guid":{"rendered":"https:\/\/www.tucomarca.com\/wordpress\/segunda\/?p=227505"},"modified":"2024-06-25T13:51:25","modified_gmt":"2024-06-25T11:51:25","slug":"fotogaleria-finalitzen-les-festes-patronals-de-setaigues-en-honor-a-sant-joan-baptista","status":"publish","type":"post","link":"https:\/\/www.tucomarca.com\/wordpress\/segunda\/ca\/fotogaleria-finalitzen-les-festes-patronals-de-setaigues-en-honor-a-sant-joan-baptista\/","title":{"rendered":"Fotogaler\u00eda: finalitzen les Festes Patronals de Setaig\u00fces en honor a Sant Joan Baptista"},"content":{"rendered":"\n<p>Les festes en honor al patr\u00f3 de Setaig\u00fces, Sant Joan Baptista, han arribat a la seua fi, marcant un dia assenyalat en el calendari dels i les sieteag\u00fcenses. Aquestes celebracions, caracteritzades per la tradici\u00f3, la m\u00fasica, el culte, la devoci\u00f3, el foc, l&#8217;aigua i la diversi\u00f3, s\u00f3n un reflex de l&#8217;esperit i la identitat de la localitat.<\/p>\n\n\n\n<p>Durant les festes, Setaig\u00fces ha gaudit d&#8217;una varietat d&#8217;esdeveniments que van unir als ve\u00efns i ve\u00efnes en un ambient festiu i de respecte a les tradicions. La Nit de Sant Joan i la process\u00f3 de Sant Joan Baptista han sigut els moments m\u00e9s destacats. Amb l&#8217;inici de l&#8217;estiu, Setaig\u00fces no posa fi a la diversi\u00f3. Els festejos taurins continuaran aquest cap de setmana, oferint m\u00e9s oportunitats perqu\u00e8 els residents i visitants gaudisquen d&#8217;activitats tradicionals.<\/p>\n\n\n\n<p>Des del consistori han volgut donar la seua m\u00e9s sincera enhorabona a tots els que han fet possible aquestes meravelloses festes: Societat Musical La Paz, per la seua inigualable contribuci\u00f3 musical que ha omplit d&#8217;alegria els carrers; a la Brigada Municipal pel seu esfor\u00e7 i dedicaci\u00f3 en l&#8217;organitzaci\u00f3 i log\u00edstica; a l&#8217;Associaci\u00f3 de Mestresses de casa, pel seu inestimable treball i participaci\u00f3 en les activitats i a Produccions Plat\u00ed per l&#8217;excel\u00b7lent gesti\u00f3 i producci\u00f3 dels esdeveniments. I, per descomptat, a tots els ve\u00efns i ve\u00efnes que, amb el seu entusiasme i participaci\u00f3, han fet d&#8217;aquestes festes un moment memorable per al municipi.<\/p>\n\n\n\n<figure class=\"wp-block-gallery has-nested-images columns-1 is-cropped wp-block-gallery-1 is-layout-flex wp-block-gallery-is-layout-flex\">\n<figure class=\"wp-block-image size-large\"><img loading=\"lazy\" decoding=\"async\" width=\"886\" height=\"665\" data-id=\"227494\" src=\"https:\/\/www.tucomarca.com\/wordpress\/segunda\/wp-content\/uploads\/2024\/06\/7AguasFiestasPatronales1.jpg\" alt=\"\" class=\"wp-image-227494\" srcset=\"https:\/\/www.tucomarca.com\/wordpress\/segunda\/wp-content\/uploads\/2024\/06\/7AguasFiestasPatronales1.jpg 886w, https:\/\/www.tucomarca.com\/wordpress\/segunda\/wp-content\/uploads\/2024\/06\/7AguasFiestasPatronales1-300x225.jpg 300w, https:\/\/www.tucomarca.com\/wordpress\/segunda\/wp-content\/uploads\/2024\/06\/7AguasFiestasPatronales1-768x576.jpg 768w, https:\/\/www.tucomarca.com\/wordpress\/segunda\/wp-content\/uploads\/2024\/06\/7AguasFiestasPatronales1-678x509.jpg 678w, https:\/\/www.tucomarca.com\/wordpress\/segunda\/wp-content\/uploads\/2024\/06\/7AguasFiestasPatronales1-326x245.jpg 326w, https:\/\/www.tucomarca.com\/wordpress\/segunda\/wp-content\/uploads\/2024\/06\/7AguasFiestasPatronales1-80x60.jpg 80w\" sizes=\"auto, (max-width: 886px) 100vw, 886px\" \/><\/figure>\n\n\n\n<figure class=\"wp-block-image size-large\"><img loading=\"lazy\" decoding=\"async\" width=\"886\" height=\"665\" data-id=\"227498\" src=\"https:\/\/www.tucomarca.com\/wordpress\/segunda\/wp-content\/uploads\/2024\/06\/7AguasFiestasPatronales3.jpg\" alt=\"\" class=\"wp-image-227498\" srcset=\"https:\/\/www.tucomarca.com\/wordpress\/segunda\/wp-content\/uploads\/2024\/06\/7AguasFiestasPatronales3.jpg 886w, https:\/\/www.tucomarca.com\/wordpress\/segunda\/wp-content\/uploads\/2024\/06\/7AguasFiestasPatronales3-300x225.jpg 300w, https:\/\/www.tucomarca.com\/wordpress\/segunda\/wp-content\/uploads\/2024\/06\/7AguasFiestasPatronales3-768x576.jpg 768w, https:\/\/www.tucomarca.com\/wordpress\/segunda\/wp-content\/uploads\/2024\/06\/7AguasFiestasPatronales3-678x509.jpg 678w, https:\/\/www.tucomarca.com\/wordpress\/segunda\/wp-content\/uploads\/2024\/06\/7AguasFiestasPatronales3-326x245.jpg 326w, https:\/\/www.tucomarca.com\/wordpress\/segunda\/wp-content\/uploads\/2024\/06\/7AguasFiestasPatronales3-80x60.jpg 80w\" sizes=\"auto, (max-width: 886px) 100vw, 886px\" \/><\/figure>\n\n\n\n<figure class=\"wp-block-image size-large\"><img loading=\"lazy\" decoding=\"async\" width=\"886\" height=\"690\" data-id=\"227500\" src=\"https:\/\/www.tucomarca.com\/wordpress\/segunda\/wp-content\/uploads\/2024\/06\/7AguasFiestasPatronales4.jpg\" alt=\"\" class=\"wp-image-227500\" srcset=\"https:\/\/www.tucomarca.com\/wordpress\/segunda\/wp-content\/uploads\/2024\/06\/7AguasFiestasPatronales4.jpg 886w, https:\/\/www.tucomarca.com\/wordpress\/segunda\/wp-content\/uploads\/2024\/06\/7AguasFiestasPatronales4-300x234.jpg 300w, https:\/\/www.tucomarca.com\/wordpress\/segunda\/wp-content\/uploads\/2024\/06\/7AguasFiestasPatronales4-768x598.jpg 768w\" sizes=\"auto, (max-width: 886px) 100vw, 886px\" \/><\/figure>\n\n\n\n<figure class=\"wp-block-image size-large\"><img loading=\"lazy\" decoding=\"async\" width=\"886\" height=\"665\" data-id=\"227502\" src=\"https:\/\/www.tucomarca.com\/wordpress\/segunda\/wp-content\/uploads\/2024\/06\/7AguasFiestasPatronales5.jpg\" alt=\"\" class=\"wp-image-227502\" srcset=\"https:\/\/www.tucomarca.com\/wordpress\/segunda\/wp-content\/uploads\/2024\/06\/7AguasFiestasPatronales5.jpg 886w, https:\/\/www.tucomarca.com\/wordpress\/segunda\/wp-content\/uploads\/2024\/06\/7AguasFiestasPatronales5-300x225.jpg 300w, https:\/\/www.tucomarca.com\/wordpress\/segunda\/wp-content\/uploads\/2024\/06\/7AguasFiestasPatronales5-768x576.jpg 768w, https:\/\/www.tucomarca.com\/wordpress\/segunda\/wp-content\/uploads\/2024\/06\/7AguasFiestasPatronales5-678x509.jpg 678w, https:\/\/www.tucomarca.com\/wordpress\/segunda\/wp-content\/uploads\/2024\/06\/7AguasFiestasPatronales5-326x245.jpg 326w, https:\/\/www.tucomarca.com\/wordpress\/segunda\/wp-content\/uploads\/2024\/06\/7AguasFiestasPatronales5-80x60.jpg 80w\" sizes=\"auto, (max-width: 886px) 100vw, 886px\" \/><\/figure>\n<\/figure>\n","protected":false},"excerpt":{"rendered":"<div class=\"mh-excerpt\">Les festes en honor al patr\u00f3 de Setaig\u00fces, Sant Joan Baptista, han arribat a la seua fi, marcant un dia assenyalat en el calendari dels i les sieteag\u00fcenses. Aquestes celebracions, caracteritzades per la tradici\u00f3, la <a class=\"mh-excerpt-more\" href=\"https:\/\/www.tucomarca.com\/wordpress\/segunda\/ca\/fotogaleria-finalitzen-les-festes-patronals-de-setaigues-en-honor-a-sant-joan-baptista\/\" title=\"Fotogaler\u00eda: finalitzen les Festes Patronals de Setaig\u00fces en honor a Sant Joan Baptista\">[+] <\/a><\/div>\n","protected":false},"author":12,"featured_media":227497,"comment_status":"open","ping_status":"open","sticky":false,"template":"","format":"gallery","meta":{"footnotes":""},"categories":[10894,10912,11004,11007,11008,10896,10979],"tags":[14071,10914,11157],"class_list":{"0":"post-227505","1":"post","2":"type-post","3":"status-publish","4":"format-gallery","5":"has-post-thumbnail","7":"category-la-comarca-ca","8":"category-la-hoya-ca","9":"category-la-semana-en-imagenes-ca","10":"category-ocio-y-cultura-ca","11":"category-pueblos-en-fiestas-ca","12":"category-seccion-ca","13":"category-siete-aguas-ca","14":"tag-fiestas-patronales-ca","15":"tag-la-hoya-de-bunol-chiva-ca","16":"tag-siete-aguas-ca","17":"post_format-post-format-gallery"},"_links":{"self":[{"href":"https:\/\/www.tucomarca.com\/wordpress\/segunda\/ca\/wp-json\/wp\/v2\/posts\/227505","targetHints":{"allow":["GET"]}}],"collection":[{"href":"https:\/\/www.tucomarca.com\/wordpress\/segunda\/ca\/wp-json\/wp\/v2\/posts"}],"about":[{"href":"https:\/\/www.tucomarca.com\/wordpress\/segunda\/ca\/wp-json\/wp\/v2\/types\/post"}],"author":[{"embeddable":true,"href":"https:\/\/www.tucomarca.com\/wordpress\/segunda\/ca\/wp-json\/wp\/v2\/users\/12"}],"replies":[{"embeddable":true,"href":"https:\/\/www.tucomarca.com\/wordpress\/segunda\/ca\/wp-json\/wp\/v2\/comments?post=227505"}],"version-history":[{"count":0,"href":"https:\/\/www.tucomarca.com\/wordpress\/segunda\/ca\/wp-json\/wp\/v2\/posts\/227505\/revisions"}],"wp:featuredmedia":[{"embeddable":true,"href":"https:\/\/www.tucomarca.com\/wordpress\/segunda\/ca\/wp-json\/wp\/v2\/media\/227497"}],"wp:attachment":[{"href":"https:\/\/www.tucomarca.com\/wordpress\/segunda\/ca\/wp-json\/wp\/v2\/media?parent=227505"}],"wp:term":[{"taxonomy":"category","embeddable":true,"href":"https:\/\/www.tucomarca.com\/wordpress\/segunda\/ca\/wp-json\/wp\/v2\/categories?post=227505"},{"taxonomy":"post_tag","embeddable":true,"href":"https:\/\/www.tucomarca.com\/wordpress\/segunda\/ca\/wp-json\/wp\/v2\/tags?post=227505"}],"curies":[{"name":"wp","href":"https:\/\/api.w.org\/{rel}","templated":true}]}}