{"id":227599,"date":"2024-06-26T12:00:00","date_gmt":"2024-06-26T10:00:00","guid":{"rendered":"https:\/\/www.tucomarca.com\/wordpress\/segunda\/?p=227599"},"modified":"2024-06-26T12:06:44","modified_gmt":"2024-06-26T10:06:44","slug":"xiva-aprova-la-modificacio-pressupostaria-que-permet-la-inversio-de-520-000-euros-per-a-larranjament-de-camins","status":"publish","type":"post","link":"https:\/\/www.tucomarca.com\/wordpress\/segunda\/ca\/xiva-aprova-la-modificacio-pressupostaria-que-permet-la-inversio-de-520-000-euros-per-a-larranjament-de-camins\/","title":{"rendered":"Xiva aprova la modificaci\u00f3 pressupost\u00e0ria que permet la inversi\u00f3 de 520.000 euros per a l&#8217;arranjament de camins"},"content":{"rendered":"\n<p>El ple ordinari de l&#8217;Ajuntament de Xiva ha aprovat per unanimitat la modificaci\u00f3 pressupost\u00e0ria que permet la inversi\u00f3 de 520.000 euros durant el present exercici per a l&#8217;arranjament de camins en tot el terme municipal.<\/p>\n\n\n\n<p>La mesura suposar\u00e0, despr\u00e9s d&#8217;aquesta modificaci\u00f3 pressupost\u00e0ria, realitzar durant els pr\u00f2xims mesos una actuaci\u00f3 sobre m\u00e9s de 61.000 metres quadrats amb actuacions de compactaci\u00f3 i formigonada sobre nombrosos camins que vertebren el terme municipal.<\/p>\n\n\n\n<p>Aquesta actuaci\u00f3, llargament reclamada per usuaris d&#8217;aquestes vies, suposar\u00e0 millorar de manera substancial la seguretat d&#8217;una superf\u00edcie que compta en molts casos amb una alta densitat de tr\u00e0nsit.<\/p>\n\n\n\n<p>De la mateixa manera, el ple de l&#8217;Ajuntament ha perm\u00e9s, donar compte de les actuacions que han comen\u00e7at a realitzar-se en el barranc de Xiva despr\u00e9s de detectar-se les fugides d&#8217;aig\u00fces fecals denunciades repetidament pels ve\u00efns i comer\u00e7os pr\u00f2xims a les zones d&#8217;actuaci\u00f3.<\/p>\n","protected":false},"excerpt":{"rendered":"<div class=\"mh-excerpt\">El ple ordinari de l&#8217;Ajuntament de Xiva ha aprovat per unanimitat la modificaci\u00f3 pressupost\u00e0ria que permet la inversi\u00f3 de 520.000 euros durant el present exercici per a l&#8217;arranjament de camins en tot el terme municipal. <a class=\"mh-excerpt-more\" href=\"https:\/\/www.tucomarca.com\/wordpress\/segunda\/ca\/xiva-aprova-la-modificacio-pressupostaria-que-permet-la-inversio-de-520-000-euros-per-a-larranjament-de-camins\/\" title=\"Xiva aprova la modificaci\u00f3 pressupost\u00e0ria que permet la inversi\u00f3 de 520.000 euros per a l&#8217;arranjament de camins\">[+] <\/a><\/div>\n","protected":false},"author":1,"featured_media":227596,"comment_status":"open","ping_status":"open","sticky":false,"template":"","format":"standard","meta":{"footnotes":""},"categories":[10948,10894,10912,10947,10896,10975],"tags":[11195,10914,13053],"class_list":{"0":"post-227599","1":"post","2":"type-post","3":"status-publish","4":"format-standard","5":"has-post-thumbnail","7":"category-infraestructuras-ca","8":"category-la-comarca-ca","9":"category-la-hoya-ca","10":"category-politica","11":"category-seccion-ca","12":"category-chiva-ca","13":"tag-chiva-ca","14":"tag-la-hoya-de-bunol-chiva-ca","15":"tag-pleno-ca"},"_links":{"self":[{"href":"https:\/\/www.tucomarca.com\/wordpress\/segunda\/ca\/wp-json\/wp\/v2\/posts\/227599","targetHints":{"allow":["GET"]}}],"collection":[{"href":"https:\/\/www.tucomarca.com\/wordpress\/segunda\/ca\/wp-json\/wp\/v2\/posts"}],"about":[{"href":"https:\/\/www.tucomarca.com\/wordpress\/segunda\/ca\/wp-json\/wp\/v2\/types\/post"}],"author":[{"embeddable":true,"href":"https:\/\/www.tucomarca.com\/wordpress\/segunda\/ca\/wp-json\/wp\/v2\/users\/1"}],"replies":[{"embeddable":true,"href":"https:\/\/www.tucomarca.com\/wordpress\/segunda\/ca\/wp-json\/wp\/v2\/comments?post=227599"}],"version-history":[{"count":0,"href":"https:\/\/www.tucomarca.com\/wordpress\/segunda\/ca\/wp-json\/wp\/v2\/posts\/227599\/revisions"}],"wp:featuredmedia":[{"embeddable":true,"href":"https:\/\/www.tucomarca.com\/wordpress\/segunda\/ca\/wp-json\/wp\/v2\/media\/227596"}],"wp:attachment":[{"href":"https:\/\/www.tucomarca.com\/wordpress\/segunda\/ca\/wp-json\/wp\/v2\/media?parent=227599"}],"wp:term":[{"taxonomy":"category","embeddable":true,"href":"https:\/\/www.tucomarca.com\/wordpress\/segunda\/ca\/wp-json\/wp\/v2\/categories?post=227599"},{"taxonomy":"post_tag","embeddable":true,"href":"https:\/\/www.tucomarca.com\/wordpress\/segunda\/ca\/wp-json\/wp\/v2\/tags?post=227599"}],"curies":[{"name":"wp","href":"https:\/\/api.w.org\/{rel}","templated":true}]}}