{"id":227830,"date":"2024-06-27T10:25:00","date_gmt":"2024-06-27T08:25:00","guid":{"rendered":"https:\/\/www.tucomarca.com\/wordpress\/segunda\/?p=227830"},"modified":"2024-06-27T11:51:57","modified_gmt":"2024-06-27T09:51:57","slug":"estudiants-de-colombia-visiten-lajuntament-de-xest-per-a-coneixer-els-seus-projectes-mediambientals","status":"publish","type":"post","link":"https:\/\/www.tucomarca.com\/wordpress\/segunda\/ca\/estudiants-de-colombia-visiten-lajuntament-de-xest-per-a-coneixer-els-seus-projectes-mediambientals\/","title":{"rendered":"Estudiants de Col\u00f2mbia visiten l&#8217;Ajuntament de Xest per a con\u00e9ixer els seus projectes mediambientals"},"content":{"rendered":"\n<p>Un grup de 20 estudiants de Col\u00f2mbia que est\u00e0 realitzant el curs d&#8217;Economia de plataformes i negocis disruptius a Val\u00e8ncia, va visitar dimarts passat, 25 de juny, l&#8217;Ajuntament de Xest, on van ser rebuts pel regidor de Medi Ambient, David Pujals, per a presentar-los els projectes \u201cXest Luz Verde\u201d i \u201cNova gesti\u00f3 de recollida de residus s\u00f2lids urbans (RSU)\u201d. La visita va comptar amb l&#8217;acompanyament del Dr. Fernando Castell\u00f3-Sirvent, professor, economista i investigador, i la Dra. Marta Peris-Ortiz, catedr\u00e0tica d&#8217;Economia, Emprenedoria i Empresa.<\/p>\n\n\n\n<p>El grup d&#8217;estudiants de Col\u00f2mbia que va visitar el consistori chestano est\u00e0 formant-se a Espanya mitjan\u00e7ant un acord de col\u00b7laboraci\u00f3 entre la Universitat Polit\u00e8cnica de Val\u00e8ncia i la Universitat Sergio Arboleda de Col\u00f2mbia i va mostrar inter\u00e9s per aprofundir en el projecte \u201cXest Luz Verde\u201d, una iniciativa pionera per a un consum energ\u00e8tic sostenible que ha obtingut reconeixements a Espanya, Col\u00f2mbia, M\u00e8xic i el Marroc. Durant la visita, el regidor de Medi Ambient va explicar tots els detalls sobre el seu contingut. \u201cAquest projecte \u00e9s ja un referent de la col\u00b7laboraci\u00f3 sostenible p\u00fablic-privada dins del marc de l&#8217;Agenda 2030 i del compliment dels Objectius de Desenvolupament Sostenible\u201d, apuntava Pujals.<\/p>\n\n\n\n<figure class=\"wp-block-image size-full\"><img loading=\"lazy\" decoding=\"async\" width=\"886\" height=\"665\" src=\"http:\/\/www.tucomarca.com\/wordpress\/segunda\/wp-content\/uploads\/2024\/06\/EstudiantesUPVColombia1.jpg\" alt=\"\" class=\"wp-image-227825\" srcset=\"https:\/\/www.tucomarca.com\/wordpress\/segunda\/wp-content\/uploads\/2024\/06\/EstudiantesUPVColombia1.jpg 886w, https:\/\/www.tucomarca.com\/wordpress\/segunda\/wp-content\/uploads\/2024\/06\/EstudiantesUPVColombia1-300x225.jpg 300w, https:\/\/www.tucomarca.com\/wordpress\/segunda\/wp-content\/uploads\/2024\/06\/EstudiantesUPVColombia1-768x576.jpg 768w, https:\/\/www.tucomarca.com\/wordpress\/segunda\/wp-content\/uploads\/2024\/06\/EstudiantesUPVColombia1-678x509.jpg 678w, https:\/\/www.tucomarca.com\/wordpress\/segunda\/wp-content\/uploads\/2024\/06\/EstudiantesUPVColombia1-326x245.jpg 326w, https:\/\/www.tucomarca.com\/wordpress\/segunda\/wp-content\/uploads\/2024\/06\/EstudiantesUPVColombia1-80x60.jpg 80w\" sizes=\"auto, (max-width: 886px) 100vw, 886px\" \/><\/figure>\n\n\n\n<p>A m\u00e9s, la xarrada va incloure informaci\u00f3 sobre el plantejament inicial del projecte de \u201cNova gesti\u00f3 de recollida de RSU\u201d de l&#8217;Ajuntament, destinat a tota la ciutadania, incloent-hi el xicotet comer\u00e7 i a les empreses dels pol\u00edgons industrials. Aquest punt va comptar amb les aportacions de Carlos Rodr\u00edguez, t\u00e8cnic de medi ambient i activitats, i de Sandra Fraile, educadora ambiental, els qui tamb\u00e9 van exposar el treball que s&#8217;est\u00e0 realitzant la Regidoria de Medi Ambient en mat\u00e8ria de sensibilitzaci\u00f3 ciutadana i control d&#8217;abocaments.<\/p>\n\n\n\n<p>\u201cXest Luz Verde i el nou projecte de RSU s\u00f3n exemples vius que el talent naix i es desenvolupa en qualsevol part. L&#8217;\u00fanica cosa que es necessiten s\u00f3n ganes, esfor\u00e7, inter\u00e9s i un objectiu clar\u201d, declarava el regidor. \u201cDespr\u00e9s, cada projecte t\u00e9 els seus temps per a fer-se realitat. A vegades \u00e9s necessari lluitar per ells; per\u00f2, amb const\u00e0ncia, es poden aconseguir grans objectius. Per a la nostra Regidoria aix\u00f2 es tradueix, sens dubte, en un millor futur per a Xest i els seus habitants\u201d.<\/p>\n","protected":false},"excerpt":{"rendered":"<div class=\"mh-excerpt\">Un grup de 20 estudiants de Col\u00f2mbia que est\u00e0 realitzant el curs d&#8217;Economia de plataformes i negocis disruptius a Val\u00e8ncia, va visitar dimarts passat, 25 de juny, l&#8217;Ajuntament de Xest, on van ser rebuts pel <a class=\"mh-excerpt-more\" href=\"https:\/\/www.tucomarca.com\/wordpress\/segunda\/ca\/estudiants-de-colombia-visiten-lajuntament-de-xest-per-a-coneixer-els-seus-projectes-mediambientals\/\" title=\"Estudiants de Col\u00f2mbia visiten l&#8217;Ajuntament de Xest per a con\u00e9ixer els seus projectes mediambientals\">[+] <\/a><\/div>\n","protected":false},"author":12,"featured_media":227828,"comment_status":"open","ping_status":"open","sticky":false,"template":"","format":"standard","meta":{"footnotes":""},"categories":[10948,10894,10912,10903,11007,10947,10896,10974],"tags":[11071,15575,10914],"class_list":{"0":"post-227830","1":"post","2":"type-post","3":"status-publish","4":"format-standard","5":"has-post-thumbnail","7":"category-infraestructuras-ca","8":"category-la-comarca-ca","9":"category-la-hoya-ca","10":"category-medio-ambiente-la-comarca-ca","11":"category-ocio-y-cultura-ca","12":"category-politica","13":"category-seccion-ca","14":"category-cheste-ca","15":"tag-cheste","16":"tag-cheste-luz-verde-ca","17":"tag-la-hoya-de-bunol-chiva-ca"},"_links":{"self":[{"href":"https:\/\/www.tucomarca.com\/wordpress\/segunda\/ca\/wp-json\/wp\/v2\/posts\/227830","targetHints":{"allow":["GET"]}}],"collection":[{"href":"https:\/\/www.tucomarca.com\/wordpress\/segunda\/ca\/wp-json\/wp\/v2\/posts"}],"about":[{"href":"https:\/\/www.tucomarca.com\/wordpress\/segunda\/ca\/wp-json\/wp\/v2\/types\/post"}],"author":[{"embeddable":true,"href":"https:\/\/www.tucomarca.com\/wordpress\/segunda\/ca\/wp-json\/wp\/v2\/users\/12"}],"replies":[{"embeddable":true,"href":"https:\/\/www.tucomarca.com\/wordpress\/segunda\/ca\/wp-json\/wp\/v2\/comments?post=227830"}],"version-history":[{"count":0,"href":"https:\/\/www.tucomarca.com\/wordpress\/segunda\/ca\/wp-json\/wp\/v2\/posts\/227830\/revisions"}],"wp:featuredmedia":[{"embeddable":true,"href":"https:\/\/www.tucomarca.com\/wordpress\/segunda\/ca\/wp-json\/wp\/v2\/media\/227828"}],"wp:attachment":[{"href":"https:\/\/www.tucomarca.com\/wordpress\/segunda\/ca\/wp-json\/wp\/v2\/media?parent=227830"}],"wp:term":[{"taxonomy":"category","embeddable":true,"href":"https:\/\/www.tucomarca.com\/wordpress\/segunda\/ca\/wp-json\/wp\/v2\/categories?post=227830"},{"taxonomy":"post_tag","embeddable":true,"href":"https:\/\/www.tucomarca.com\/wordpress\/segunda\/ca\/wp-json\/wp\/v2\/tags?post=227830"}],"curies":[{"name":"wp","href":"https:\/\/api.w.org\/{rel}","templated":true}]}}