{"id":227958,"date":"2024-06-28T09:30:00","date_gmt":"2024-06-28T07:30:00","guid":{"rendered":"https:\/\/www.tucomarca.com\/wordpress\/segunda\/?p=227958"},"modified":"2024-06-28T15:39:31","modified_gmt":"2024-06-28T13:39:31","slug":"la-regidoria-desports-de-bunyol-continua-apostant-pel-ciclisme-despres-daconseguir-que-la-volta-a-valencia-passe-pel-municipi-en-setembre","status":"publish","type":"post","link":"https:\/\/www.tucomarca.com\/wordpress\/segunda\/ca\/la-regidoria-desports-de-bunyol-continua-apostant-pel-ciclisme-despres-daconseguir-que-la-volta-a-valencia-passe-pel-municipi-en-setembre\/","title":{"rendered":"La regidoria d&#8217;Esports de Bunyol continua apostant pel ciclisme despr\u00e9s d&#8217;aconseguir que la Volta a Val\u00e8ncia passe pel municipi en setembre"},"content":{"rendered":"\n<h3 class=\"wp-block-heading\">Ulisses Araujo, regidor d&#8217;Esports de l&#8217;Ajuntament de Bunyol, ha confirmat que els ciclistes passaran per la nostra localitat en l&#8217;etapa que ix de Xest i finalitza a Aiora.<\/h3>\n\n\n\n<p>La regidoria d&#8217;Esports de Bunyol ha fet p\u00fablic que despr\u00e9s de reunir-se amb Javier Montaner, la Volta a Val\u00e8ncia passar\u00e0 per la nostra poblaci\u00f3 el 7 de setembre. Avancem que ser\u00e0 l&#8217;Etapa Reina de la Volta i passar\u00e0 dues vegades pel nostre poble. En aquesta segona etapa de la Volta s&#8217;eixir\u00e0 de Xest i passaran per Bunyol en dues ocasions, amb dos recorreguts diferents per la poblaci\u00f3 i el terme despr\u00e9s de travessar poblacions ve\u00efnes i que continuaran la seua carrera fins a finalitzar a Aiora.<br>Despr\u00e9s d&#8217;anys sense aquesta disciplina en la localitat, aquest ser\u00e0 el tercer esdeveniment ciclista de l&#8217;any 2024, ja que va ser aquesta localitat el punt d&#8217;eixida de la Segona Etapa de la Volta Ciclista a Espanya Femenina el passat 29 d&#8217;abril, i el dia d&#8217;abans, la Marxa MTB \u2013 circuit de la Diputaci\u00f3 de Val\u00e8ncia. Sens dubte es remarca l&#8217;inter\u00e9s d&#8217;aquesta regidoria de reflotar de nou a Bunyol l&#8217;esport de les dues rodes, que tants seguidors est\u00e0 tenint en els \u00faltims temps.<br>La Volta Ciclista a la Prov\u00edncia de Val\u00e8ncia \u00e9s un esdeveniment esportiu de car\u00e0cter internacional en el qual participen 20 dels millors equips del panorama nacional i internacional de la categoria elit\/sub-23, buscant deixar el seu segell d&#8217;identitat i fer el salt al professionalisme.<br>Ulisses Araujo, regidor d&#8217;Esports, ja t\u00e9 al cap altres esdeveniments esportius d&#8217;alt nivell per a 2025. De moment aquesta Volta Ciclista a la prov\u00edncia de Val\u00e8ncia que passar\u00e0 per Bunyol el 7 de setembre segur que \u00e9s molt seguida per ve\u00efns i visitants amants de les dues rodes.<\/p>\n","protected":false},"excerpt":{"rendered":"<div class=\"mh-excerpt\">Ulisses Araujo, regidor d&#8217;Esports de l&#8217;Ajuntament de Bunyol, ha confirmat que els ciclistes passaran per la nostra localitat en l&#8217;etapa que ix de Xest i finalitza a Aiora. La regidoria d&#8217;Esports de Bunyol ha fet <a class=\"mh-excerpt-more\" href=\"https:\/\/www.tucomarca.com\/wordpress\/segunda\/ca\/la-regidoria-desports-de-bunyol-continua-apostant-pel-ciclisme-despres-daconseguir-que-la-volta-a-valencia-passe-pel-municipi-en-setembre\/\" title=\"La regidoria d&#8217;Esports de Bunyol continua apostant pel ciclisme despr\u00e9s d&#8217;aconseguir que la Volta a Val\u00e8ncia passe pel municipi en setembre\">[+] <\/a><\/div>\n","protected":false},"author":12,"featured_media":227956,"comment_status":"open","ping_status":"open","sticky":false,"template":"","format":"standard","meta":{"footnotes":""},"categories":[10911,11013,11003,10912,10896],"tags":[10913,10914,20916],"class_list":{"0":"post-227958","1":"post","2":"type-post","3":"status-publish","4":"format-standard","5":"has-post-thumbnail","7":"category-bunol-ca","8":"category-ciclismo-ca","9":"category-sports","10":"category-la-hoya-ca","11":"category-seccion-ca","12":"tag-bunol-ca","13":"tag-la-hoya-de-bunol-chiva-ca","14":"tag-volta-a-valencia-ca"},"_links":{"self":[{"href":"https:\/\/www.tucomarca.com\/wordpress\/segunda\/ca\/wp-json\/wp\/v2\/posts\/227958","targetHints":{"allow":["GET"]}}],"collection":[{"href":"https:\/\/www.tucomarca.com\/wordpress\/segunda\/ca\/wp-json\/wp\/v2\/posts"}],"about":[{"href":"https:\/\/www.tucomarca.com\/wordpress\/segunda\/ca\/wp-json\/wp\/v2\/types\/post"}],"author":[{"embeddable":true,"href":"https:\/\/www.tucomarca.com\/wordpress\/segunda\/ca\/wp-json\/wp\/v2\/users\/12"}],"replies":[{"embeddable":true,"href":"https:\/\/www.tucomarca.com\/wordpress\/segunda\/ca\/wp-json\/wp\/v2\/comments?post=227958"}],"version-history":[{"count":0,"href":"https:\/\/www.tucomarca.com\/wordpress\/segunda\/ca\/wp-json\/wp\/v2\/posts\/227958\/revisions"}],"wp:featuredmedia":[{"embeddable":true,"href":"https:\/\/www.tucomarca.com\/wordpress\/segunda\/ca\/wp-json\/wp\/v2\/media\/227956"}],"wp:attachment":[{"href":"https:\/\/www.tucomarca.com\/wordpress\/segunda\/ca\/wp-json\/wp\/v2\/media?parent=227958"}],"wp:term":[{"taxonomy":"category","embeddable":true,"href":"https:\/\/www.tucomarca.com\/wordpress\/segunda\/ca\/wp-json\/wp\/v2\/categories?post=227958"},{"taxonomy":"post_tag","embeddable":true,"href":"https:\/\/www.tucomarca.com\/wordpress\/segunda\/ca\/wp-json\/wp\/v2\/tags?post=227958"}],"curies":[{"name":"wp","href":"https:\/\/api.w.org\/{rel}","templated":true}]}}