{"id":227989,"date":"2024-06-28T09:30:00","date_gmt":"2024-06-28T07:30:00","guid":{"rendered":"https:\/\/www.tucomarca.com\/wordpress\/segunda\/?p=227989"},"modified":"2024-06-28T16:53:47","modified_gmt":"2024-06-28T14:53:47","slug":"la-secretaria-autonomica-de-turisme-i-lalcalde-dutiel-estudien-vies-de-collaboracio-per-a-impulsar-el-turisme","status":"publish","type":"post","link":"https:\/\/www.tucomarca.com\/wordpress\/segunda\/ca\/la-secretaria-autonomica-de-turisme-i-lalcalde-dutiel-estudien-vies-de-collaboracio-per-a-impulsar-el-turisme\/","title":{"rendered":"La secret\u00e0ria auton\u00f2mica de Turisme i l&#8217;alcalde d&#8217;Utiel estudien vies de col\u00b7laboraci\u00f3 per a impulsar el turisme"},"content":{"rendered":"\n<p><strong>Cristina Moreno ha visitat Utiel on ha mantingut una reuni\u00f3 amb l&#8217;alcalde, Ricardo Gabald\u00f3n<\/strong><\/p>\n\n\n\n<p>La secret\u00e0ria auton\u00f2mica de Turisme, Cristina Moreno, ha visitat aquest divendres el municipi d&#8217;Utiel per a con\u00e9ixer el desenvolupament del sector tur\u00edstic en la zona, aix\u00ed com les seues estrat\u00e8gies de futur.&nbsp;<\/p>\n\n\n\n<p>Durant la visita, Cristina Moreno ha mantingut una reuni\u00f3 amb l&#8217;alcalde d&#8217;Utiel, Ricardo Gabald\u00f3n, on s&#8217;han comprom\u00e9s a treballar conjuntament per a impulsar el turisme de tota la zona.<\/p>\n\n\n\n<p>De la mateixa manera, ha visitat, acompanyada per l&#8217;alcalde i la corporaci\u00f3 municipal, els principals enclavaments tur\u00edstics del municipi, com el Museu de la Vinya i el Vi-Celler Red\u00f3, i ha destacat el potencial tur\u00edstic de la localitat vinculat a l&#8217;enologia.<\/p>\n","protected":false},"excerpt":{"rendered":"<div class=\"mh-excerpt\">Cristina Moreno ha visitat Utiel on ha mantingut una reuni\u00f3 amb l&#8217;alcalde, Ricardo Gabald\u00f3n La secret\u00e0ria auton\u00f2mica de Turisme, Cristina Moreno, ha visitat aquest divendres el municipi d&#8217;Utiel per a con\u00e9ixer el desenvolupament del sector <a class=\"mh-excerpt-more\" href=\"https:\/\/www.tucomarca.com\/wordpress\/segunda\/ca\/la-secretaria-autonomica-de-turisme-i-lalcalde-dutiel-estudien-vies-de-collaboracio-per-a-impulsar-el-turisme\/\" title=\"La secret\u00e0ria auton\u00f2mica de Turisme i l&#8217;alcalde d&#8217;Utiel estudien vies de col\u00b7laboraci\u00f3 per a impulsar el turisme\">[+] <\/a><\/div>\n","protected":false},"author":13,"featured_media":227987,"comment_status":"open","ping_status":"open","sticky":false,"template":"","format":"standard","meta":{"footnotes":""},"categories":[10898,10948,10894,11007,10947,10909,10896,11059],"tags":[10910,12962,11174],"class_list":{"0":"post-227989","1":"post","2":"type-post","3":"status-publish","4":"format-standard","5":"has-post-thumbnail","7":"category-ventana-ca","8":"category-infraestructuras-ca","9":"category-la-comarca-ca","10":"category-ocio-y-cultura-ca","11":"category-politica","12":"category-requena-utiel-ca","13":"category-seccion-ca","14":"category-utiel-ca","15":"tag-requena-utiel-ca","16":"tag-turismo-ca","17":"tag-utiel-ca"},"_links":{"self":[{"href":"https:\/\/www.tucomarca.com\/wordpress\/segunda\/ca\/wp-json\/wp\/v2\/posts\/227989","targetHints":{"allow":["GET"]}}],"collection":[{"href":"https:\/\/www.tucomarca.com\/wordpress\/segunda\/ca\/wp-json\/wp\/v2\/posts"}],"about":[{"href":"https:\/\/www.tucomarca.com\/wordpress\/segunda\/ca\/wp-json\/wp\/v2\/types\/post"}],"author":[{"embeddable":true,"href":"https:\/\/www.tucomarca.com\/wordpress\/segunda\/ca\/wp-json\/wp\/v2\/users\/13"}],"replies":[{"embeddable":true,"href":"https:\/\/www.tucomarca.com\/wordpress\/segunda\/ca\/wp-json\/wp\/v2\/comments?post=227989"}],"version-history":[{"count":0,"href":"https:\/\/www.tucomarca.com\/wordpress\/segunda\/ca\/wp-json\/wp\/v2\/posts\/227989\/revisions"}],"wp:featuredmedia":[{"embeddable":true,"href":"https:\/\/www.tucomarca.com\/wordpress\/segunda\/ca\/wp-json\/wp\/v2\/media\/227987"}],"wp:attachment":[{"href":"https:\/\/www.tucomarca.com\/wordpress\/segunda\/ca\/wp-json\/wp\/v2\/media?parent=227989"}],"wp:term":[{"taxonomy":"category","embeddable":true,"href":"https:\/\/www.tucomarca.com\/wordpress\/segunda\/ca\/wp-json\/wp\/v2\/categories?post=227989"},{"taxonomy":"post_tag","embeddable":true,"href":"https:\/\/www.tucomarca.com\/wordpress\/segunda\/ca\/wp-json\/wp\/v2\/tags?post=227989"}],"curies":[{"name":"wp","href":"https:\/\/api.w.org\/{rel}","templated":true}]}}