{"id":228027,"date":"2024-06-30T12:00:00","date_gmt":"2024-06-30T10:00:00","guid":{"rendered":"https:\/\/www.tucomarca.com\/wordpress\/segunda\/?p=228027"},"modified":"2024-07-01T12:31:41","modified_gmt":"2024-07-01T10:31:41","slug":"riba-roja-de-turia-organitza-el-vii-curs-darqueologia-cristiana-i-visigoda-en-el-jaciment-de-valencia-la-vella","status":"publish","type":"post","link":"https:\/\/www.tucomarca.com\/wordpress\/segunda\/ca\/riba-roja-de-turia-organitza-el-vii-curs-darqueologia-cristiana-i-visigoda-en-el-jaciment-de-valencia-la-vella\/","title":{"rendered":"Riba-roja de T\u00faria organitza el VII Curs d&#8217;Arqueologia Cristiana i Visigoda en el jaciment de Val\u00e8ncia la Vella"},"content":{"rendered":"\n<h3 class=\"wp-block-heading\">El curs es desenvolupar\u00e0 entre els pr\u00f2xims dies 1 i 19 de juliol en el qual participaran un total de 12 estudiants d&#8217;arqueologia en grau i post grau<\/h3>\n\n\n\n<p>El jaciment arqueol\u00f2gic de Val\u00e8ncia la Vella a Riba-roja de T\u00faria acollir\u00e0 entre els pr\u00f2xims dies 1 i 19 de juliol el VII Curs d&#8217;Arqueologia Cristiana i Visigoda, organitzat per l&#8217;Ajuntament de Riba-roja de T\u00faria i el Institut Catal\u00e0 d\u2019Arqueologia Cl\u00e0ssica i el suport de la Diputaci\u00f3 de Val\u00e8ncia. En total, participaran 12 estudiants d&#8217;arqueologia en grau i post grau i tres places reservades a alumnes de la Universitat de Val\u00e8ncia.<\/p>\n\n\n\n<figure class=\"wp-block-gallery has-nested-images columns-default is-cropped wp-block-gallery-1 is-layout-flex wp-block-gallery-is-layout-flex\">\n<figure class=\"wp-block-image size-large\"><img loading=\"lazy\" decoding=\"async\" width=\"886\" height=\"640\" data-id=\"228021\" src=\"https:\/\/www.tucomarca.com\/wordpress\/segunda\/wp-content\/uploads\/2024\/06\/Riba-YacimValenciaVella2.jpg\" alt=\"\" class=\"wp-image-228021\" srcset=\"https:\/\/www.tucomarca.com\/wordpress\/segunda\/wp-content\/uploads\/2024\/06\/Riba-YacimValenciaVella2.jpg 886w, https:\/\/www.tucomarca.com\/wordpress\/segunda\/wp-content\/uploads\/2024\/06\/Riba-YacimValenciaVella2-300x217.jpg 300w, https:\/\/www.tucomarca.com\/wordpress\/segunda\/wp-content\/uploads\/2024\/06\/Riba-YacimValenciaVella2-768x555.jpg 768w\" sizes=\"auto, (max-width: 886px) 100vw, 886px\" \/><\/figure>\n\n\n\n<figure class=\"wp-block-image size-large\"><img loading=\"lazy\" decoding=\"async\" width=\"886\" height=\"574\" data-id=\"228019\" src=\"https:\/\/www.tucomarca.com\/wordpress\/segunda\/wp-content\/uploads\/2024\/06\/Riba-YacimValenciaVella.jpg\" alt=\"\" class=\"wp-image-228019\" srcset=\"https:\/\/www.tucomarca.com\/wordpress\/segunda\/wp-content\/uploads\/2024\/06\/Riba-YacimValenciaVella.jpg 886w, https:\/\/www.tucomarca.com\/wordpress\/segunda\/wp-content\/uploads\/2024\/06\/Riba-YacimValenciaVella-300x194.jpg 300w, https:\/\/www.tucomarca.com\/wordpress\/segunda\/wp-content\/uploads\/2024\/06\/Riba-YacimValenciaVella-768x498.jpg 768w\" sizes=\"auto, (max-width: 886px) 100vw, 886px\" \/><\/figure>\n<\/figure>\n\n\n\n<p>El curs t\u00e9 com a objectiu principal acostar als participants a la metodologia b\u00e0sica d&#8217;excavaci\u00f3 i an\u00e0lisi arqueol\u00f2gica a trav\u00e9s d&#8217;un programa que, dia a dia, combinar\u00e0 el treball de camp en el jaciment amb el tractament dels resultats obtinguts. Les classes te\u00f2riques durant el curs es completaran amb la visita dels estudiants a altres jaciments arqueol\u00f2gics valencians.<\/p>\n\n\n\n<p>El curs estar\u00e0 dirigit pels arque\u00f2legs Josep Maria Macias i \u00d3scar Cald\u00e9s, la coordinaci\u00f3 d&#8217;Albert Ribera i l&#8217;equip t\u00e8cnic Francesc Rodr\u00edguez, Itziar Guti\u00e9rrez i Belisa Tar\u00edn. Als matins, en horari de 7 a 13 hores es desenvoluparan els treballs d&#8217;excavaci\u00f3 arqueol\u00f2gica en el jaciment de Val\u00e8ncia la Vella mentre que, a les vesprades, de 16.30 a 20 hores, tindran lloc els treballs de gabinet i activitats formatives.<\/p>\n\n\n\n<p>L&#8217;organitzaci\u00f3 es far\u00e0 c\u00e0rrec de l&#8217;allotjament dels alumnes entre els dies 30 de juny i 19 de juliol, amb la manutenci\u00f3 \u00edntegra dels participants, excepte els per\u00edodes de lliure disposici\u00f3. A m\u00e9s, l&#8217;organitzar\u00e0 assumir\u00e0 les despeses derivades de la p\u00f2lissa asseguradora de cadascun dels estudiants participants, els qui hauran d&#8217;aportar el cal\u00e7at de seguretat, els guants i el capell.<\/p>\n\n\n\n<p>Cal recordar que el jaciment de Val\u00e8ncia la Vella afona les seues arrels en l&#8217;\u00e8poca visigoda, situat a 16 quil\u00f2metres de la ciutat de Val\u00e8ncia, en un enclavament emmurallat, fortificat per diverses hect\u00e0rees d&#8217;extensi\u00f3, paradigma del creixement i desenvolupament del territori de Valentia entre els per\u00edodes hist\u00f2rics visigot i musulm\u00e0, i amb unes notables caracter\u00edstiques pr\u00f2pies de la situaci\u00f3 defensiva de l&#8217;\u00e8poca, enclavat en el propi Parc Natural del riu T\u00faria.<br>Les actuacions dutes a terme durant els \u00faltims anys en la zona han perm\u00e9s extraure algunes conclusions sobre les funcions i l&#8217;origen primigeni del jaciment arqueol\u00f2gic, fundat, possiblement, amb la categoria de ciutat, en un estat potent datat entre els anys 560 i 580 despr\u00e9s de Crist. Els sondejos desenvolupats denoten, tamb\u00e9, l&#8217;exist\u00e8ncia d&#8217;una trama urbana densa i organitzada en les diverses plataformes, amb un sector privilegiat en la part alta i una \u00e0rea baixa dedicada a la producci\u00f3 artesanal, metal\u00b7l\u00fargica i altra com a camp de sitges.<\/p>\n\n\n\n<p>En els treballs del passat any 2023 realitzats pels participants i els arque\u00f2legs es va continuar estudiant les noves troballes i el material existent en la zona fins al punt de poder deduir-se la possibilitat d&#8217;un taller propi de fabricaci\u00f3 de monedes a Val\u00e8ncia la Vella si es confirmen els estudis i les an\u00e0lisis dutes a terme en aquesta zona. A m\u00e9s, s&#8217;han recuperat una gran varietat de restes i materials propis de l&#8217;\u00e8poca.<\/p>\n\n\n\n<p>De fet, l&#8217;any passat es van localitzar m\u00e9s de 50 monedes d&#8217;\u00fas legal en l&#8217;\u00e8poca visigoda del jaciment de Val\u00e8ncia la Vella a Riba-roja de T\u00faria, algunes d&#8217;elles encunyades a la It\u00e0lia del regne Ostrogot, a m\u00e9s d&#8217;altres procedents de l&#8217;actual zona de Tun\u00edsia, i dels per\u00edodes d&#8217;ocupaci\u00f3 v\u00e0ndala i bizant\u00ed i d&#8217;altres zones de la pen\u00ednsula ib\u00e8rica. A m\u00e9s, s&#8217;ha trobat abundant cer\u00e0mica de l&#8217;\u00e8poca analitzada.<\/p>\n\n\n\n<p>L&#8217;alcalde de Riba-roja de T\u00faria, Robert Raga, ha subratllat la import\u00e0ncia de les diverses edicions dutes a terme a Val\u00e8ncia la Vella \u201camb un excel\u00b7lent treball desenvolupat per un gran equip d&#8217;arque\u00f2legs i els alumnes que any rere any prenen part en aquest curs i que permet con\u00e9ixer, a poc a poc, diversos aspectes de l&#8217;\u00e8poca visigoda, la seua cultura, la seua gent i els seus costums, un llegat que hem de descobrir i protegir\u201d<\/p>\n","protected":false},"excerpt":{"rendered":"<div class=\"mh-excerpt\">El curs es desenvolupar\u00e0 entre els pr\u00f2xims dies 1 i 19 de juliol en el qual participaran un total de 12 estudiants d&#8217;arqueologia en grau i post grau El jaciment arqueol\u00f2gic de Val\u00e8ncia la Vella <a class=\"mh-excerpt-more\" href=\"https:\/\/www.tucomarca.com\/wordpress\/segunda\/ca\/riba-roja-de-turia-organitza-el-vii-curs-darqueologia-cristiana-i-visigoda-en-el-jaciment-de-valencia-la-vella\/\" title=\"Riba-roja de T\u00faria organitza el VII Curs d&#8217;Arqueologia Cristiana i Visigoda en el jaciment de Val\u00e8ncia la Vella\">[+] <\/a><\/div>\n","protected":false},"author":12,"featured_media":228024,"comment_status":"open","ping_status":"open","sticky":false,"template":"","format":"gallery","meta":{"footnotes":""},"categories":[10892,10948,10894,11007,10906,10896],"tags":[10899,15024,20921],"class_list":{"0":"post-228027","1":"post","2":"type-post","3":"status-publish","4":"format-gallery","5":"has-post-thumbnail","7":"category-camp-de-turia-ca","8":"category-infraestructuras-ca","9":"category-la-comarca-ca","10":"category-ocio-y-cultura-ca","11":"category-riba-roja-ca","12":"category-seccion-ca","13":"tag-camp-de-turia-ca","14":"tag-riba-roja-de-turia-ca","15":"tag-vii-curso-de-arqueologia-cristiana-y-visigoda-ca","16":"post_format-post-format-gallery"},"_links":{"self":[{"href":"https:\/\/www.tucomarca.com\/wordpress\/segunda\/ca\/wp-json\/wp\/v2\/posts\/228027","targetHints":{"allow":["GET"]}}],"collection":[{"href":"https:\/\/www.tucomarca.com\/wordpress\/segunda\/ca\/wp-json\/wp\/v2\/posts"}],"about":[{"href":"https:\/\/www.tucomarca.com\/wordpress\/segunda\/ca\/wp-json\/wp\/v2\/types\/post"}],"author":[{"embeddable":true,"href":"https:\/\/www.tucomarca.com\/wordpress\/segunda\/ca\/wp-json\/wp\/v2\/users\/12"}],"replies":[{"embeddable":true,"href":"https:\/\/www.tucomarca.com\/wordpress\/segunda\/ca\/wp-json\/wp\/v2\/comments?post=228027"}],"version-history":[{"count":0,"href":"https:\/\/www.tucomarca.com\/wordpress\/segunda\/ca\/wp-json\/wp\/v2\/posts\/228027\/revisions"}],"wp:featuredmedia":[{"embeddable":true,"href":"https:\/\/www.tucomarca.com\/wordpress\/segunda\/ca\/wp-json\/wp\/v2\/media\/228024"}],"wp:attachment":[{"href":"https:\/\/www.tucomarca.com\/wordpress\/segunda\/ca\/wp-json\/wp\/v2\/media?parent=228027"}],"wp:term":[{"taxonomy":"category","embeddable":true,"href":"https:\/\/www.tucomarca.com\/wordpress\/segunda\/ca\/wp-json\/wp\/v2\/categories?post=228027"},{"taxonomy":"post_tag","embeddable":true,"href":"https:\/\/www.tucomarca.com\/wordpress\/segunda\/ca\/wp-json\/wp\/v2\/tags?post=228027"}],"curies":[{"name":"wp","href":"https:\/\/api.w.org\/{rel}","templated":true}]}}