{"id":228173,"date":"2024-07-01T12:30:00","date_gmt":"2024-07-01T10:30:00","guid":{"rendered":"https:\/\/www.tucomarca.com\/wordpress\/segunda\/?p=228173"},"modified":"2024-07-01T19:47:10","modified_gmt":"2024-07-01T17:47:10","slug":"xest-celebra-el-seu-primer-orgull-chestano-amb-tres-dies-dactivitats-amb-tematica-lgtbiqa","status":"publish","type":"post","link":"https:\/\/www.tucomarca.com\/wordpress\/segunda\/ca\/xest-celebra-el-seu-primer-orgull-chestano-amb-tres-dies-dactivitats-amb-tematica-lgtbiqa\/","title":{"rendered":"Xest celebra el seu primer \u201cOrgull chestano\u201d amb tres dies d&#8217;activitats amb tem\u00e0tica LGTBIQA+"},"content":{"rendered":"\n<p>Coincidint amb la celebraci\u00f3 del Dia Internacional de l&#8217;Orgull LGTBIQA+, divendres passat, 28 de juny, s&#8217;obria a Xest el programa d&#8217;actes de les primeres Festes de l&#8217;Orgull LGTBIQA+ que es realitzen en la localitat. Aquesta celebraci\u00f3, organitzada per la Regidoria d&#8217;Igualtat i diversitat LGTBIQA+, va comptar amb diferents activitats que van proclamar els lemes \u201cXest t&#8217;estima\u201d i \u201cOrgull chestano\u201d.<\/p>\n\n\n\n<p><strong>Manifest i Drag xou<\/strong><br>Els actes van comen\u00e7ar en la vesprada del divendres amb la lectura d&#8217;un manifest, per part de B\u00e0rbara De Lacruz i \u00d3scar Bayo, i un Drag xou, oferit per Ariel Rec i Brava del Riu, amb la m\u00fasica de DJ Urko. L&#8217;esdeveniment, programat al carrer P\u00e9rez Gald\u00f3s, va comptar amb la pres\u00e8ncia de l&#8217;alcalde de Xest, Jos\u00e9 Morell, i la regidora d&#8217;Igualtat i diversitat LGTBIQA+, Brenda Jim\u00e9nez.<\/p>\n\n\n\n<p>\u201cHui \u00e9s un dia d&#8217;orgull per l&#8217;aconseguit com a societat i perqu\u00e8 Espanya \u00e9s referent en igualtat. I tamb\u00e9, d&#8217;orgull per ser el que cadascun vulga ser i per a avan\u00e7ar d&#8217;enfront d&#8217;aconseguir m\u00e9s encara\u201d, declarava l&#8217;alcalde, en l&#8217;obertura de l&#8217;acte. \u201cDes de la unitat, \u00e9s una oportunitat per a promoure un missatge de respecte i igualtat, i de rebuig als discursos d&#8217;odi i la discriminaci\u00f3 per motius d&#8217;orientaci\u00f3 sexual i identitat de g\u00e8nere. Xest se suma i no hi ha molts municipis d&#8217;aquesta grand\u00e0ria que organitzen tota una s\u00e8rie d&#8217;esdeveniments per a viure l&#8217;orgull com correspon. Per a mi era inexplicable que no f\u00f3rem en aquesta comarca una punta de llan\u00e7a, com en tantes altres coses\u201d.<\/p>\n\n\n\n<p>En la seua intervenci\u00f3, Morell va recordar algunes an\u00e8cdotes, com la col\u00b7locaci\u00f3 de la primera bandera LGTBIQA+ en el municipi, en la seua primera legislatura com a alcalde, en 2015. \u201cVa ser nom\u00e9s un s\u00edmbol, prestat per la meua amiga Olga, i esperem que alguns se sentiren reconeguts per l&#8217;Ajuntament com a instituci\u00f3. La bandera ja oneja a l&#8217;Ajuntament tots els anys, per\u00f2 calia fer un pas m\u00e9s: en 2020 es va formar un grup a Xest que pretenia organitzar un programa d&#8217;actes; encara que com tantes coses, aix\u00f2 va quedar en suspens per la pand\u00e8mia. Brenda i jo pensem a tornar a contactar amb ells per a reprendre l&#8217;assumpte i efectivament aix\u00ed es va fer. Aquest grup est\u00e0 vingut a dalt i prompte van iniciar la maquin\u00e0ria, el seu prop\u00f2sit \u00e9s constituir-se com a associaci\u00f3 perqu\u00e8 aquesta celebraci\u00f3 no siga nom\u00e9s q\u00fcesti\u00f3 d&#8217;un dia\u201d, explicava l&#8217;alcalde.<\/p>\n\n\n\n<p><strong>Activitats esportives i infantils<\/strong><br>El dissabte, la pla\u00e7a Doctor Cajal es va vestir d&#8217;arc de Sant Mart\u00ed per a celebrar una classe de ball a l&#8217;aire lliure, a c\u00e0rrec de l&#8217;Associaci\u00f3 Xest Fit, que va involucrar a totes les persones presents amb les seues coreografies, i que va comptar amb la m\u00fasica del DJ local Carlos Mas.<br>Despr\u00e9s, desenes de xiquets i xiquetes van assistir a un espectacle de compte-contes inclusius per part, de nou, de les Drags Ariel Rec i Brava del Riu, que van comptar els t\u00edtols I van ser feli\u00e7os i Monstre Rosa i van fer playback amb versions de can\u00e7ons de pel\u00b7l\u00edcules de Disney.<br>Durant tot el mat\u00ed, l&#8217;associaci\u00f3 Orgull Chestano va estar sumant adhesions en una carpa, en la qual tamb\u00e9 van oferir beguda i van vendre marxandatge reivindicatiu. Acaronar tamb\u00e9 va ser present amb un estand en el qual es van exposar diferents materials i recursos per a l&#8217;educaci\u00f3 en la diversitat.<\/p>\n\n\n\n<p><strong>Projecci\u00f3 de documental i col\u00b7loqui<\/strong><br>El diumenge, els actes de la Festa de l&#8217;Orgull es van tancar en la sala d&#8217;actes de la Fundaci\u00f3 cajacheste, amb la projecci\u00f3 de Val\u00e8ncia, t\u2019estime, el primer documental que narra la hist\u00f2ria LGTBIQA+ de la ciutat de Val\u00e8ncia, des dels anys 70 fins a comen\u00e7aments dels 2000, una \u00e8poca marcada per l&#8217;inici de la lluita igualit\u00e0ria dels drets del col\u00b7lectiu.<br>L&#8217;acte va comptar amb la participaci\u00f3 del director de la pel\u00b7l\u00edcula, Carlos Gim\u00e9nez; del conegut escriptor i activista Roy Gal\u00e1n, i del fundador de l&#8217;emblem\u00e0tic caf\u00e9 Claca, Antonio Moreno. Aar\u00f3n S\u00e1nchez, en representaci\u00f3 de l&#8217;associaci\u00f3 Orgull chestano, va ser l&#8217;enc\u00e0rrec de presentar-los, destacant el seu important paper com a referents en la lluita pels drets de les persones LGTBIQA+ i per la llibertat d&#8217;identitat de g\u00e8nere i orientaci\u00f3 sexual.<br>En finalitzar la projecci\u00f3 es va obrir un col\u00b7loqui en el qual es van compartir experi\u00e8ncies personals i es va reflexionar sobre la situaci\u00f3 actual, l&#8217;educaci\u00f3 en la diversitat a les aules, el repunt de l&#8217;homof\u00f2bia en les noves generacions o la import\u00e0ncia del suport familiar i de l&#8217;entorn per a les persones del col\u00b7lectiu LGTBIQA+, entre altres temes.<\/p>\n\n\n\n<figure class=\"wp-block-gallery has-nested-images columns-1 is-cropped wp-block-gallery-1 is-layout-flex wp-block-gallery-is-layout-flex\">\n<figure class=\"wp-block-image size-large\"><img loading=\"lazy\" decoding=\"async\" width=\"886\" height=\"617\" data-id=\"228144\" src=\"https:\/\/www.tucomarca.com\/wordpress\/segunda\/wp-content\/uploads\/2024\/07\/OrgulloChestano00.jpg\" alt=\"\" class=\"wp-image-228144\" srcset=\"https:\/\/www.tucomarca.com\/wordpress\/segunda\/wp-content\/uploads\/2024\/07\/OrgulloChestano00.jpg 886w, https:\/\/www.tucomarca.com\/wordpress\/segunda\/wp-content\/uploads\/2024\/07\/OrgulloChestano00-300x209.jpg 300w, https:\/\/www.tucomarca.com\/wordpress\/segunda\/wp-content\/uploads\/2024\/07\/OrgulloChestano00-768x535.jpg 768w\" sizes=\"auto, (max-width: 886px) 100vw, 886px\" \/><\/figure>\n\n\n\n<figure class=\"wp-block-image size-large\"><img loading=\"lazy\" decoding=\"async\" width=\"886\" height=\"591\" data-id=\"228146\" src=\"https:\/\/www.tucomarca.com\/wordpress\/segunda\/wp-content\/uploads\/2024\/07\/OrgulloChestano01.jpg\" alt=\"\" class=\"wp-image-228146\" srcset=\"https:\/\/www.tucomarca.com\/wordpress\/segunda\/wp-content\/uploads\/2024\/07\/OrgulloChestano01.jpg 886w, https:\/\/www.tucomarca.com\/wordpress\/segunda\/wp-content\/uploads\/2024\/07\/OrgulloChestano01-300x200.jpg 300w, https:\/\/www.tucomarca.com\/wordpress\/segunda\/wp-content\/uploads\/2024\/07\/OrgulloChestano01-768x512.jpg 768w\" sizes=\"auto, (max-width: 886px) 100vw, 886px\" \/><\/figure>\n\n\n\n<figure class=\"wp-block-image size-large\"><img loading=\"lazy\" decoding=\"async\" width=\"886\" height=\"591\" data-id=\"228150\" src=\"https:\/\/www.tucomarca.com\/wordpress\/segunda\/wp-content\/uploads\/2024\/07\/OrgulloChestano03.jpg\" alt=\"\" class=\"wp-image-228150\" srcset=\"https:\/\/www.tucomarca.com\/wordpress\/segunda\/wp-content\/uploads\/2024\/07\/OrgulloChestano03.jpg 886w, https:\/\/www.tucomarca.com\/wordpress\/segunda\/wp-content\/uploads\/2024\/07\/OrgulloChestano03-300x200.jpg 300w, https:\/\/www.tucomarca.com\/wordpress\/segunda\/wp-content\/uploads\/2024\/07\/OrgulloChestano03-768x512.jpg 768w\" sizes=\"auto, (max-width: 886px) 100vw, 886px\" \/><\/figure>\n\n\n\n<figure class=\"wp-block-image size-large\"><img loading=\"lazy\" decoding=\"async\" width=\"886\" height=\"591\" data-id=\"228152\" src=\"https:\/\/www.tucomarca.com\/wordpress\/segunda\/wp-content\/uploads\/2024\/07\/OrgulloChestano04.jpg\" alt=\"\" class=\"wp-image-228152\" srcset=\"https:\/\/www.tucomarca.com\/wordpress\/segunda\/wp-content\/uploads\/2024\/07\/OrgulloChestano04.jpg 886w, https:\/\/www.tucomarca.com\/wordpress\/segunda\/wp-content\/uploads\/2024\/07\/OrgulloChestano04-300x200.jpg 300w, https:\/\/www.tucomarca.com\/wordpress\/segunda\/wp-content\/uploads\/2024\/07\/OrgulloChestano04-768x512.jpg 768w\" sizes=\"auto, (max-width: 886px) 100vw, 886px\" \/><\/figure>\n\n\n\n<figure class=\"wp-block-image size-large\"><img loading=\"lazy\" decoding=\"async\" width=\"886\" height=\"553\" data-id=\"228154\" src=\"https:\/\/www.tucomarca.com\/wordpress\/segunda\/wp-content\/uploads\/2024\/07\/OrgulloChestano05.jpg\" alt=\"\" class=\"wp-image-228154\" srcset=\"https:\/\/www.tucomarca.com\/wordpress\/segunda\/wp-content\/uploads\/2024\/07\/OrgulloChestano05.jpg 886w, https:\/\/www.tucomarca.com\/wordpress\/segunda\/wp-content\/uploads\/2024\/07\/OrgulloChestano05-300x187.jpg 300w, https:\/\/www.tucomarca.com\/wordpress\/segunda\/wp-content\/uploads\/2024\/07\/OrgulloChestano05-768x479.jpg 768w\" sizes=\"auto, (max-width: 886px) 100vw, 886px\" \/><\/figure>\n\n\n\n<figure class=\"wp-block-image size-large\"><img loading=\"lazy\" decoding=\"async\" width=\"886\" height=\"591\" data-id=\"228156\" src=\"https:\/\/www.tucomarca.com\/wordpress\/segunda\/wp-content\/uploads\/2024\/07\/OrgulloChestano06.jpg\" alt=\"\" class=\"wp-image-228156\" srcset=\"https:\/\/www.tucomarca.com\/wordpress\/segunda\/wp-content\/uploads\/2024\/07\/OrgulloChestano06.jpg 886w, https:\/\/www.tucomarca.com\/wordpress\/segunda\/wp-content\/uploads\/2024\/07\/OrgulloChestano06-300x200.jpg 300w, https:\/\/www.tucomarca.com\/wordpress\/segunda\/wp-content\/uploads\/2024\/07\/OrgulloChestano06-768x512.jpg 768w\" sizes=\"auto, (max-width: 886px) 100vw, 886px\" \/><\/figure>\n\n\n\n<figure class=\"wp-block-image size-large\"><img loading=\"lazy\" decoding=\"async\" width=\"886\" height=\"591\" data-id=\"228158\" src=\"https:\/\/www.tucomarca.com\/wordpress\/segunda\/wp-content\/uploads\/2024\/07\/OrgulloChestano07.jpg\" alt=\"\" class=\"wp-image-228158\" srcset=\"https:\/\/www.tucomarca.com\/wordpress\/segunda\/wp-content\/uploads\/2024\/07\/OrgulloChestano07.jpg 886w, https:\/\/www.tucomarca.com\/wordpress\/segunda\/wp-content\/uploads\/2024\/07\/OrgulloChestano07-300x200.jpg 300w, https:\/\/www.tucomarca.com\/wordpress\/segunda\/wp-content\/uploads\/2024\/07\/OrgulloChestano07-768x512.jpg 768w\" sizes=\"auto, (max-width: 886px) 100vw, 886px\" \/><\/figure>\n\n\n\n<figure class=\"wp-block-image size-large\"><img loading=\"lazy\" decoding=\"async\" width=\"886\" height=\"591\" data-id=\"228160\" src=\"https:\/\/www.tucomarca.com\/wordpress\/segunda\/wp-content\/uploads\/2024\/07\/OrgulloChestano08.jpg\" alt=\"\" class=\"wp-image-228160\" srcset=\"https:\/\/www.tucomarca.com\/wordpress\/segunda\/wp-content\/uploads\/2024\/07\/OrgulloChestano08.jpg 886w, https:\/\/www.tucomarca.com\/wordpress\/segunda\/wp-content\/uploads\/2024\/07\/OrgulloChestano08-300x200.jpg 300w, https:\/\/www.tucomarca.com\/wordpress\/segunda\/wp-content\/uploads\/2024\/07\/OrgulloChestano08-768x512.jpg 768w\" sizes=\"auto, (max-width: 886px) 100vw, 886px\" \/><\/figure>\n\n\n\n<figure class=\"wp-block-image size-large\"><img loading=\"lazy\" decoding=\"async\" width=\"886\" height=\"591\" data-id=\"228162\" src=\"https:\/\/www.tucomarca.com\/wordpress\/segunda\/wp-content\/uploads\/2024\/07\/OrgulloChestano09.jpg\" alt=\"\" class=\"wp-image-228162\" srcset=\"https:\/\/www.tucomarca.com\/wordpress\/segunda\/wp-content\/uploads\/2024\/07\/OrgulloChestano09.jpg 886w, https:\/\/www.tucomarca.com\/wordpress\/segunda\/wp-content\/uploads\/2024\/07\/OrgulloChestano09-300x200.jpg 300w, https:\/\/www.tucomarca.com\/wordpress\/segunda\/wp-content\/uploads\/2024\/07\/OrgulloChestano09-768x512.jpg 768w\" sizes=\"auto, (max-width: 886px) 100vw, 886px\" \/><\/figure>\n\n\n\n<figure class=\"wp-block-image size-large\"><img loading=\"lazy\" decoding=\"async\" width=\"886\" height=\"591\" data-id=\"228164\" src=\"https:\/\/www.tucomarca.com\/wordpress\/segunda\/wp-content\/uploads\/2024\/07\/OrgulloChestano10.jpg\" alt=\"\" class=\"wp-image-228164\" srcset=\"https:\/\/www.tucomarca.com\/wordpress\/segunda\/wp-content\/uploads\/2024\/07\/OrgulloChestano10.jpg 886w, https:\/\/www.tucomarca.com\/wordpress\/segunda\/wp-content\/uploads\/2024\/07\/OrgulloChestano10-300x200.jpg 300w, https:\/\/www.tucomarca.com\/wordpress\/segunda\/wp-content\/uploads\/2024\/07\/OrgulloChestano10-768x512.jpg 768w\" sizes=\"auto, (max-width: 886px) 100vw, 886px\" \/><\/figure>\n\n\n\n<figure class=\"wp-block-image size-large\"><img loading=\"lazy\" decoding=\"async\" width=\"886\" height=\"591\" data-id=\"228166\" src=\"https:\/\/www.tucomarca.com\/wordpress\/segunda\/wp-content\/uploads\/2024\/07\/OrgulloChestano11.jpg\" alt=\"\" class=\"wp-image-228166\" srcset=\"https:\/\/www.tucomarca.com\/wordpress\/segunda\/wp-content\/uploads\/2024\/07\/OrgulloChestano11.jpg 886w, https:\/\/www.tucomarca.com\/wordpress\/segunda\/wp-content\/uploads\/2024\/07\/OrgulloChestano11-300x200.jpg 300w, https:\/\/www.tucomarca.com\/wordpress\/segunda\/wp-content\/uploads\/2024\/07\/OrgulloChestano11-768x512.jpg 768w\" sizes=\"auto, (max-width: 886px) 100vw, 886px\" \/><\/figure>\n\n\n\n<figure class=\"wp-block-image size-large\"><img loading=\"lazy\" decoding=\"async\" width=\"886\" height=\"591\" data-id=\"228168\" src=\"https:\/\/www.tucomarca.com\/wordpress\/segunda\/wp-content\/uploads\/2024\/07\/OrgulloChestano12.jpg\" alt=\"\" class=\"wp-image-228168\" srcset=\"https:\/\/www.tucomarca.com\/wordpress\/segunda\/wp-content\/uploads\/2024\/07\/OrgulloChestano12.jpg 886w, https:\/\/www.tucomarca.com\/wordpress\/segunda\/wp-content\/uploads\/2024\/07\/OrgulloChestano12-300x200.jpg 300w, https:\/\/www.tucomarca.com\/wordpress\/segunda\/wp-content\/uploads\/2024\/07\/OrgulloChestano12-768x512.jpg 768w\" sizes=\"auto, (max-width: 886px) 100vw, 886px\" \/><\/figure>\n<\/figure>\n","protected":false},"excerpt":{"rendered":"<div class=\"mh-excerpt\">Coincidint amb la celebraci\u00f3 del Dia Internacional de l&#8217;Orgull LGTBIQA+, divendres passat, 28 de juny, s&#8217;obria a Xest el programa d&#8217;actes de les primeres Festes de l&#8217;Orgull LGTBIQA+ que es realitzen en la localitat. Aquesta <a class=\"mh-excerpt-more\" href=\"https:\/\/www.tucomarca.com\/wordpress\/segunda\/ca\/xest-celebra-el-seu-primer-orgull-chestano-amb-tres-dies-dactivitats-amb-tematica-lgtbiqa\/\" title=\"Xest celebra el seu primer \u201cOrgull chestano\u201d amb tres dies d&#8217;activitats amb tem\u00e0tica LGTBIQA+\">[+] <\/a><\/div>\n","protected":false},"author":12,"featured_media":228149,"comment_status":"open","ping_status":"open","sticky":false,"template":"","format":"gallery","meta":{"footnotes":""},"categories":[10898,10894,10912,11004,11007,11008,10896,10974],"tags":[11071,10914,20862],"class_list":{"0":"post-228173","1":"post","2":"type-post","3":"status-publish","4":"format-gallery","5":"has-post-thumbnail","7":"category-ventana-ca","8":"category-la-comarca-ca","9":"category-la-hoya-ca","10":"category-la-semana-en-imagenes-ca","11":"category-ocio-y-cultura-ca","12":"category-pueblos-en-fiestas-ca","13":"category-seccion-ca","14":"category-cheste-ca","15":"tag-cheste","16":"tag-la-hoya-de-bunol-chiva-ca","17":"tag-orgullo-chestano-ca","18":"post_format-post-format-gallery"},"_links":{"self":[{"href":"https:\/\/www.tucomarca.com\/wordpress\/segunda\/ca\/wp-json\/wp\/v2\/posts\/228173","targetHints":{"allow":["GET"]}}],"collection":[{"href":"https:\/\/www.tucomarca.com\/wordpress\/segunda\/ca\/wp-json\/wp\/v2\/posts"}],"about":[{"href":"https:\/\/www.tucomarca.com\/wordpress\/segunda\/ca\/wp-json\/wp\/v2\/types\/post"}],"author":[{"embeddable":true,"href":"https:\/\/www.tucomarca.com\/wordpress\/segunda\/ca\/wp-json\/wp\/v2\/users\/12"}],"replies":[{"embeddable":true,"href":"https:\/\/www.tucomarca.com\/wordpress\/segunda\/ca\/wp-json\/wp\/v2\/comments?post=228173"}],"version-history":[{"count":0,"href":"https:\/\/www.tucomarca.com\/wordpress\/segunda\/ca\/wp-json\/wp\/v2\/posts\/228173\/revisions"}],"wp:featuredmedia":[{"embeddable":true,"href":"https:\/\/www.tucomarca.com\/wordpress\/segunda\/ca\/wp-json\/wp\/v2\/media\/228149"}],"wp:attachment":[{"href":"https:\/\/www.tucomarca.com\/wordpress\/segunda\/ca\/wp-json\/wp\/v2\/media?parent=228173"}],"wp:term":[{"taxonomy":"category","embeddable":true,"href":"https:\/\/www.tucomarca.com\/wordpress\/segunda\/ca\/wp-json\/wp\/v2\/categories?post=228173"},{"taxonomy":"post_tag","embeddable":true,"href":"https:\/\/www.tucomarca.com\/wordpress\/segunda\/ca\/wp-json\/wp\/v2\/tags?post=228173"}],"curies":[{"name":"wp","href":"https:\/\/api.w.org\/{rel}","templated":true}]}}