{"id":228245,"date":"2024-07-02T14:00:00","date_gmt":"2024-07-02T12:00:00","guid":{"rendered":"https:\/\/www.tucomarca.com\/wordpress\/segunda\/?p=228245"},"modified":"2024-07-02T19:17:43","modified_gmt":"2024-07-02T17:17:43","slug":"la-diputacio-aprova-els-primers-projectes-del-pla-obert-amb-millores-en-xarxes-daigua-i-installacions-esportives","status":"publish","type":"post","link":"https:\/\/www.tucomarca.com\/wordpress\/segunda\/ca\/la-diputacio-aprova-els-primers-projectes-del-pla-obert-amb-millores-en-xarxes-daigua-i-installacions-esportives\/","title":{"rendered":"La Diputaci\u00f3 aprova els primers projectes del Pla Obert amb millores en xarxes d&#8217;aigua i instal\u00b7lacions esportives"},"content":{"rendered":"\n<h3 class=\"wp-block-heading\">El president, Vicent Momp\u00f3, i la vicepresidenta Nat\u00e0lia Enguix fan balan\u00e7 del principal programa inversor de la instituci\u00f3 i aporten detalls de les primeres 30 sol\u00b7licituds presentades per 24 ajuntaments de 10 comarques.<\/h3>\n\n\n\n<h3 class=\"wp-block-heading\">Enguix avan\u00e7a que \u201cabans d&#8217;agost s&#8217;aprovaran uns 120 projectes, enfront dels zero projectes aprovats a hores d&#8217;ara en el pla anterior\u201d.<\/h3>\n\n\n\n<h3 class=\"wp-block-heading\">El pla quadriennal \u201cest\u00e0 en marxa en un temps r\u00e8cord, amb m\u00e9s de tres anys per davant per a executar\u201d. Urbanisme, rehabilitaci\u00f3 d&#8217;edificis per a usos socials i adequaci\u00f3 de piscines, altres de les iniciatives aprovades.<\/h3>\n\n\n\n<p>El Pla Obert de la Diputaci\u00f3 de Val\u00e8ncia funciona ja a ple rendiment, amb m\u00e9s de tres anys per davant perqu\u00e8 els municipis i mancomunitats transformen en millores reals per a les comarques els 350 milions d&#8217;euros del pla. El president, Vicent Momp\u00f3, i la vicepresidenta primera, Nat\u00e0lia Enguix, han fet este dimarts balan\u00e7 dels primers projectes aprovats en el marc del major programa inversor de la hist\u00f2ria de la corporaci\u00f3 provincial.<\/p>\n\n\n\n<p>El president Momp\u00f3 ha destacat l&#8217;aprovaci\u00f3 de les 30 primeres sol\u00b7licituds presentades pels ajuntaments, que a m\u00e9s d&#8217;obra nova inclouen l&#8217;adquisici\u00f3 de b\u00e9ns immobles, subministraments i maquin\u00e0ria, i ha avan\u00e7at que l&#8217;\u00e0rea de Cooperaci\u00f3 \u201cpreveu tindre aprovats m\u00e9s d&#8217;un centenar de projectes abans de les vacances, la qual cosa demostra que hem avan\u00e7at els temps de presentaci\u00f3 i que els municipis tindran totes les facilitats per a definir els seus problemes i donar-los resposta amb ajuda de la Diputaci\u00f3\u201d.<\/p>\n\n\n\n<p>En este sentit, Momp\u00f3 considera que els alcaldes i alcaldesses \u201cestan satisfets amb un nou model que acosta la instituci\u00f3 al territori, als municipis i als seus problemes, per\u00f2 tamb\u00e9 amb una gesti\u00f3 que m\u00e9s enll\u00e0 dels grans programes, com el Pla Obert o el Fons de Cooperaci\u00f3, ha apostat per les ajudes al patrimoni hist\u00f2ric i ha obert altres l\u00ednies per a la millora de les infraestructures h\u00eddriques, la rehabilitaci\u00f3 de casernes de la Gu\u00e0rdia Civil i la recuperaci\u00f3 de trinquets als nostres pobles, entre altres ajudes\u201d.<\/p>\n\n\n\n<p>Respecte a l&#8217;ess\u00e8ncia del Pla Obert, \u201cels ajuntaments s\u00f3n els que trien, en aix\u00f2 no hem canviat res\u201d, apunta Vicent Momp\u00f3, qui insistix que \u201cla difer\u00e8ncia \u00e9s que ara no tenen la pressi\u00f3 de presentar els projectes en un termini determinat, ja que poden fer-ho en qualsevol moment de l&#8217;any, i la Diputaci\u00f3 estar\u00e0 ac\u00ed no sols per a finan\u00e7ar-los sin\u00f3 per a acompanyar-los en el proc\u00e9s i que no hagen de renunciar a les ajudes\u201d.<\/p>\n\n\n\n<figure class=\"wp-block-image size-large\"><img loading=\"lazy\" decoding=\"async\" width=\"1024\" height=\"683\" src=\"http:\/\/www.tucomarca.com\/wordpress\/segunda\/wp-content\/uploads\/2024\/07\/MompoEnguix-1024x683.jpg\" alt=\"\" class=\"wp-image-228242\" srcset=\"https:\/\/www.tucomarca.com\/wordpress\/segunda\/wp-content\/uploads\/2024\/07\/MompoEnguix-1024x683.jpg 1024w, https:\/\/www.tucomarca.com\/wordpress\/segunda\/wp-content\/uploads\/2024\/07\/MompoEnguix-300x200.jpg 300w, https:\/\/www.tucomarca.com\/wordpress\/segunda\/wp-content\/uploads\/2024\/07\/MompoEnguix-768x512.jpg 768w, https:\/\/www.tucomarca.com\/wordpress\/segunda\/wp-content\/uploads\/2024\/07\/MompoEnguix-1536x1024.jpg 1536w, https:\/\/www.tucomarca.com\/wordpress\/segunda\/wp-content\/uploads\/2024\/07\/MompoEnguix-2048x1366.jpg 2048w\" sizes=\"auto, (max-width: 1024px) 100vw, 1024px\" \/><\/figure>\n\n\n\n<p><strong>M\u00e9s de cent projectes en marxa<\/strong><\/p>\n\n\n\n<p>La vicepresidenta Enguix, responsable de Cooperaci\u00f3 Municipal i de la posada en marxa del nou Pla Obert d\u2019Inversions, ha detallat les sol\u00b7licituds presentades pels ajuntaments fins a la data i la tem\u00e0tica dels projectes. En xifres, \u201chem rebut 149 sol\u00b7licituds, de les quals 92 corresponen a obres, 45 a subministraments i 12 a adquisici\u00f3 de b\u00e9ns immobles per part dels consistoris. De totes elles, 30 han sigut ja aprovades, 93 estan en fase de concessi\u00f3 i s&#8217;espera que es concreten durant este mes, i 26 estan sent revisades\u201d, ha explicat Enguix, qui avan\u00e7a que abans d&#8217;agost \u201ctindrem aprovats uns 120 projectes enfront dels zero projectes aprovats a hores d&#8217;ara en el pla anterior\u201d.<\/p>\n\n\n\n<p>Els projectes aprovats \u201cpertanyen a 24 ajuntaments de 10 comarques, i destaquen les actuacions proposades en mat\u00e8ria de millora del cicle de l&#8217;aigua i les instal\u00b7lacions esportives, aix\u00ed com la recuperaci\u00f3 d&#8217;edificis per a \u00fas social, obres d&#8217;urbanisme i efici\u00e8ncia energ\u00e8tica i adequaci\u00f3 d&#8217;espais com a piscines o camps de futbol\u201d. \u201cCal que les iniciatives presentades siguen priorit\u00e0ries per als ajuntaments i que tinguen molt clar que donaran resposta a estes necessitats, que s&#8217;acabaran executant en els pr\u00f2xims mesos al costat d&#8217;altres projectes que ens plantejaran estos i altres municipis en el marc del Pla Obert\u201d, afig la vicepresidenta.<\/p>\n\n\n\n<p>Nat\u00e0lia Enguix insistix que el m\u00e9s important \u201c\u00e9s que cada municipi presente els seus projectes quan estiguen madurs, quan estiguen segurs que els executaran. Per a aix\u00f2 hem avan\u00e7at la posada en marxa del pla i hem obert un termini ininterromput de presentaci\u00f3 per a facilitar-los el procediment\u201d. A partir d&#8217;ac\u00ed, \u201cl&#8217;equip de Cooperaci\u00f3 que dirigix Pedro Domingo est\u00e0 a la seua disposici\u00f3 per a resoldre qualsevol dubte, com han fet fins al moment en les diferents jornades que hem organitzat del Pla Obert en la Diputaci\u00f3 i a les comarques, amb gran resposta dels responsables i t\u00e8cnics locals\u201d.<\/p>\n\n\n\n<p><strong>Aigua, esport i usos socials<\/strong><\/p>\n\n\n\n<p>Entre les sol\u00b7licituds aprovades trobem projectes de major quantia, com els 560.000 euros que destinar\u00e0 Montserrat a comprar un solar per a \u00fas municipal en l&#8217;Avinguda Jaume I, els 500.000 euros pressupostats per Canals per a renovar \u00edntegrament el camp de futbol, o els 390.000 euros amb els quals Carcaixent habilitar\u00e0 un edifici del carrer Sant Anna per a centre de serveis socials.<\/p>\n\n\n\n<p>Per\u00f2 tamb\u00e9 hi ha demandes com el robot neteja piscines del Palomar (5.000 euros); la instal\u00b7laci\u00f3 de la tanca del poliesportiu de Tous (15.000 euros); o l&#8217;adequaci\u00f3 a la normativa actual de la piscina d&#8217;Alfauir (15.000 euros). \u201cNo importen nom\u00e9s els diners, sin\u00f3 la necessitat que a cada moment tinga el municipi i la resposta r\u00e0pida, sense la pressi\u00f3 dels terminis, que li donem des de la Diputaci\u00f3 perqu\u00e8 els projectes de millora es convertisquen en realitat i l&#8217;equipament i els subministraments arriben als nostres pobles\u201d, assenyala Enguix.<\/p>\n\n\n\n<p>La responsable de Cooperaci\u00f3 Municipal aposta per \u201cfer did\u00e0ctica per a explicar uns canvis que tracten de millorar l&#8217;efic\u00e0cia del pla i incrementar el nivell d&#8217;execuci\u00f3 de les propostes presentades\u201d, i recorda que des de l&#8217;\u00e0rea de Cooperaci\u00f3 que dirigix \u201ces premiaran els projectes trencadors que contribu\u00efsquen a transformar els nostres pobles i ciutats, cas de l&#8217;urbanisme amb perspectiva de g\u00e8nere que estem promovent, i que acostarem al personal t\u00e8cnic a trav\u00e9s de jornades espec\u00edfiques amb exemples concrets de com podem millorar la qualitat de vida en els municipis\u201d.<\/p>\n","protected":false},"excerpt":{"rendered":"<div class=\"mh-excerpt\">El president, Vicent Momp\u00f3, i la vicepresidenta Nat\u00e0lia Enguix fan balan\u00e7 del principal programa inversor de la instituci\u00f3 i aporten detalls de les primeres 30 sol\u00b7licituds presentades per 24 ajuntaments de 10 comarques. Enguix avan\u00e7a <a class=\"mh-excerpt-more\" href=\"https:\/\/www.tucomarca.com\/wordpress\/segunda\/ca\/la-diputacio-aprova-els-primers-projectes-del-pla-obert-amb-millores-en-xarxes-daigua-i-installacions-esportives\/\" title=\"La Diputaci\u00f3 aprova els primers projectes del Pla Obert amb millores en xarxes d&#8217;aigua i instal\u00b7lacions esportives\">[+] <\/a><\/div>\n","protected":false},"author":1,"featured_media":228239,"comment_status":"open","ping_status":"open","sticky":false,"template":"","format":"standard","meta":{"footnotes":""},"categories":[20520,10898,10948,10963,10894,10904,20456,10902,11000,10947,10896,11048],"tags":[11246,11199,20262,19988,18825],"class_list":{"0":"post-228245","1":"post","2":"type-post","3":"status-publish","4":"format-standard","5":"has-post-thumbnail","7":"category-cooperacio-municipal","8":"category-ventana-ca","9":"category-infraestructuras-ca","10":"category-la-canal-de-navarres-ca","11":"category-la-comarca-ca","12":"category-sin-categorizar-ca","13":"category-la-diputacio-de-valencia-informa-ca","14":"category-la-ribera-ca","15":"category-monserrat-ca","16":"category-politica","17":"category-seccion-ca","18":"category-tous-ca","19":"tag-diputacio-de-valencia-ca","20":"tag-la-comunitat-ca","21":"tag-natalia-enguix-ca","22":"tag-pla-obert-dinversions-ca","23":"tag-vicent-mompo-ca"},"_links":{"self":[{"href":"https:\/\/www.tucomarca.com\/wordpress\/segunda\/ca\/wp-json\/wp\/v2\/posts\/228245","targetHints":{"allow":["GET"]}}],"collection":[{"href":"https:\/\/www.tucomarca.com\/wordpress\/segunda\/ca\/wp-json\/wp\/v2\/posts"}],"about":[{"href":"https:\/\/www.tucomarca.com\/wordpress\/segunda\/ca\/wp-json\/wp\/v2\/types\/post"}],"author":[{"embeddable":true,"href":"https:\/\/www.tucomarca.com\/wordpress\/segunda\/ca\/wp-json\/wp\/v2\/users\/1"}],"replies":[{"embeddable":true,"href":"https:\/\/www.tucomarca.com\/wordpress\/segunda\/ca\/wp-json\/wp\/v2\/comments?post=228245"}],"version-history":[{"count":0,"href":"https:\/\/www.tucomarca.com\/wordpress\/segunda\/ca\/wp-json\/wp\/v2\/posts\/228245\/revisions"}],"wp:featuredmedia":[{"embeddable":true,"href":"https:\/\/www.tucomarca.com\/wordpress\/segunda\/ca\/wp-json\/wp\/v2\/media\/228239"}],"wp:attachment":[{"href":"https:\/\/www.tucomarca.com\/wordpress\/segunda\/ca\/wp-json\/wp\/v2\/media?parent=228245"}],"wp:term":[{"taxonomy":"category","embeddable":true,"href":"https:\/\/www.tucomarca.com\/wordpress\/segunda\/ca\/wp-json\/wp\/v2\/categories?post=228245"},{"taxonomy":"post_tag","embeddable":true,"href":"https:\/\/www.tucomarca.com\/wordpress\/segunda\/ca\/wp-json\/wp\/v2\/tags?post=228245"}],"curies":[{"name":"wp","href":"https:\/\/api.w.org\/{rel}","templated":true}]}}