{"id":228282,"date":"2024-07-02T12:15:00","date_gmt":"2024-07-02T10:15:00","guid":{"rendered":"https:\/\/www.tucomarca.com\/wordpress\/segunda\/?p=228282"},"modified":"2024-07-02T19:06:11","modified_gmt":"2024-07-02T17:06:11","slug":"el-plenari-de-xest-aprova-els-plecs-per-a-lalienacio-de-parcelles-en-el-poligon-industrial-pi-blay","status":"publish","type":"post","link":"https:\/\/www.tucomarca.com\/wordpress\/segunda\/ca\/el-plenari-de-xest-aprova-els-plecs-per-a-lalienacio-de-parcelles-en-el-poligon-industrial-pi-blay\/","title":{"rendered":"El plenari de Xest aprova els plecs per a l&#8217;alienaci\u00f3 de parcel\u00b7les en el pol\u00edgon industrial Pi Blay"},"content":{"rendered":"\n<p>Ahir, dilluns 1 de juliol, es van celebrar dues sessions plen\u00e0ries extraordin\u00e0ries en les quals es van aprovar els plecs d&#8217;alienaci\u00f3 de parcel\u00b7les del Pol\u00edgon Industrial Pi Blay i una modificaci\u00f3 de cr\u00e8dit destinada a la construcci\u00f3 de n\u00ednxols en el cementeri municipal i a la reparaci\u00f3 d&#8217;una fugida en el camp de futbol La Vinya.<\/p>\n\n\n\n<p><strong>Alienaci\u00f3 de parcel\u00b7les<\/strong><\/p>\n\n\n\n<p>Tal com va explicar l&#8217;alcalde, Jos\u00e9 Morell, en la primera sessi\u00f3 de ple extraordinari, els plecs per a l&#8217;alienaci\u00f3 de parcel\u00b7les ja s&#8217;han emportat diverses vegades a ple. \u201cEsperem que amb aquests plecs les parcel\u00b7les que es van crear per a formar ind\u00fastries s&#8217;emporten i generen vida econ\u00f2mica i ocupaci\u00f3 a Xest\u201d, apuntava.&nbsp;<\/p>\n\n\n\n<p>Per part seua, el portaveu del Partit Popular, Enrique Peinado, va al\u00b7legar que el seu grup no disposava de l&#8217;informe d&#8217;intervenci\u00f3 preceptiu per a la realitzaci\u00f3 del tr\u00e0mit en q\u00fcesti\u00f3 i, per tant, votarien en contra de l&#8217;aprovaci\u00f3 dels plecs. Finalment, l&#8217;aprovaci\u00f3 es va portar avant amb el vot de qualitat de l&#8217;alcalde, en produir-se un empat entre els vots a favor del PSOE i Esquerra Unida (6) i els vots en contra del PP (6).<\/p>\n\n\n\n<p><strong>Modificaci\u00f3 de cr\u00e8dits<\/strong><\/p>\n\n\n\n<p>El segon ple, de car\u00e0cter extraordinari i urgent, tamb\u00e9 contenia un \u00fanic punt, dedicat a una modificaci\u00f3 de cr\u00e8dit. \u201cAquesta modificaci\u00f3 destina 68.000 euros a construir n\u00ednxols en el cementeri i a reparar una fugida que s&#8217;ha produ\u00eft en el camp de futbol. Aix\u00f2 justifica la urg\u00e8ncia del ple, ja que la pr\u00f2pia naturalesa de les actuacions que es realitzaran s\u00f3n urgents: \u00e9s imprescindible que comptem amb n\u00ednxols per a donar sepultura a les persones com correspon i, en el tema d&#8217;instal\u00b7lacions esportives, hi ha unes fugides i cal solucionar-lo\u201d, explicava Morell.<\/p>\n\n\n\n<p>Aquest punt va comptar amb els vots a favor del PSOE i Esquerra Unida i amb l&#8217;abstenci\u00f3 del PP, que va al\u00b7legar no comprendre per qu\u00e8 es va retirar en el ple celebrat al juny una inversi\u00f3 destinada al cementeri i ara es tornava a activar. En resposta, el regidor de Serveis, David Pujals, va aclarir aquestes modificacions: \u201cEn la partida del cementeri hi havia 20.000 euros per a fer n\u00ednxols, per\u00f2 l&#8217;obra pertinent s\u00f3n uns 49.900 euros. Com no hi havia suficient, en el ple anterior es va explicar que es faria un moviment de cr\u00e8dit per a invertir al parc de jocs en La Lomiquia, que era urgent tamb\u00e9, i despr\u00e9s es destinaria diners per a fer els n\u00ednxols, que \u00e9s el que s&#8217;est\u00e0 fent hui ac\u00ed\u201d, apuntava el regidor.<\/p>\n","protected":false},"excerpt":{"rendered":"<div class=\"mh-excerpt\">Ahir, dilluns 1 de juliol, es van celebrar dues sessions plen\u00e0ries extraordin\u00e0ries en les quals es van aprovar els plecs d&#8217;alienaci\u00f3 de parcel\u00b7les del Pol\u00edgon Industrial Pi Blay i una modificaci\u00f3 de cr\u00e8dit destinada a <a class=\"mh-excerpt-more\" href=\"https:\/\/www.tucomarca.com\/wordpress\/segunda\/ca\/el-plenari-de-xest-aprova-els-plecs-per-a-lalienacio-de-parcelles-en-el-poligon-industrial-pi-blay\/\" title=\"El plenari de Xest aprova els plecs per a l&#8217;alienaci\u00f3 de parcel\u00b7les en el pol\u00edgon industrial Pi Blay\">[+] <\/a><\/div>\n","protected":false},"author":13,"featured_media":228341,"comment_status":"open","ping_status":"open","sticky":false,"template":"","format":"standard","meta":{"footnotes":""},"categories":[10948,10894,10912,10947,10896,10974],"tags":[11071,20859,11140],"class_list":{"0":"post-228282","1":"post","2":"type-post","3":"status-publish","4":"format-standard","5":"has-post-thumbnail","7":"category-infraestructuras-ca","8":"category-la-comarca-ca","9":"category-la-hoya-ca","10":"category-politica","11":"category-seccion-ca","12":"category-cheste-ca","13":"tag-cheste","14":"tag-la-hoya-de-bunol-chiva-4-ca","15":"tag-politica-ca"},"_links":{"self":[{"href":"https:\/\/www.tucomarca.com\/wordpress\/segunda\/ca\/wp-json\/wp\/v2\/posts\/228282","targetHints":{"allow":["GET"]}}],"collection":[{"href":"https:\/\/www.tucomarca.com\/wordpress\/segunda\/ca\/wp-json\/wp\/v2\/posts"}],"about":[{"href":"https:\/\/www.tucomarca.com\/wordpress\/segunda\/ca\/wp-json\/wp\/v2\/types\/post"}],"author":[{"embeddable":true,"href":"https:\/\/www.tucomarca.com\/wordpress\/segunda\/ca\/wp-json\/wp\/v2\/users\/13"}],"replies":[{"embeddable":true,"href":"https:\/\/www.tucomarca.com\/wordpress\/segunda\/ca\/wp-json\/wp\/v2\/comments?post=228282"}],"version-history":[{"count":0,"href":"https:\/\/www.tucomarca.com\/wordpress\/segunda\/ca\/wp-json\/wp\/v2\/posts\/228282\/revisions"}],"wp:featuredmedia":[{"embeddable":true,"href":"https:\/\/www.tucomarca.com\/wordpress\/segunda\/ca\/wp-json\/wp\/v2\/media\/228341"}],"wp:attachment":[{"href":"https:\/\/www.tucomarca.com\/wordpress\/segunda\/ca\/wp-json\/wp\/v2\/media?parent=228282"}],"wp:term":[{"taxonomy":"category","embeddable":true,"href":"https:\/\/www.tucomarca.com\/wordpress\/segunda\/ca\/wp-json\/wp\/v2\/categories?post=228282"},{"taxonomy":"post_tag","embeddable":true,"href":"https:\/\/www.tucomarca.com\/wordpress\/segunda\/ca\/wp-json\/wp\/v2\/tags?post=228282"}],"curies":[{"name":"wp","href":"https:\/\/api.w.org\/{rel}","templated":true}]}}