{"id":228315,"date":"2024-07-02T11:30:00","date_gmt":"2024-07-02T09:30:00","guid":{"rendered":"https:\/\/www.tucomarca.com\/wordpress\/segunda\/?p=228315"},"modified":"2024-07-03T20:08:30","modified_gmt":"2024-07-03T18:08:30","slug":"fotogaleria-godelleta-celebra-la-festivitat-del-seu-patro-sant-pere-apostol","status":"publish","type":"post","link":"https:\/\/www.tucomarca.com\/wordpress\/segunda\/ca\/fotogaleria-godelleta-celebra-la-festivitat-del-seu-patro-sant-pere-apostol\/","title":{"rendered":"Fotogaler\u00eda: Godelleta celebra la festivitat del seu patr\u00f3, Sant Pere Ap\u00f3stol"},"content":{"rendered":"\n<p>Aquest cap de setmana, Godelleta ha celebrat la tradicional festivitat en honor a Sant Pere Ap\u00f3stol, patr\u00f3 del municipi.<\/p>\n\n\n\n<p>Al mat\u00ed, es va dur a terme la solemne missa seguida d&#8217;una vibrant masclet\u00e1. En la vesprada, al costat dels convidats Javier Montero, secretari auton\u00f2mic de Seguretat i Emerg\u00e8ncies, i Manolo Rodr\u00edguez, fiscal dels jutjats de Torrevieja, es va realitzar el tercer lliurament de distincions i condecoracions a professionals de la seguretat p\u00fablica.<\/p>\n\n\n\n<p>Posteriorment, va tindre lloc la process\u00f3 en el tradicional recorregut pels carrers del municipi en honor a Sant Pere Ap\u00f3stol.<\/p>\n\n\n\n<p><strong>Tercer lliurament de condecoracions a professionals de la seguretat p\u00fablica, en reconeixement a la seua labor i dedicaci\u00f3.<\/strong><\/p>\n\n\n\n<p>L&#8217;acte va comptar amb la pres\u00e8ncia de Javier Montero, Secretari Auton\u00f2mic de Seguretat i Emerg\u00e8ncies, i Manolo Rodr\u00edguez, Fiscal dels jutjats de Torrevella. Tots dos van fer lliurament de les medalles i diplomes a gu\u00e0rdies civils i policies locals als qui van agrair el seu comprom\u00eds amb la seguretat i el benestar de la ciutadania.<\/p>\n\n\n\n<p>L&#8217;Alcaldessa de Godelleta, Amparo Pardo, va destacar la import\u00e0ncia de recon\u00e9ixer el treball de les persones especialistes que en la seguretat p\u00fablica: &#8220;\u00c9s fonamental valorar la labor que realitzen dia a dia els cossos de policia local, nacional o gu\u00e0rdies civils que vetlen per la nostra tranquil\u00b7litat i protecci\u00f3&#8221;.<\/p>\n\n\n\n<p>Les persones guardonades van ser Cristina Arjona P\u00e9rez-Camino, cap de la comissaria de Policia nacional de Xirivella-Aldaia-Alaqu\u00e0s, Carlota Guillem Olmedo, inspectora de la Policia nacional, Javier Pallardo Bellver, sotsinspector de la Policia nacional, Tom\u00e1s Cremades, oficial de Policia nacional, David Moreno Herrada i Andrea Garc\u00eda Casta\u00f1o, policies nacionals, Rafael de Manuel Gasc\u00f3, comissari principal cap del cos de la Policia local de Sagunt i Jos\u00e9 Javier Collado P\u00e9rez, comissari cap del cos de la Policia local de Burjassot, Esteban Feria Ramos, intendent del cos de la Policia local de Sagunt i Jos\u00e9 Vicente Caprani, inspector del cos de Policia local de Paterna.<\/p>\n\n\n\n<figure class=\"wp-block-gallery has-nested-images columns-1 is-cropped wp-block-gallery-1 is-layout-flex wp-block-gallery-is-layout-flex\">\n<figure class=\"wp-block-image size-large\"><img loading=\"lazy\" decoding=\"async\" width=\"1024\" height=\"576\" data-id=\"228300\" src=\"https:\/\/www.tucomarca.com\/wordpress\/segunda\/wp-content\/uploads\/2024\/07\/GodelletaSanPedro06-1024x576.jpg\" alt=\"\" class=\"wp-image-228300\" srcset=\"https:\/\/www.tucomarca.com\/wordpress\/segunda\/wp-content\/uploads\/2024\/07\/GodelletaSanPedro06-1024x576.jpg 1024w, https:\/\/www.tucomarca.com\/wordpress\/segunda\/wp-content\/uploads\/2024\/07\/GodelletaSanPedro06-300x169.jpg 300w, https:\/\/www.tucomarca.com\/wordpress\/segunda\/wp-content\/uploads\/2024\/07\/GodelletaSanPedro06-768x432.jpg 768w, https:\/\/www.tucomarca.com\/wordpress\/segunda\/wp-content\/uploads\/2024\/07\/GodelletaSanPedro06-678x381.jpg 678w, https:\/\/www.tucomarca.com\/wordpress\/segunda\/wp-content\/uploads\/2024\/07\/GodelletaSanPedro06.jpg 1181w\" sizes=\"auto, (max-width: 1024px) 100vw, 1024px\" \/><\/figure>\n\n\n\n<figure class=\"wp-block-image size-large\"><img loading=\"lazy\" decoding=\"async\" width=\"1024\" height=\"576\" data-id=\"228304\" src=\"https:\/\/www.tucomarca.com\/wordpress\/segunda\/wp-content\/uploads\/2024\/07\/GodelletaSanPedro08-1024x576.jpg\" alt=\"\" class=\"wp-image-228304\" srcset=\"https:\/\/www.tucomarca.com\/wordpress\/segunda\/wp-content\/uploads\/2024\/07\/GodelletaSanPedro08-1024x576.jpg 1024w, https:\/\/www.tucomarca.com\/wordpress\/segunda\/wp-content\/uploads\/2024\/07\/GodelletaSanPedro08-300x169.jpg 300w, https:\/\/www.tucomarca.com\/wordpress\/segunda\/wp-content\/uploads\/2024\/07\/GodelletaSanPedro08-768x432.jpg 768w, https:\/\/www.tucomarca.com\/wordpress\/segunda\/wp-content\/uploads\/2024\/07\/GodelletaSanPedro08-678x381.jpg 678w, https:\/\/www.tucomarca.com\/wordpress\/segunda\/wp-content\/uploads\/2024\/07\/GodelletaSanPedro08.jpg 1181w\" sizes=\"auto, (max-width: 1024px) 100vw, 1024px\" \/><\/figure>\n\n\n\n<figure class=\"wp-block-image size-large\"><img loading=\"lazy\" decoding=\"async\" width=\"1024\" height=\"576\" data-id=\"228290\" src=\"https:\/\/www.tucomarca.com\/wordpress\/segunda\/wp-content\/uploads\/2024\/07\/GodelletaSanPedro01-1024x576.jpg\" alt=\"\" class=\"wp-image-228290\" srcset=\"https:\/\/www.tucomarca.com\/wordpress\/segunda\/wp-content\/uploads\/2024\/07\/GodelletaSanPedro01-1024x576.jpg 1024w, https:\/\/www.tucomarca.com\/wordpress\/segunda\/wp-content\/uploads\/2024\/07\/GodelletaSanPedro01-300x169.jpg 300w, https:\/\/www.tucomarca.com\/wordpress\/segunda\/wp-content\/uploads\/2024\/07\/GodelletaSanPedro01-768x432.jpg 768w, https:\/\/www.tucomarca.com\/wordpress\/segunda\/wp-content\/uploads\/2024\/07\/GodelletaSanPedro01-678x381.jpg 678w, https:\/\/www.tucomarca.com\/wordpress\/segunda\/wp-content\/uploads\/2024\/07\/GodelletaSanPedro01.jpg 1181w\" sizes=\"auto, (max-width: 1024px) 100vw, 1024px\" \/><\/figure>\n\n\n\n<figure class=\"wp-block-image size-large\"><img loading=\"lazy\" decoding=\"async\" width=\"1024\" height=\"576\" data-id=\"228302\" src=\"https:\/\/www.tucomarca.com\/wordpress\/segunda\/wp-content\/uploads\/2024\/07\/GodelletaSanPedro07-1024x576.jpg\" alt=\"\" class=\"wp-image-228302\" srcset=\"https:\/\/www.tucomarca.com\/wordpress\/segunda\/wp-content\/uploads\/2024\/07\/GodelletaSanPedro07-1024x576.jpg 1024w, https:\/\/www.tucomarca.com\/wordpress\/segunda\/wp-content\/uploads\/2024\/07\/GodelletaSanPedro07-300x169.jpg 300w, https:\/\/www.tucomarca.com\/wordpress\/segunda\/wp-content\/uploads\/2024\/07\/GodelletaSanPedro07-768x432.jpg 768w, https:\/\/www.tucomarca.com\/wordpress\/segunda\/wp-content\/uploads\/2024\/07\/GodelletaSanPedro07-678x381.jpg 678w, https:\/\/www.tucomarca.com\/wordpress\/segunda\/wp-content\/uploads\/2024\/07\/GodelletaSanPedro07.jpg 1181w\" sizes=\"auto, (max-width: 1024px) 100vw, 1024px\" \/><\/figure>\n\n\n\n<figure class=\"wp-block-image size-large\"><img loading=\"lazy\" decoding=\"async\" width=\"1024\" height=\"576\" data-id=\"228298\" src=\"https:\/\/www.tucomarca.com\/wordpress\/segunda\/wp-content\/uploads\/2024\/07\/GodelletaSanPedro05-1024x576.jpg\" alt=\"\" class=\"wp-image-228298\" srcset=\"https:\/\/www.tucomarca.com\/wordpress\/segunda\/wp-content\/uploads\/2024\/07\/GodelletaSanPedro05-1024x576.jpg 1024w, https:\/\/www.tucomarca.com\/wordpress\/segunda\/wp-content\/uploads\/2024\/07\/GodelletaSanPedro05-300x169.jpg 300w, https:\/\/www.tucomarca.com\/wordpress\/segunda\/wp-content\/uploads\/2024\/07\/GodelletaSanPedro05-768x432.jpg 768w, https:\/\/www.tucomarca.com\/wordpress\/segunda\/wp-content\/uploads\/2024\/07\/GodelletaSanPedro05-678x381.jpg 678w, https:\/\/www.tucomarca.com\/wordpress\/segunda\/wp-content\/uploads\/2024\/07\/GodelletaSanPedro05.jpg 1181w\" sizes=\"auto, (max-width: 1024px) 100vw, 1024px\" \/><\/figure>\n\n\n\n<figure class=\"wp-block-image size-large\"><img loading=\"lazy\" decoding=\"async\" width=\"1024\" height=\"576\" data-id=\"228306\" src=\"https:\/\/www.tucomarca.com\/wordpress\/segunda\/wp-content\/uploads\/2024\/07\/GodelletaSanPedro09-1024x576.jpg\" alt=\"\" class=\"wp-image-228306\" srcset=\"https:\/\/www.tucomarca.com\/wordpress\/segunda\/wp-content\/uploads\/2024\/07\/GodelletaSanPedro09-1024x576.jpg 1024w, https:\/\/www.tucomarca.com\/wordpress\/segunda\/wp-content\/uploads\/2024\/07\/GodelletaSanPedro09-300x169.jpg 300w, https:\/\/www.tucomarca.com\/wordpress\/segunda\/wp-content\/uploads\/2024\/07\/GodelletaSanPedro09-768x432.jpg 768w, https:\/\/www.tucomarca.com\/wordpress\/segunda\/wp-content\/uploads\/2024\/07\/GodelletaSanPedro09-678x381.jpg 678w, https:\/\/www.tucomarca.com\/wordpress\/segunda\/wp-content\/uploads\/2024\/07\/GodelletaSanPedro09.jpg 1181w\" sizes=\"auto, (max-width: 1024px) 100vw, 1024px\" \/><\/figure>\n\n\n\n<figure class=\"wp-block-image size-large\"><img loading=\"lazy\" decoding=\"async\" width=\"1024\" height=\"576\" data-id=\"228308\" src=\"https:\/\/www.tucomarca.com\/wordpress\/segunda\/wp-content\/uploads\/2024\/07\/GodelletaSanPedro10-1024x576.jpg\" alt=\"\" class=\"wp-image-228308\" srcset=\"https:\/\/www.tucomarca.com\/wordpress\/segunda\/wp-content\/uploads\/2024\/07\/GodelletaSanPedro10-1024x576.jpg 1024w, https:\/\/www.tucomarca.com\/wordpress\/segunda\/wp-content\/uploads\/2024\/07\/GodelletaSanPedro10-300x169.jpg 300w, https:\/\/www.tucomarca.com\/wordpress\/segunda\/wp-content\/uploads\/2024\/07\/GodelletaSanPedro10-768x432.jpg 768w, https:\/\/www.tucomarca.com\/wordpress\/segunda\/wp-content\/uploads\/2024\/07\/GodelletaSanPedro10-678x381.jpg 678w, https:\/\/www.tucomarca.com\/wordpress\/segunda\/wp-content\/uploads\/2024\/07\/GodelletaSanPedro10.jpg 1181w\" sizes=\"auto, (max-width: 1024px) 100vw, 1024px\" \/><\/figure>\n\n\n\n<figure class=\"wp-block-image size-large\"><img loading=\"lazy\" decoding=\"async\" width=\"1024\" height=\"576\" data-id=\"228294\" src=\"https:\/\/www.tucomarca.com\/wordpress\/segunda\/wp-content\/uploads\/2024\/07\/GodelletaSanPedro03-1024x576.jpg\" alt=\"\" class=\"wp-image-228294\" srcset=\"https:\/\/www.tucomarca.com\/wordpress\/segunda\/wp-content\/uploads\/2024\/07\/GodelletaSanPedro03-1024x576.jpg 1024w, https:\/\/www.tucomarca.com\/wordpress\/segunda\/wp-content\/uploads\/2024\/07\/GodelletaSanPedro03-300x169.jpg 300w, https:\/\/www.tucomarca.com\/wordpress\/segunda\/wp-content\/uploads\/2024\/07\/GodelletaSanPedro03-768x432.jpg 768w, https:\/\/www.tucomarca.com\/wordpress\/segunda\/wp-content\/uploads\/2024\/07\/GodelletaSanPedro03-678x381.jpg 678w, https:\/\/www.tucomarca.com\/wordpress\/segunda\/wp-content\/uploads\/2024\/07\/GodelletaSanPedro03.jpg 1181w\" sizes=\"auto, (max-width: 1024px) 100vw, 1024px\" \/><\/figure>\n\n\n\n<figure class=\"wp-block-image size-large\"><img loading=\"lazy\" decoding=\"async\" width=\"1024\" height=\"576\" data-id=\"228296\" src=\"https:\/\/www.tucomarca.com\/wordpress\/segunda\/wp-content\/uploads\/2024\/07\/GodelletaSanPedro04-1024x576.jpg\" alt=\"\" class=\"wp-image-228296\" srcset=\"https:\/\/www.tucomarca.com\/wordpress\/segunda\/wp-content\/uploads\/2024\/07\/GodelletaSanPedro04-1024x576.jpg 1024w, https:\/\/www.tucomarca.com\/wordpress\/segunda\/wp-content\/uploads\/2024\/07\/GodelletaSanPedro04-300x169.jpg 300w, https:\/\/www.tucomarca.com\/wordpress\/segunda\/wp-content\/uploads\/2024\/07\/GodelletaSanPedro04-768x432.jpg 768w, https:\/\/www.tucomarca.com\/wordpress\/segunda\/wp-content\/uploads\/2024\/07\/GodelletaSanPedro04-678x381.jpg 678w, https:\/\/www.tucomarca.com\/wordpress\/segunda\/wp-content\/uploads\/2024\/07\/GodelletaSanPedro04.jpg 1181w\" sizes=\"auto, (max-width: 1024px) 100vw, 1024px\" \/><\/figure>\n<\/figure>\n","protected":false},"excerpt":{"rendered":"<div class=\"mh-excerpt\">Aquest cap de setmana, Godelleta ha celebrat la tradicional festivitat en honor a Sant Pere Ap\u00f3stol, patr\u00f3 del municipi. Al mat\u00ed, es va dur a terme la solemne missa seguida d&#8217;una vibrant masclet\u00e1. En la <a class=\"mh-excerpt-more\" href=\"https:\/\/www.tucomarca.com\/wordpress\/segunda\/ca\/fotogaleria-godelleta-celebra-la-festivitat-del-seu-patro-sant-pere-apostol\/\" title=\"Fotogaler\u00eda: Godelleta celebra la festivitat del seu patr\u00f3, Sant Pere Ap\u00f3stol\">[+] <\/a><\/div>\n","protected":false},"author":12,"featured_media":228293,"comment_status":"open","ping_status":"open","sticky":false,"template":"","format":"gallery","meta":{"footnotes":""},"categories":[11005,10977,10894,10912,11004,11007,11008,10896],"tags":[11087,10914,20923],"class_list":{"0":"post-228315","1":"post","2":"type-post","3":"status-publish","4":"format-gallery","5":"has-post-thumbnail","7":"category-canal-musica","8":"category-godelleta-ca","9":"category-la-comarca-ca","10":"category-la-hoya-ca","11":"category-la-semana-en-imagenes-ca","12":"category-ocio-y-cultura-ca","13":"category-pueblos-en-fiestas-ca","14":"category-seccion-ca","15":"tag-godelleta-ca","16":"tag-la-hoya-de-bunol-chiva-ca","17":"tag-san-pedro-apostol-ca","18":"post_format-post-format-gallery"},"_links":{"self":[{"href":"https:\/\/www.tucomarca.com\/wordpress\/segunda\/ca\/wp-json\/wp\/v2\/posts\/228315","targetHints":{"allow":["GET"]}}],"collection":[{"href":"https:\/\/www.tucomarca.com\/wordpress\/segunda\/ca\/wp-json\/wp\/v2\/posts"}],"about":[{"href":"https:\/\/www.tucomarca.com\/wordpress\/segunda\/ca\/wp-json\/wp\/v2\/types\/post"}],"author":[{"embeddable":true,"href":"https:\/\/www.tucomarca.com\/wordpress\/segunda\/ca\/wp-json\/wp\/v2\/users\/12"}],"replies":[{"embeddable":true,"href":"https:\/\/www.tucomarca.com\/wordpress\/segunda\/ca\/wp-json\/wp\/v2\/comments?post=228315"}],"version-history":[{"count":0,"href":"https:\/\/www.tucomarca.com\/wordpress\/segunda\/ca\/wp-json\/wp\/v2\/posts\/228315\/revisions"}],"wp:featuredmedia":[{"embeddable":true,"href":"https:\/\/www.tucomarca.com\/wordpress\/segunda\/ca\/wp-json\/wp\/v2\/media\/228293"}],"wp:attachment":[{"href":"https:\/\/www.tucomarca.com\/wordpress\/segunda\/ca\/wp-json\/wp\/v2\/media?parent=228315"}],"wp:term":[{"taxonomy":"category","embeddable":true,"href":"https:\/\/www.tucomarca.com\/wordpress\/segunda\/ca\/wp-json\/wp\/v2\/categories?post=228315"},{"taxonomy":"post_tag","embeddable":true,"href":"https:\/\/www.tucomarca.com\/wordpress\/segunda\/ca\/wp-json\/wp\/v2\/tags?post=228315"}],"curies":[{"name":"wp","href":"https:\/\/api.w.org\/{rel}","templated":true}]}}