{"id":228429,"date":"2024-07-03T08:30:00","date_gmt":"2024-07-03T06:30:00","guid":{"rendered":"https:\/\/www.tucomarca.com\/wordpress\/segunda\/?p=228429"},"modified":"2024-07-03T14:00:17","modified_gmt":"2024-07-03T12:00:17","slug":"opinio-a-boca-de-cano-a-proposit-de-les-escoles-de-futbol-per-joseh-larrazabal","status":"publish","type":"post","link":"https:\/\/www.tucomarca.com\/wordpress\/segunda\/ca\/opinio-a-boca-de-cano-a-proposit-de-les-escoles-de-futbol-per-joseh-larrazabal\/","title":{"rendered":"Opini\u00f3. A boca de can\u00f3: \u00abA prop\u00f2sit de les escoles de futbol\u00bb, per J\u00f3seh Larraz\u00e1bal"},"content":{"rendered":"<div class=\"wp-block-image\">\n<figure class=\"alignleft size-full is-resized\"><img loading=\"lazy\" decoding=\"async\" width=\"279\" height=\"280\" src=\"http:\/\/www.tucomarca.com\/wordpress\/segunda\/wp-content\/uploads\/2024\/01\/Larrazabalnueva.jpg\" alt=\"\" class=\"wp-image-208146\" style=\"width:236px;height:auto\"\/><\/figure>\n<\/div>\n\n\n<p>Diu Luis Enrique en una publicaci\u00f3 que si el teu fill no juga a la seua escola de futbol porta-t&#8217;ho a una altra.<br>Els xiquets estan per a gaudir i no per a atabalar-se pel resultat.Han de jugar tots almenys en edat infantil i fins a cadet.<br>El que comenta l&#8217;ex seleccionador i actual entrenador del PSG \u00e9s totalment cert i ocorre amb freq\u00fc\u00e8ncia en moltes escoles, no en totes, insistisc, no en totes.<br>I el pitjor \u00e9s que molts xavals no juguen per ser millors sin\u00f3 per ser familiars o reunits a uns certs directius o empleats d&#8217;aquests centres.<br>Jo no ho vaig consentir, em vaig enfrontar amb qui em vaig haver d&#8217;enfrontar i vaig canviar al meu fill 2 vegades d&#8217;escola.<br>Mai vaig entendre als pares que callaven i li ho engolien tot fins i tot quan veien humiliar als seus fills.<br>Jo em vaig negar, vaig defensar els drets del meu fill i el vaig canviar 2 vegades de centre abans que veure-ho menyspreat.<br>El seu nivell no era inferior i estava preparat per a competir per un lloc; eixe lloc que ocupava un altre amb m\u00e9s endolls.<br>Vaig preferir anar-me amb el cap alt.<br>Les escoles es queixen que els pares protesten per\u00f2 no expliquen els motius.<br>Alguns no tindran motius per\u00f2 altres s\u00ed, ull que no \u00e9s or tot el que rellueix.<br>&#8220;Morir dempeus abans que viure de genolls&#8221; \u00e9s una lli\u00e7\u00f3 que has d&#8217;ensenyar als teus fills.<br>Compartisc l&#8217;opini\u00f3 de Luis Enrique i fa que em reafirme en la meua actitud i decisions d&#8217;aquells anys.<br>Amb els xiquets no es juga, almenys amb el meu no.<br>El meu fill no va triomfar en el futbol per\u00f2 tampoc va patir menyspreus ni humiliacions. He d&#8217;afegir que aix\u00f2 va oc\u00f3rrer en escoles de Val\u00e8ncia capital, on residisc habitualment. Per\u00f2 insistisc que totes les escoles no s\u00f3n iguals, almenys la de Bunyol i comarca no, i ho s\u00e9 de bona font.<br>El futbol \u00e9s el futbol i \u00e9s complicat manejar a 200 o 300 xavals sense cometre errors i mantindre a tots contents \u00e9s complicat. Passa en equips d&#8217;Aficionats i fins i tot en el futbol professional. Per\u00f2 a les escoles hi ha xiquets i adolescents i aix\u00f2\u2026aix\u00f2 \u00e9s sagrat.<br>Abans que futurs futbolistes s\u00f3n persones i abans de res xiquets.<br>Que ning\u00fa s&#8217;equivoque.<br>El futbol a les escoles \u00e9s abans de res diversi\u00f3 i esport.<br>Arribar a ser professional \u00e9s molt dif\u00edcil i aix\u00f2 els pares tamb\u00e9 han d&#8217;entendre-ho. Que ning\u00fa pense que el seu fill per ficar gols o tindre unes certes aptituds pot viure del futbol, aix\u00f2 \u00e9s un error.<br>No s\u00e9 equivoquen. Els seus fills que facen esport i siguen feli\u00e7os a les seues escoles de futbol, per\u00f2 aix\u00f2 s\u00ed, no es conformen amb tot i lluiten per l&#8217;afici\u00f3 que el seu fill tiene.si no est\u00e0 d&#8217;acord amb la valoraci\u00f3 esportiva que li fan a la seua escola vaja&#8217;s a una altra, aix\u00f2 s\u00ed primer demane explicacions t\u00e8cniques i esportives.<br>Jo ho vaig fer i el meu fill va ser m\u00e9s feli\u00e7.<\/p>\n","protected":false},"excerpt":{"rendered":"<div class=\"mh-excerpt\">Diu Luis Enrique en una publicaci\u00f3 que si el teu fill no juga a la seua escola de futbol porta-t&#8217;ho a una altra.Els xiquets estan per a gaudir i no per a atabalar-se pel resultat.Han <a class=\"mh-excerpt-more\" href=\"https:\/\/www.tucomarca.com\/wordpress\/segunda\/ca\/opinio-a-boca-de-cano-a-proposit-de-les-escoles-de-futbol-per-joseh-larrazabal\/\" title=\"Opini\u00f3. A boca de can\u00f3: \u00abA prop\u00f2sit de les escoles de futbol\u00bb, per J\u00f3seh Larraz\u00e1bal\">[+] <\/a><\/div>\n","protected":false},"author":12,"featured_media":208147,"comment_status":"open","ping_status":"open","sticky":false,"template":"","format":"standard","meta":{"footnotes":""},"categories":[11014,11003,10894,10896],"tags":[15481],"class_list":{"0":"post-228429","1":"post","2":"type-post","3":"status-publish","4":"format-standard","5":"has-post-thumbnail","7":"category-canal-valencia-cf-ca","8":"category-sports","9":"category-la-comarca-ca","10":"category-seccion-ca","11":"tag-joseh-larrazabal-ca"},"_links":{"self":[{"href":"https:\/\/www.tucomarca.com\/wordpress\/segunda\/ca\/wp-json\/wp\/v2\/posts\/228429","targetHints":{"allow":["GET"]}}],"collection":[{"href":"https:\/\/www.tucomarca.com\/wordpress\/segunda\/ca\/wp-json\/wp\/v2\/posts"}],"about":[{"href":"https:\/\/www.tucomarca.com\/wordpress\/segunda\/ca\/wp-json\/wp\/v2\/types\/post"}],"author":[{"embeddable":true,"href":"https:\/\/www.tucomarca.com\/wordpress\/segunda\/ca\/wp-json\/wp\/v2\/users\/12"}],"replies":[{"embeddable":true,"href":"https:\/\/www.tucomarca.com\/wordpress\/segunda\/ca\/wp-json\/wp\/v2\/comments?post=228429"}],"version-history":[{"count":0,"href":"https:\/\/www.tucomarca.com\/wordpress\/segunda\/ca\/wp-json\/wp\/v2\/posts\/228429\/revisions"}],"wp:featuredmedia":[{"embeddable":true,"href":"https:\/\/www.tucomarca.com\/wordpress\/segunda\/ca\/wp-json\/wp\/v2\/media\/208147"}],"wp:attachment":[{"href":"https:\/\/www.tucomarca.com\/wordpress\/segunda\/ca\/wp-json\/wp\/v2\/media?parent=228429"}],"wp:term":[{"taxonomy":"category","embeddable":true,"href":"https:\/\/www.tucomarca.com\/wordpress\/segunda\/ca\/wp-json\/wp\/v2\/categories?post=228429"},{"taxonomy":"post_tag","embeddable":true,"href":"https:\/\/www.tucomarca.com\/wordpress\/segunda\/ca\/wp-json\/wp\/v2\/tags?post=228429"}],"curies":[{"name":"wp","href":"https:\/\/api.w.org\/{rel}","templated":true}]}}