{"id":228540,"date":"2024-07-04T12:00:00","date_gmt":"2024-07-04T10:00:00","guid":{"rendered":"https:\/\/www.tucomarca.com\/wordpress\/segunda\/?p=228540"},"modified":"2024-07-04T12:04:51","modified_gmt":"2024-07-04T10:04:51","slug":"el-museu-de-prehistoria-de-valencia-realitzara-noves-excavacions-en-el-pic-dels-alls-diatova-i-la-cova-del-gripau-de-xiva-durant-aquest-estiu","status":"publish","type":"post","link":"https:\/\/www.tucomarca.com\/wordpress\/segunda\/ca\/el-museu-de-prehistoria-de-valencia-realitzara-noves-excavacions-en-el-pic-dels-alls-diatova-i-la-cova-del-gripau-de-xiva-durant-aquest-estiu\/","title":{"rendered":"El Museu de Prehist\u00f2ria de Val\u00e8ncia realitzar\u00e0 noves excavacions en el Pic dels Alls d&#8217;I\u00e0tova i la Cova del Gripau de Xiva durant aquest estiu"},"content":{"rendered":"\n<h3 class=\"wp-block-heading\">El museu dependent de la Diputaci\u00f3 de Val\u00e8ncia presenta el seu pla anual d&#8217;excavacions arqueol\u00f2giques, que es duran a terme durant els mesos de juliol, agost i setembre en diferents jaciments de la prov\u00edncia. <\/h3>\n\n\n\n<h3 class=\"wp-block-heading\">Les actuacions d&#8217;este estiu tindran lloc en la Cova del Bolomor de Tavernes de la Valldigna, la Cova Foradada d\u2019Oliva, el Pico de los Ajos de Y\u00e1tova i la Cueva del Sapo de Xiva.<\/h3>\n\n\n\n<p>El Museu de Prehist\u00f2ria de Val\u00e8ncia (MUPREVA), dependent de la Diputaci\u00f3 de Val\u00e8ncia, ha presentat el seu pla anual d&#8217;excavacions arqueol\u00f2giques, que es dur\u00e0 a terme al llarg dels mesos de juliol, agost i setembre en un total de quatre jaciments de la prov\u00edncia. Es tracta d&#8217;un programa d&#8217;actuacions que compr\u00e9n un ampli marc cronol\u00f2gic, concretament des del Paleol\u00edtic inferior fins a l&#8217;\u00e8poca dels ibers.<\/p>\n\n\n\n<p>La realitzaci\u00f3 d&#8217;excavacions arqueol\u00f2giques per part del Servici d&#8217;Investigaci\u00f3 Prehist\u00f2rica del Museu de Prehist\u00f2ria de la Diputaci\u00f3 de Val\u00e8ncia \u00e9s una de les activitats b\u00e0siques que conformen la labor investigadora d&#8217;este centre des de la seua creaci\u00f3 el 1927. L&#8217;excavaci\u00f3, conservaci\u00f3, protecci\u00f3 i difusi\u00f3 del patrimoni s\u00f3n els objectius que marquen este pla d&#8217;excavacions d&#8217;acord amb les l\u00ednies d&#8217;investigaci\u00f3 d&#8217;anys precedents.<\/p>\n\n\n\n<p><strong>Els jaciments<\/strong><\/p>\n\n\n\n<p>Una de les actuacions que realitzar\u00e0 el Museu de Prehist\u00f2ria de Val\u00e8ncia ser\u00e0 en la Cova del Bolomor de Tavernes de la Valldigna, on el per\u00edode d&#8217;excavaci\u00f3 es desenvolupar\u00e0 durant els mesos de juliol i agost. Es tracta d&#8217;un jaciment situat cronol\u00f2gicament en el Plistoc\u00e9 mitj\u00e0 i Plistoc\u00e9 superior inicial. El seu dep\u00f2sit sedimentari i les restes arqueol\u00f2giques tenen una import\u00e0ncia excepcional per al coneixement dels or\u00edgens i les caracter\u00edstiques del poblament hum\u00e0 antic a l&#8217;Europa meridional; en particular, de les formes de vida dels preneandertals i altres hom\u00ednids que van habitar este lloc fa entre 400.000 i 100.000 anys.<\/p>\n\n\n\n<p>El museu de la Diputaci\u00f3 tamb\u00e9 escometr\u00e0 noves excavacions en la Cova Foradada d&#8217;Oliva al llarg del mes de juliol. L&#8217;inter\u00e9s d&#8217;este jaciment s&#8217;ha incrementat a causa del descobriment, fa uns anys, de restes humanes neandertals corresponents a diversos individus. Ara es tracta de reprendre les excavacions que van finalitzar en 2013 sense arribar a la base de l&#8217;estratigrafia, tenint present la revisi\u00f3 dels conjunts l\u00edtics i gose-us per a delimitar la seq\u00fc\u00e8ncia del Paleol\u00edtic mitj\u00e0 i superior, aix\u00ed com l&#8217;adequaci\u00f3 de la cavitat per al desenvolupament d&#8217;un nou projecte que s&#8217;ha comen\u00e7at recentment.<\/p>\n\n\n\n<figure class=\"wp-block-image size-large\"><img loading=\"lazy\" decoding=\"async\" width=\"1024\" height=\"557\" src=\"https:\/\/www.tucomarca.com\/wordpress\/segunda\/wp-content\/uploads\/2024\/07\/Excavacion-Pico-de-los-ajos-1024x557.jpg\" alt=\"\" class=\"wp-image-228536\" srcset=\"https:\/\/www.tucomarca.com\/wordpress\/segunda\/wp-content\/uploads\/2024\/07\/Excavacion-Pico-de-los-ajos-1024x557.jpg 1024w, https:\/\/www.tucomarca.com\/wordpress\/segunda\/wp-content\/uploads\/2024\/07\/Excavacion-Pico-de-los-ajos-300x163.jpg 300w, https:\/\/www.tucomarca.com\/wordpress\/segunda\/wp-content\/uploads\/2024\/07\/Excavacion-Pico-de-los-ajos-768x418.jpg 768w, https:\/\/www.tucomarca.com\/wordpress\/segunda\/wp-content\/uploads\/2024\/07\/Excavacion-Pico-de-los-ajos-1536x835.jpg 1536w, https:\/\/www.tucomarca.com\/wordpress\/segunda\/wp-content\/uploads\/2024\/07\/Excavacion-Pico-de-los-ajos.jpg 1600w\" sizes=\"auto, (max-width: 1024px) 100vw, 1024px\" \/><\/figure>\n\n\n\n<p>Un altre dels empla\u00e7aments en els quals actuar\u00e0 el museu, en este cas a l&#8217;agost, \u00e9s el Pico de los Ajos de Y\u00e1tova, un jaciment ib\u00e8ric especialment conegut per la seua col\u00b7lecci\u00f3 de ploms escrits en llengua ibera. Els \u00faltims anys ha sigut objecte d&#8217;excavaci\u00f3 per part del Servici d&#8217;Investigaci\u00f3 Prehist\u00f2rica del MUPREVA, juntament amb la Universitat de Val\u00e8ncia i l&#8217;Ayuntamiento de Y\u00e1tova. A hores d&#8217;ara s&#8217;est\u00e0 treballant per a donar a con\u00e9ixer les troballes constructives documentades en diferents sectors del poblat, amb la consolidaci\u00f3 de les restes i la seua posada en valor.<\/p>\n\n\n\n<p>Finalment, durant els mesos d&#8217;agost i setembre, tindran lloc excavacions en la Cueva del Sapo de Chiva. Es tracta d&#8217;una cova ritual ib\u00e8rica on s&#8217;ha documentat una gran varietat d&#8217;ofrenes. A m\u00e9s de ser un espai destinat a diversos rituals de l&#8217;\u00e8poca ib\u00e8rica, entre els quals es troba un soterrament del s. IV a. C., tamb\u00e9 ha sigut objecte de diversos usos des del Calcol\u00edtic fins al segle XIX. Enguany, en el marc del programa d&#8217;actuacions del Museu de Prehist\u00f2ria de Val\u00e8ncia, es continuar\u00e0 excavant per a aproximar-nos als diversos usos d&#8217;esta cova al llarg del temps.<\/p>\n","protected":false},"excerpt":{"rendered":"<div class=\"mh-excerpt\">El museu dependent de la Diputaci\u00f3 de Val\u00e8ncia presenta el seu pla anual d&#8217;excavacions arqueol\u00f2giques, que es duran a terme durant els mesos de juliol, agost i setembre en diferents jaciments de la prov\u00edncia. Les <a class=\"mh-excerpt-more\" href=\"https:\/\/www.tucomarca.com\/wordpress\/segunda\/ca\/el-museu-de-prehistoria-de-valencia-realitzara-noves-excavacions-en-el-pic-dels-alls-diatova-i-la-cova-del-gripau-de-xiva-durant-aquest-estiu\/\" title=\"El Museu de Prehist\u00f2ria de Val\u00e8ncia realitzar\u00e0 noves excavacions en el Pic dels Alls d&#8217;I\u00e0tova i la Cova del Gripau de Xiva durant aquest estiu\">[+] <\/a><\/div>\n","protected":false},"author":13,"featured_media":228533,"comment_status":"open","ping_status":"open","sticky":false,"template":"","format":"gallery","meta":{"footnotes":""},"categories":[10898,10980,10948,10894,10912,11007,10896,10975],"tags":[11195,11401,20859,11141],"class_list":{"0":"post-228540","1":"post","2":"type-post","3":"status-publish","4":"format-gallery","5":"has-post-thumbnail","7":"category-ventana-ca","8":"category-yatova-ca","9":"category-infraestructuras-ca","10":"category-la-comarca-ca","11":"category-la-hoya-ca","12":"category-ocio-y-cultura-ca","13":"category-seccion-ca","14":"category-chiva-ca","15":"tag-chiva-ca","16":"tag-diputacion-de-valencia-ca","17":"tag-la-hoya-de-bunol-chiva-4-ca","18":"tag-yatova-ca","19":"post_format-post-format-gallery"},"_links":{"self":[{"href":"https:\/\/www.tucomarca.com\/wordpress\/segunda\/ca\/wp-json\/wp\/v2\/posts\/228540","targetHints":{"allow":["GET"]}}],"collection":[{"href":"https:\/\/www.tucomarca.com\/wordpress\/segunda\/ca\/wp-json\/wp\/v2\/posts"}],"about":[{"href":"https:\/\/www.tucomarca.com\/wordpress\/segunda\/ca\/wp-json\/wp\/v2\/types\/post"}],"author":[{"embeddable":true,"href":"https:\/\/www.tucomarca.com\/wordpress\/segunda\/ca\/wp-json\/wp\/v2\/users\/13"}],"replies":[{"embeddable":true,"href":"https:\/\/www.tucomarca.com\/wordpress\/segunda\/ca\/wp-json\/wp\/v2\/comments?post=228540"}],"version-history":[{"count":0,"href":"https:\/\/www.tucomarca.com\/wordpress\/segunda\/ca\/wp-json\/wp\/v2\/posts\/228540\/revisions"}],"wp:featuredmedia":[{"embeddable":true,"href":"https:\/\/www.tucomarca.com\/wordpress\/segunda\/ca\/wp-json\/wp\/v2\/media\/228533"}],"wp:attachment":[{"href":"https:\/\/www.tucomarca.com\/wordpress\/segunda\/ca\/wp-json\/wp\/v2\/media?parent=228540"}],"wp:term":[{"taxonomy":"category","embeddable":true,"href":"https:\/\/www.tucomarca.com\/wordpress\/segunda\/ca\/wp-json\/wp\/v2\/categories?post=228540"},{"taxonomy":"post_tag","embeddable":true,"href":"https:\/\/www.tucomarca.com\/wordpress\/segunda\/ca\/wp-json\/wp\/v2\/tags?post=228540"}],"curies":[{"name":"wp","href":"https:\/\/api.w.org\/{rel}","templated":true}]}}