{"id":228553,"date":"2024-07-04T12:30:00","date_gmt":"2024-07-04T10:30:00","guid":{"rendered":"https:\/\/www.tucomarca.com\/wordpress\/segunda\/?p=228553"},"modified":"2024-07-04T13:01:21","modified_gmt":"2024-07-04T11:01:21","slug":"la-poblacio-de-millars-recorda-als-set-morts-en-el-devastador-incendi-que-va-afectar-el-seu-terme-i-del-qual-es-compleixen-30-anys","status":"publish","type":"post","link":"https:\/\/www.tucomarca.com\/wordpress\/segunda\/ca\/la-poblacio-de-millars-recorda-als-set-morts-en-el-devastador-incendi-que-va-afectar-el-seu-terme-i-del-qual-es-compleixen-30-anys\/","title":{"rendered":"La poblaci\u00f3 de Millares recorda als set morts en el devastador incendi que va afectar el seu terme i del qual es compleixen 30 anys"},"content":{"rendered":"\n<p>El municipi de Millares recorda a les set v\u00edctimes del tr\u00e0gic i devastador incendi ocorregut fa ara 30 anys.<br>La mem\u00f2ria de les set persones mortes sempre est\u00e0 en la ment de les i els millarencos, i aix\u00ed ho ha descrit el Cronista oficial de Millares, Fidel P\u00e9rez Barber\u00e1.<\/p>\n\n\n\n<p>&#8220;Un 4 de juliol, del qual hui es compleixen trenta anys, Millares va viure la trag\u00e8dia m\u00e9s cruel dels \u00faltims anys. En aquella fat\u00eddica jornada set dels nostres conve\u00efns van perdre la vida en el tr\u00e0gic incendi forestal que es va declarar en la partida de Pe\u00f1as Pardas.<br>Aquell luctu\u00f3s succ\u00e9s va portar com a conseq\u00fc\u00e8ncia que mares i pares perderen als seus fills, que fills i filles perderen als seus pares i que emmanilles perderen als seus marits; en definitiva, que fam\u00edlies senceres es veren abocades al m\u00e9s profund dolor.<br>Familiars, amics i afins vam haver d&#8217;acomiadar-nos d&#8217;ells, dies despr\u00e9s, d&#8217;aquestes set persones amb les quals hav\u00edem compartit moments i viv\u00e8ncies.<br>Sent una necessitat intensa en el meu interior d&#8217;escriure aquestes l\u00ednies carregades de sentiment, entremesclant en el record a aquestes set persones de b\u00e9 amb les quals vaig tindre l&#8217;oportunitat de compartir part de la meua vida. En uns casos, com a mestre de l&#8217;escola p\u00fablica del poble a la qual van assistir com a alumnes; en altres casos, com a ve\u00ed de la localitat als quals em trobava de cara pel carrer rebent de part d&#8217;ells la salutaci\u00f3 cordial i sincera al molt gustosament corresponia.<br>Els humans sempre fem un pas avant i \u00e9s necessari organitzar les nostres vides<br>des del record dels \u00e9ssers desparecidos.<br>Tant de bo que en el m\u00e9s enll\u00e0, aquests set conve\u00efns nostres que el foc ens va arrabassar, gaudisquen de la pau i l&#8217;assossec que en aquest m\u00f3n no van tindre. Busquem el nostre consol pensant que van marxar d&#8217;entre nosaltres en haver sigut triats per a la gl\u00f2ria&#8221;.<\/p>\n","protected":false},"excerpt":{"rendered":"<div class=\"mh-excerpt\">El municipi de Millares recorda a les set v\u00edctimes del tr\u00e0gic i devastador incendi ocorregut fa ara 30 anys.La mem\u00f2ria de les set persones mortes sempre est\u00e0 en la ment de les i els millarencos, <a class=\"mh-excerpt-more\" href=\"https:\/\/www.tucomarca.com\/wordpress\/segunda\/ca\/la-poblacio-de-millars-recorda-als-set-morts-en-el-devastador-incendi-que-va-afectar-el-seu-terme-i-del-qual-es-compleixen-30-anys\/\" title=\"La poblaci\u00f3 de Millares recorda als set morts en el devastador incendi que va afectar el seu terme i del qual es compleixen 30 anys\">[+] <\/a><\/div>\n","protected":false},"author":12,"featured_media":228552,"comment_status":"open","ping_status":"open","sticky":false,"template":"","format":"standard","meta":{"footnotes":""},"categories":[10898,10948,10963,10894,10970,10947,10896,10897],"tags":[11094,11186],"class_list":{"0":"post-228553","1":"post","2":"type-post","3":"status-publish","4":"format-standard","5":"has-post-thumbnail","7":"category-ventana-ca","8":"category-infraestructuras-ca","9":"category-la-canal-de-navarres-ca","10":"category-la-comarca-ca","11":"category-millares-ca","12":"category-politica","13":"category-seccion-ca","14":"category-sucesos-la-comarca-ca","15":"tag-la-canal-de-navarres","16":"tag-millares-ca"},"_links":{"self":[{"href":"https:\/\/www.tucomarca.com\/wordpress\/segunda\/ca\/wp-json\/wp\/v2\/posts\/228553","targetHints":{"allow":["GET"]}}],"collection":[{"href":"https:\/\/www.tucomarca.com\/wordpress\/segunda\/ca\/wp-json\/wp\/v2\/posts"}],"about":[{"href":"https:\/\/www.tucomarca.com\/wordpress\/segunda\/ca\/wp-json\/wp\/v2\/types\/post"}],"author":[{"embeddable":true,"href":"https:\/\/www.tucomarca.com\/wordpress\/segunda\/ca\/wp-json\/wp\/v2\/users\/12"}],"replies":[{"embeddable":true,"href":"https:\/\/www.tucomarca.com\/wordpress\/segunda\/ca\/wp-json\/wp\/v2\/comments?post=228553"}],"version-history":[{"count":0,"href":"https:\/\/www.tucomarca.com\/wordpress\/segunda\/ca\/wp-json\/wp\/v2\/posts\/228553\/revisions"}],"wp:featuredmedia":[{"embeddable":true,"href":"https:\/\/www.tucomarca.com\/wordpress\/segunda\/ca\/wp-json\/wp\/v2\/media\/228552"}],"wp:attachment":[{"href":"https:\/\/www.tucomarca.com\/wordpress\/segunda\/ca\/wp-json\/wp\/v2\/media?parent=228553"}],"wp:term":[{"taxonomy":"category","embeddable":true,"href":"https:\/\/www.tucomarca.com\/wordpress\/segunda\/ca\/wp-json\/wp\/v2\/categories?post=228553"},{"taxonomy":"post_tag","embeddable":true,"href":"https:\/\/www.tucomarca.com\/wordpress\/segunda\/ca\/wp-json\/wp\/v2\/tags?post=228553"}],"curies":[{"name":"wp","href":"https:\/\/api.w.org\/{rel}","templated":true}]}}