{"id":228626,"date":"2024-07-04T13:10:00","date_gmt":"2024-07-04T11:10:00","guid":{"rendered":"https:\/\/www.tucomarca.com\/wordpress\/segunda\/?p=228626"},"modified":"2024-07-04T17:50:56","modified_gmt":"2024-07-04T15:50:56","slug":"el-cd-bunyol-obri-el-termini-de-presentacio-de-candidatures-per-a-triar-a-la-seua-nova-junta-directiva-despres-de-lassemblea-de-socis","status":"publish","type":"post","link":"https:\/\/www.tucomarca.com\/wordpress\/segunda\/ca\/el-cd-bunyol-obri-el-termini-de-presentacio-de-candidatures-per-a-triar-a-la-seua-nova-junta-directiva-despres-de-lassemblea-de-socis\/","title":{"rendered":"El CD Bunyol obri el termini de presentaci\u00f3 de candidatures per a triar a la seua nova junta directiva despr\u00e9s de l&#8217;Assemblea de socis"},"content":{"rendered":"\n<p>El Club Esportiu Bunyol ha obert el termini de candidatures per a triar a la nova junta directiva que dirigir\u00e0 el centenari club de futbol, despr\u00e9s de l&#8217;Assemblea extraordin\u00e0ria de socis que s&#8217;ha desenvolupat aquest dimecres a la vesprada en el Beltr\u00e1n B\u00e1guena, seu de l&#8217;entitat esportiva.<\/p>\n\n\n\n<p>&#8220;Es va aprovar davant 43 socis, per unanimitat, obrir el termini durant set dies de la presentaci\u00f3 de llistes que formaran la nova directiva del CD Bunyol&#8221;, tal com han fet constar des del club.<\/p>\n\n\n\n<p>En el transcurs de l&#8217;Assemblea extraordin\u00e0ria tamb\u00e9 es va formalitzar la dimissi\u00f3 de l&#8217;actual pressent, Francisco Zan\u00f3n, i es van aprovar els comptes del tancament de la passada temporada.<\/p>\n\n\n\n<p>La nova Assemblea extraordin\u00e0ria per a triar a les persones que guiaran al club en les futures temporades s&#8217;ha convocat per a dimecres que ve, dia 10 de juliol, a partir de les 20,00 hores en la pr\u00f2pia seu del CD Bunyol en el Beltr\u00e1n B\u00e1guena. &#8220;En ella s&#8217;informar\u00e0 de les llistes presentades i s&#8217;actuar\u00e0 respecte al n\u00famero d&#8217;elles&#8221;, han afegit des del CD Bunyol.<\/p>\n","protected":false},"excerpt":{"rendered":"<div class=\"mh-excerpt\">El Club Esportiu Bunyol ha obert el termini de candidatures per a triar a la nova junta directiva que dirigir\u00e0 el centenari club de futbol, despr\u00e9s de l&#8217;Assemblea extraordin\u00e0ria de socis que s&#8217;ha desenvolupat aquest <a class=\"mh-excerpt-more\" href=\"https:\/\/www.tucomarca.com\/wordpress\/segunda\/ca\/el-cd-bunyol-obri-el-termini-de-presentacio-de-candidatures-per-a-triar-a-la-seua-nova-junta-directiva-despres-de-lassemblea-de-socis\/\" title=\"El CD Bunyol obri el termini de presentaci\u00f3 de candidatures per a triar a la seua nova junta directiva despr\u00e9s de l&#8217;Assemblea de socis\">[+] <\/a><\/div>\n","protected":false},"author":1,"featured_media":228624,"comment_status":"open","ping_status":"open","sticky":false,"template":"","format":"standard","meta":{"footnotes":""},"categories":[10911,11015,11003,10894,10912,10896],"tags":[11126,11074,11075,10914],"class_list":{"0":"post-228626","1":"post","2":"type-post","3":"status-publish","4":"format-standard","5":"has-post-thumbnail","7":"category-bunol-ca","8":"category-canal-futbol","9":"category-sports","10":"category-la-comarca-ca","11":"category-la-hoya-ca","12":"category-seccion-ca","13":"tag-cd-bunol-ca","14":"tag-deportes-ca","15":"tag-futbol-ca","16":"tag-la-hoya-de-bunol-chiva-ca"},"_links":{"self":[{"href":"https:\/\/www.tucomarca.com\/wordpress\/segunda\/ca\/wp-json\/wp\/v2\/posts\/228626","targetHints":{"allow":["GET"]}}],"collection":[{"href":"https:\/\/www.tucomarca.com\/wordpress\/segunda\/ca\/wp-json\/wp\/v2\/posts"}],"about":[{"href":"https:\/\/www.tucomarca.com\/wordpress\/segunda\/ca\/wp-json\/wp\/v2\/types\/post"}],"author":[{"embeddable":true,"href":"https:\/\/www.tucomarca.com\/wordpress\/segunda\/ca\/wp-json\/wp\/v2\/users\/1"}],"replies":[{"embeddable":true,"href":"https:\/\/www.tucomarca.com\/wordpress\/segunda\/ca\/wp-json\/wp\/v2\/comments?post=228626"}],"version-history":[{"count":0,"href":"https:\/\/www.tucomarca.com\/wordpress\/segunda\/ca\/wp-json\/wp\/v2\/posts\/228626\/revisions"}],"wp:featuredmedia":[{"embeddable":true,"href":"https:\/\/www.tucomarca.com\/wordpress\/segunda\/ca\/wp-json\/wp\/v2\/media\/228624"}],"wp:attachment":[{"href":"https:\/\/www.tucomarca.com\/wordpress\/segunda\/ca\/wp-json\/wp\/v2\/media?parent=228626"}],"wp:term":[{"taxonomy":"category","embeddable":true,"href":"https:\/\/www.tucomarca.com\/wordpress\/segunda\/ca\/wp-json\/wp\/v2\/categories?post=228626"},{"taxonomy":"post_tag","embeddable":true,"href":"https:\/\/www.tucomarca.com\/wordpress\/segunda\/ca\/wp-json\/wp\/v2\/tags?post=228626"}],"curies":[{"name":"wp","href":"https:\/\/api.w.org\/{rel}","templated":true}]}}