{"id":228884,"date":"2024-07-06T14:00:00","date_gmt":"2024-07-06T12:00:00","guid":{"rendered":"https:\/\/www.tucomarca.com\/wordpress\/segunda\/?p=228884"},"modified":"2024-07-08T14:26:00","modified_gmt":"2024-07-08T12:26:00","slug":"nuria-montes-destaca-que-lampliacio-de-nou-tollo-reforcara-a-utiel-com-a-focus-industrial-per-a-la-implantacio-de-projectes-empresarials","status":"publish","type":"post","link":"https:\/\/www.tucomarca.com\/wordpress\/segunda\/ca\/nuria-montes-destaca-que-lampliacio-de-nou-tollo-reforcara-a-utiel-com-a-focus-industrial-per-a-la-implantacio-de-projectes-empresarials\/","title":{"rendered":"Nuria Montes destaca que l&#8217;ampliaci\u00f3 de nou Tollo \u201crefor\u00e7ar\u00e0 a Utiel com a focus industrial per a la implantaci\u00f3 de projectes empresarials\u201d"},"content":{"rendered":"\n<p><strong>S&#8217;ha presentat l&#8217;inici de la tramitaci\u00f3 del Pla Especial de Delimitaci\u00f3 de Patrimoni P\u00fablic de S\u00f2l per a l&#8217;ampliaci\u00f3 de nou Tollo<\/strong>.<\/p>\n\n\n\n<p><strong>Ja est\u00e0 disponible en la web del Ivace la consulta p\u00fablica pr\u00e8via per a la participaci\u00f3 de la ciutadania en aquesta iniciativa<\/strong>.<\/p>\n\n\n\n<p><strong>La consellera ha anunciat la cessi\u00f3 gratu\u00efta de dues parcel\u00b7les de s\u00f2l industrial del Ivace a l&#8217;Ajuntament d&#8217;Utiel en les quals se situar\u00e0 una planta de tractament de residus vegetals<\/strong>.<\/p>\n\n\n\n<p>La consellera d&#8217;Innovaci\u00f3, Ind\u00fastria, Comer\u00e7 i Turisme i presidenta de Ivace+i, ha destacat que l&#8217;ampliaci\u00f3 del Parc Empresarial Nou Tollo \u201crefor\u00e7ar\u00e0 a Utiel com a focus industrial i econ\u00f2mic de l&#8217;interior de la prov\u00edncia de Val\u00e8ncia per a la localitzaci\u00f3 i implantaci\u00f3 de projectes empresarials\u201d.<\/p>\n\n\n\n<p>\u201cA m\u00e9s- ha continuat- \u00e9s una clara oportunitat per a consolidar el sector productiu en aquest municipi, que actualment suposa un 20% de l&#8217;ocupaci\u00f3.&nbsp;<\/p>\n\n\n\n<p>Montes s&#8217;ha manifestat aix\u00ed a Utiel amb motiu de l&#8217;acte de presentaci\u00f3 de l&#8217;inici de la tramitaci\u00f3 del Pla Especial per a l&#8217;ampliaci\u00f3 de nou Tollo en la qual han participat el secretari auton\u00f2mic d&#8217;Ind\u00fastria, Comer\u00e7 i Consum, Felipe Carrasco i a l&#8217;alcalde de la localitat, Ricardo Gabald\u00f3n.<\/p>\n\n\n\n<p>La consellera ha subratllat que des de la Conselleria d&#8217;Innovaci\u00f3, Ind\u00fastria, Comer\u00e7 i Turisme i des de Ivace+i \u201ctenim la responsabilitat i treballem per a crear s\u00f2l industrial i adaptar el ja existent a les necessitats de pimes i empreses\u201d. &nbsp;<\/p>\n\n\n\n<p>\u201c\u00c9s la millor manera de fer costat al teixit industrial i ajudar-lo al fet que continue creixent, continue sent competitiu i perqu\u00e8 invertisca i genere talent en el nostre territori\u201d, ha afegit sobre aquest tema.<\/p>\n\n\n\n<p>D&#8217;aquesta manera ha assenyalat que el Pla Especial per a l&#8217;ampliaci\u00f3 de nou Tollo, que s&#8217;inicia mitjan\u00e7ant la consulta p\u00fablica pr\u00e8via per a la ciutadania, \u00e9s el primer pas necessari per a la creaci\u00f3 de s\u00f2l industrial de qualitat a Utiel.<\/p>\n\n\n\n<p>La titular d&#8217;Ind\u00fastria ha recordat que millorar la qualitat del s\u00f2l industrial i augmentar la seua oferta \u00e9s un dels eixos de l&#8217;Estrat\u00e8gia de Reindustrialitzaci\u00f3 2024-2028 \u201cen la qual estem treballant des del Consell amb l&#8217;objectiu que el sector industrial represente almenys un 20% del PIB regional i eixe \u00e9s precisament un objectiu al qual ens acostem a Utiel amb aquesta presentaci\u00f3\u201d.<\/p>\n\n\n\n<p>Per part seua, l&#8217;alcalde d&#8217;Utiel, Ricardo Gabald\u00f3n, ha remarcat \u201cl&#8217;important impuls econ\u00f2mic que suposar\u00e0 per a Utiel i comarca l&#8217;ampliaci\u00f3 del teixit productiu d&#8217;aquest parc empresarial, que continua creixent i a m\u00e9s aposta per la implantaci\u00f3 d&#8217;\u00e0rees en expansi\u00f3 com \u00e9s el cas de la planta de tractament de residus vegetals projectada en les parcel\u00b7les que hui ens cedeix el Ivace\u201d.<\/p>\n\n\n\n<p><strong>Pla Especial Delimitaci\u00f3<\/strong><\/p>\n\n\n\n<p>El Pla Especial de Delimitaci\u00f3 de Patrimoni P\u00fablic de S\u00f2l del Parc Empresarial Nou Tollo t\u00e9 com a finalitat generar una \u00e0mplia zona de reserva de s\u00f2l de titularitat p\u00fablica per a la implantaci\u00f3 d&#8217;activitats productives.<\/p>\n\n\n\n<p>L&#8217;elecci\u00f3 d&#8217;Utiel obeeix a diferents motius com s\u00f3n l&#8217;excel\u00b7lent connectivitat per carretera amb accessibilitat directa a les principals xarxes de comunicaci\u00f3, la seua proximitat al Port de Val\u00e8ncia, la pres\u00e8ncia d&#8217;un sector agroalimentari com a motor econ\u00f2mic de la comarca Utiel-Requena i l&#8217;exist\u00e8ncia d&#8217;un parc empresarial ja comercialitzat amb \u00e8xit pel Ivace.<\/p>\n\n\n\n<p><strong>Consulta p\u00fablica pr\u00e8via<\/strong><\/p>\n\n\n\n<p>El Pla Especial de Delimitaci\u00f3 s&#8217;inicia oficialment mitjan\u00e7ant una consulta p\u00fablica pr\u00e8via per a posar en coneixement i implicar la ciutadania en la iniciativa promoguda per a l&#8217;ampliaci\u00f3 del Parc Empresarial Nou Tollo.<\/p>\n\n\n\n<p>La consulta consta d&#8217;una documentaci\u00f3 t\u00e8cnica que des de hui estar\u00e0 disponible durant un termini de 20 dies h\u00e0bils en la web del Ivace i inclou un formulari per a facilitar la participaci\u00f3 dels ciutadans, de manera que puguen aportar qualsevol suggeriment o dada d&#8217;inter\u00e9s.<\/p>\n\n\n\n<p>Es plantegen quatre possibles localitzacions seleccionades a l&#8217;entorn del nucli urb\u00e0 d&#8217;Utiel per a albergar el nou desenvolupament de s\u00f2l industrial promogut pel Ivace.&nbsp;<\/p>\n\n\n\n<p>En elles s&#8217;estudiaran els riscos naturals, afeccions territorials i valors ambientals de la zona d&#8217;ampliaci\u00f3. Amb els resultats de la consulta p\u00fablica s&#8217;analitzaran les diferents alternatives i es proposar\u00e0 una d&#8217;elles per a la redacci\u00f3 del pla d&#8217;actuaci\u00f3 que delimitar\u00e0 Patrimoni P\u00fablic.<\/p>\n\n\n\n<p><strong>Cessi\u00f3 gratu\u00efta parcel\u00b7les<\/strong><\/p>\n\n\n\n<p>Aix\u00ed mateix, la consellera d&#8217;Ind\u00fastria ha anunciat la cessi\u00f3 gratu\u00efta de dues parcel\u00b7les de s\u00f2l industrial de 4.700 m\u00b2 propietat del Ivace i situades al Parc Empresarial Nou Tollo a l&#8217;Ajuntament d&#8217;Utiel per a situar en elles una Planta de Tractament de Residus Vegetals.<\/p>\n\n\n\n<p>L&#8217;Ajuntament d&#8217;Utiel cedir\u00e0 al seu torn aquestes parcel\u00b7les a la Mancomunitat de l&#8217;Interior Terra del Vi que ser\u00e0 l&#8217;encarregada de desenvolupar el projecte. Per a Nuria Montes aquesta cessi\u00f3 \u201c\u00e9s un clar exemple de la col\u00b7laboraci\u00f3 entre administracions per a facilitar la implantaci\u00f3 de nous projectes i el creixement econ\u00f2mic\u201d.<\/p>\n\n\n\n<p>\u201cPermetr\u00e0 \u2013 ha explicat- posar en marxa una nova iniciativa que aportar\u00e0 valor afegit al Parc Empresarial Nou Tollo, ja que la futura planta de residus generar\u00e0 sinergies entre les empreses ja implantades i ser\u00e0 un focus d&#8217;atracci\u00f3 per a la instal\u00b7laci\u00f3 de nous projectes\u201d<\/p>\n\n\n\n<p>Aquesta planta est\u00e0 contemplada en el Pla director per a l&#8217;Aprofitament Energ\u00e8tic de la Biomassa a la Comarca de La Plana d&#8217;Utiel-Requena. Aquest pla forma part del projecte \u2018Val\u00e8ncia Biovaloriza\u2019, una experi\u00e8ncia pilot en la qual participen la Diputaci\u00f3 Provincial de Val\u00e8ncia, la Universitat Polit\u00e8cnica de Val\u00e8ncia, els ajuntaments de Serra i Ll\u00edria i les mancomunitats del Camp de T\u00faria i de l&#8217;Interior Terra del Vi.<\/p>\n\n\n\n<p>\u00c9s finan\u00e7at al 95% per la Fundaci\u00f3 Biodiversitat del Ministeri per a la Transici\u00f3 Ecol\u00f2gica i el Repte Demogr\u00e0fic en el marc del Pla de Recuperaci\u00f3, Transformaci\u00f3 i Resili\u00e8ncia de la Uni\u00f3 Europea-NextGenerationEU.<\/p>\n\n\n\n<p><strong>Nou Tollo<\/strong><\/p>\n\n\n\n<p>El Parc Empresarial Nou Tollo t\u00e9 una situaci\u00f3 geogr\u00e0fica estrat\u00e8gica. Est\u00e0 situat al costat de l&#8217;autovia A-3, amb r\u00e0pida connexi\u00f3 a les principals vies de comunicaci\u00f3, proximitat a Val\u00e8ncia i experi\u00e8ncia i especialitzaci\u00f3 de la m\u00e0 d&#8217;obra de la comarca Utiel-Requena.<\/p>\n\n\n\n<p>Disposa d&#8217;una superf\u00edcie total de 247.226,23 m\u00b2. Est\u00e0 comercialitzat al 96% i en ell estan instal\u00b7lades 43 empreses que suposen una inversi\u00f3 de 28,9 milions d&#8217;euros en l&#8217;\u00e0rea industrial. A m\u00e9s, disposa de 10 naus que es troben adjudicades al 100%.<\/p>\n\n\n\n<figure class=\"wp-block-image size-large\"><img loading=\"lazy\" decoding=\"async\" width=\"1024\" height=\"768\" src=\"https:\/\/www.tucomarca.com\/wordpress\/segunda\/wp-content\/uploads\/2024\/07\/VISITA-CONSELLERA-INDUSTRA-NURIA-MONTES-A-PARQUE-NUEVO-TOLLO-UTIEL-4-1024x768.jpeg\" alt=\"\" class=\"wp-image-228881\" srcset=\"https:\/\/www.tucomarca.com\/wordpress\/segunda\/wp-content\/uploads\/2024\/07\/VISITA-CONSELLERA-INDUSTRA-NURIA-MONTES-A-PARQUE-NUEVO-TOLLO-UTIEL-4-1024x768.jpeg 1024w, https:\/\/www.tucomarca.com\/wordpress\/segunda\/wp-content\/uploads\/2024\/07\/VISITA-CONSELLERA-INDUSTRA-NURIA-MONTES-A-PARQUE-NUEVO-TOLLO-UTIEL-4-300x225.jpeg 300w, https:\/\/www.tucomarca.com\/wordpress\/segunda\/wp-content\/uploads\/2024\/07\/VISITA-CONSELLERA-INDUSTRA-NURIA-MONTES-A-PARQUE-NUEVO-TOLLO-UTIEL-4-768x576.jpeg 768w, https:\/\/www.tucomarca.com\/wordpress\/segunda\/wp-content\/uploads\/2024\/07\/VISITA-CONSELLERA-INDUSTRA-NURIA-MONTES-A-PARQUE-NUEVO-TOLLO-UTIEL-4-1536x1152.jpeg 1536w, https:\/\/www.tucomarca.com\/wordpress\/segunda\/wp-content\/uploads\/2024\/07\/VISITA-CONSELLERA-INDUSTRA-NURIA-MONTES-A-PARQUE-NUEVO-TOLLO-UTIEL-4-678x509.jpeg 678w, https:\/\/www.tucomarca.com\/wordpress\/segunda\/wp-content\/uploads\/2024\/07\/VISITA-CONSELLERA-INDUSTRA-NURIA-MONTES-A-PARQUE-NUEVO-TOLLO-UTIEL-4-326x245.jpeg 326w, https:\/\/www.tucomarca.com\/wordpress\/segunda\/wp-content\/uploads\/2024\/07\/VISITA-CONSELLERA-INDUSTRA-NURIA-MONTES-A-PARQUE-NUEVO-TOLLO-UTIEL-4-80x60.jpeg 80w, https:\/\/www.tucomarca.com\/wordpress\/segunda\/wp-content\/uploads\/2024\/07\/VISITA-CONSELLERA-INDUSTRA-NURIA-MONTES-A-PARQUE-NUEVO-TOLLO-UTIEL-4.jpeg 2048w\" sizes=\"auto, (max-width: 1024px) 100vw, 1024px\" \/><\/figure>\n","protected":false},"excerpt":{"rendered":"<div class=\"mh-excerpt\">S&#8217;ha presentat l&#8217;inici de la tramitaci\u00f3 del Pla Especial de Delimitaci\u00f3 de Patrimoni P\u00fablic de S\u00f2l per a l&#8217;ampliaci\u00f3 de nou Tollo. Ja est\u00e0 disponible en la web del Ivace la consulta p\u00fablica pr\u00e8via per <a class=\"mh-excerpt-more\" href=\"https:\/\/www.tucomarca.com\/wordpress\/segunda\/ca\/nuria-montes-destaca-que-lampliacio-de-nou-tollo-reforcara-a-utiel-com-a-focus-industrial-per-a-la-implantacio-de-projectes-empresarials\/\" title=\"Nuria Montes destaca que l&#8217;ampliaci\u00f3 de nou Tollo \u201crefor\u00e7ar\u00e0 a Utiel com a focus industrial per a la implantaci\u00f3 de projectes empresarials\u201d\">[+] <\/a><\/div>\n","protected":false},"author":13,"featured_media":228880,"comment_status":"open","ping_status":"open","sticky":false,"template":"","format":"standard","meta":{"footnotes":""},"categories":[10898,10948,10894,10904,10947,10909,10896,11059],"tags":[20954,20937,11174],"class_list":{"0":"post-228884","1":"post","2":"type-post","3":"status-publish","4":"format-standard","5":"has-post-thumbnail","7":"category-ventana-ca","8":"category-infraestructuras-ca","9":"category-la-comarca-ca","10":"category-sin-categorizar-ca","11":"category-politica","12":"category-requena-utiel-ca","13":"category-seccion-ca","14":"category-utiel-ca","15":"tag-infraestucturas-ca","16":"tag-requena-utiel-3-ca","17":"tag-utiel-ca"},"_links":{"self":[{"href":"https:\/\/www.tucomarca.com\/wordpress\/segunda\/ca\/wp-json\/wp\/v2\/posts\/228884","targetHints":{"allow":["GET"]}}],"collection":[{"href":"https:\/\/www.tucomarca.com\/wordpress\/segunda\/ca\/wp-json\/wp\/v2\/posts"}],"about":[{"href":"https:\/\/www.tucomarca.com\/wordpress\/segunda\/ca\/wp-json\/wp\/v2\/types\/post"}],"author":[{"embeddable":true,"href":"https:\/\/www.tucomarca.com\/wordpress\/segunda\/ca\/wp-json\/wp\/v2\/users\/13"}],"replies":[{"embeddable":true,"href":"https:\/\/www.tucomarca.com\/wordpress\/segunda\/ca\/wp-json\/wp\/v2\/comments?post=228884"}],"version-history":[{"count":0,"href":"https:\/\/www.tucomarca.com\/wordpress\/segunda\/ca\/wp-json\/wp\/v2\/posts\/228884\/revisions"}],"wp:featuredmedia":[{"embeddable":true,"href":"https:\/\/www.tucomarca.com\/wordpress\/segunda\/ca\/wp-json\/wp\/v2\/media\/228880"}],"wp:attachment":[{"href":"https:\/\/www.tucomarca.com\/wordpress\/segunda\/ca\/wp-json\/wp\/v2\/media?parent=228884"}],"wp:term":[{"taxonomy":"category","embeddable":true,"href":"https:\/\/www.tucomarca.com\/wordpress\/segunda\/ca\/wp-json\/wp\/v2\/categories?post=228884"},{"taxonomy":"post_tag","embeddable":true,"href":"https:\/\/www.tucomarca.com\/wordpress\/segunda\/ca\/wp-json\/wp\/v2\/tags?post=228884"}],"curies":[{"name":"wp","href":"https:\/\/api.w.org\/{rel}","templated":true}]}}