{"id":228963,"date":"2024-07-08T13:30:00","date_gmt":"2024-07-08T11:30:00","guid":{"rendered":"https:\/\/www.tucomarca.com\/wordpress\/segunda\/?p=228963"},"modified":"2024-07-08T21:59:31","modified_gmt":"2024-07-08T19:59:31","slug":"el-club-de-cacadors-la-perdiu-de-xest-realitza-una-recollida-de-fem-en-les-muntanyes-del-seu-terme-municipal","status":"publish","type":"post","link":"https:\/\/www.tucomarca.com\/wordpress\/segunda\/ca\/el-club-de-cacadors-la-perdiu-de-xest-realitza-una-recollida-de-fem-en-les-muntanyes-del-seu-terme-municipal\/","title":{"rendered":"El club de ca\u00e7adors &#8216;La Perdiu&#8217; de Xest realitza una recollida de fem en les muntanyes del seu terme municipal"},"content":{"rendered":"\n<p>Aquest passat dissabte, 6 de juliol, un grup de m\u00e9s de 20 ca\u00e7adors i tres treballadors de la brigada de l&#8217;Ajuntament de Xest es van repartir per diferents parts del terme municipal i van aconseguir recollir diverses tones de fem que havia sigut tirada per la muntanya. <\/p>\n\n\n\n<p>Aquesta iniciativa de neteja i cura de la muntanya va ser possible gr\u00e0cies al suport de l&#8217;Ajuntament de Xest, que va proporcionar vehicles i personal municipal per a facilitar la tasca.<\/p>\n\n\n\n<p>Des del Club de Ca\u00e7adors La Perdiu de Xest, es va destacar la import\u00e0ncia d&#8217;aquesta mena d&#8217;accions per a generar consci\u00e8ncia en la poblaci\u00f3. &#8220;Cal fer tot el possible per a intentar que es consciencie m\u00e9s gent amb aquesta iniciativa. Per part nostra, l&#8217;any que ve farem una quedada en gran perqu\u00e8 participe tot el que vulga&#8221;, van afirmar representants del club.<\/p>\n\n\n\n<p>L&#8217;activitat d&#8217;aquesta finalitat de setmana no sols va tindre un impacte positiu, sin\u00f3 que tamb\u00e9 va servir com un recordatori de la import\u00e0ncia de la col\u00b7laboraci\u00f3 entre ve\u00efns i l&#8217;esfor\u00e7 conjunt. &#8220;Per a aconseguir grans coses, devem no sols actuar sin\u00f3 tamb\u00e9 somiar; no sols planificar sin\u00f3 tamb\u00e9 creure&#8221;, van afegir des del Club de Ca\u00e7adors, subratllant el valor de la iniciativa i el comprom\u00eds de continuar amb aquesta mena de projectes en el futur.<\/p>\n\n\n\n<p>L&#8217;Ajuntament de Xest es va mostrar satisfet amb els resultats de la jornada i va agrair a tots els participants per la seua dedicaci\u00f3 i esfor\u00e7 a netejar la muntanya.<\/p>\n\n\n\n<figure class=\"wp-block-gallery has-nested-images columns-2 is-cropped wp-block-gallery-1 is-layout-flex wp-block-gallery-is-layout-flex\">\n<figure class=\"wp-block-image size-large\"><img loading=\"lazy\" decoding=\"async\" width=\"886\" height=\"665\" data-id=\"228953\" src=\"https:\/\/www.tucomarca.com\/wordpress\/segunda\/wp-content\/uploads\/2024\/07\/ChesteCazadores01-1.jpg\" alt=\"\" class=\"wp-image-228953\" srcset=\"https:\/\/www.tucomarca.com\/wordpress\/segunda\/wp-content\/uploads\/2024\/07\/ChesteCazadores01-1.jpg 886w, https:\/\/www.tucomarca.com\/wordpress\/segunda\/wp-content\/uploads\/2024\/07\/ChesteCazadores01-1-300x225.jpg 300w, https:\/\/www.tucomarca.com\/wordpress\/segunda\/wp-content\/uploads\/2024\/07\/ChesteCazadores01-1-768x576.jpg 768w, https:\/\/www.tucomarca.com\/wordpress\/segunda\/wp-content\/uploads\/2024\/07\/ChesteCazadores01-1-678x509.jpg 678w, https:\/\/www.tucomarca.com\/wordpress\/segunda\/wp-content\/uploads\/2024\/07\/ChesteCazadores01-1-326x245.jpg 326w, https:\/\/www.tucomarca.com\/wordpress\/segunda\/wp-content\/uploads\/2024\/07\/ChesteCazadores01-1-80x60.jpg 80w\" sizes=\"auto, (max-width: 886px) 100vw, 886px\" \/><\/figure>\n\n\n\n<figure class=\"wp-block-image size-large\"><img loading=\"lazy\" decoding=\"async\" width=\"886\" height=\"665\" data-id=\"228952\" src=\"https:\/\/www.tucomarca.com\/wordpress\/segunda\/wp-content\/uploads\/2024\/07\/ChesteCazadores02-1.jpg\" alt=\"\" class=\"wp-image-228952\" srcset=\"https:\/\/www.tucomarca.com\/wordpress\/segunda\/wp-content\/uploads\/2024\/07\/ChesteCazadores02-1.jpg 886w, https:\/\/www.tucomarca.com\/wordpress\/segunda\/wp-content\/uploads\/2024\/07\/ChesteCazadores02-1-300x225.jpg 300w, https:\/\/www.tucomarca.com\/wordpress\/segunda\/wp-content\/uploads\/2024\/07\/ChesteCazadores02-1-768x576.jpg 768w, https:\/\/www.tucomarca.com\/wordpress\/segunda\/wp-content\/uploads\/2024\/07\/ChesteCazadores02-1-678x509.jpg 678w, https:\/\/www.tucomarca.com\/wordpress\/segunda\/wp-content\/uploads\/2024\/07\/ChesteCazadores02-1-326x245.jpg 326w, https:\/\/www.tucomarca.com\/wordpress\/segunda\/wp-content\/uploads\/2024\/07\/ChesteCazadores02-1-80x60.jpg 80w\" sizes=\"auto, (max-width: 886px) 100vw, 886px\" \/><\/figure>\n\n\n\n<figure class=\"wp-block-image size-large\"><img loading=\"lazy\" decoding=\"async\" width=\"886\" height=\"665\" data-id=\"228956\" src=\"https:\/\/www.tucomarca.com\/wordpress\/segunda\/wp-content\/uploads\/2024\/07\/ChesteCazadores04-1.jpg\" alt=\"\" class=\"wp-image-228956\" srcset=\"https:\/\/www.tucomarca.com\/wordpress\/segunda\/wp-content\/uploads\/2024\/07\/ChesteCazadores04-1.jpg 886w, https:\/\/www.tucomarca.com\/wordpress\/segunda\/wp-content\/uploads\/2024\/07\/ChesteCazadores04-1-300x225.jpg 300w, https:\/\/www.tucomarca.com\/wordpress\/segunda\/wp-content\/uploads\/2024\/07\/ChesteCazadores04-1-768x576.jpg 768w, https:\/\/www.tucomarca.com\/wordpress\/segunda\/wp-content\/uploads\/2024\/07\/ChesteCazadores04-1-678x509.jpg 678w, https:\/\/www.tucomarca.com\/wordpress\/segunda\/wp-content\/uploads\/2024\/07\/ChesteCazadores04-1-326x245.jpg 326w, https:\/\/www.tucomarca.com\/wordpress\/segunda\/wp-content\/uploads\/2024\/07\/ChesteCazadores04-1-80x60.jpg 80w\" sizes=\"auto, (max-width: 886px) 100vw, 886px\" \/><\/figure>\n\n\n\n<figure class=\"wp-block-image size-large\"><img loading=\"lazy\" decoding=\"async\" width=\"886\" height=\"675\" data-id=\"228958\" src=\"https:\/\/www.tucomarca.com\/wordpress\/segunda\/wp-content\/uploads\/2024\/07\/ChesteCazadores05-1.jpg\" alt=\"\" class=\"wp-image-228958\" srcset=\"https:\/\/www.tucomarca.com\/wordpress\/segunda\/wp-content\/uploads\/2024\/07\/ChesteCazadores05-1.jpg 886w, https:\/\/www.tucomarca.com\/wordpress\/segunda\/wp-content\/uploads\/2024\/07\/ChesteCazadores05-1-300x229.jpg 300w, https:\/\/www.tucomarca.com\/wordpress\/segunda\/wp-content\/uploads\/2024\/07\/ChesteCazadores05-1-768x585.jpg 768w, https:\/\/www.tucomarca.com\/wordpress\/segunda\/wp-content\/uploads\/2024\/07\/ChesteCazadores05-1-80x60.jpg 80w\" sizes=\"auto, (max-width: 886px) 100vw, 886px\" \/><\/figure>\n\n\n\n<figure class=\"wp-block-image size-large\"><img loading=\"lazy\" decoding=\"async\" width=\"886\" height=\"664\" data-id=\"228960\" src=\"https:\/\/www.tucomarca.com\/wordpress\/segunda\/wp-content\/uploads\/2024\/07\/ChesteCazadores03-1.jpg\" alt=\"\" class=\"wp-image-228960\" srcset=\"https:\/\/www.tucomarca.com\/wordpress\/segunda\/wp-content\/uploads\/2024\/07\/ChesteCazadores03-1.jpg 886w, https:\/\/www.tucomarca.com\/wordpress\/segunda\/wp-content\/uploads\/2024\/07\/ChesteCazadores03-1-300x225.jpg 300w, https:\/\/www.tucomarca.com\/wordpress\/segunda\/wp-content\/uploads\/2024\/07\/ChesteCazadores03-1-768x576.jpg 768w, https:\/\/www.tucomarca.com\/wordpress\/segunda\/wp-content\/uploads\/2024\/07\/ChesteCazadores03-1-678x509.jpg 678w, https:\/\/www.tucomarca.com\/wordpress\/segunda\/wp-content\/uploads\/2024\/07\/ChesteCazadores03-1-326x245.jpg 326w, https:\/\/www.tucomarca.com\/wordpress\/segunda\/wp-content\/uploads\/2024\/07\/ChesteCazadores03-1-80x60.jpg 80w\" sizes=\"auto, (max-width: 886px) 100vw, 886px\" \/><\/figure>\n<\/figure>\n","protected":false},"excerpt":{"rendered":"<div class=\"mh-excerpt\">Aquest passat dissabte, 6 de juliol, un grup de m\u00e9s de 20 ca\u00e7adors i tres treballadors de la brigada de l&#8217;Ajuntament de Xest es van repartir per diferents parts del terme municipal i van aconseguir <a class=\"mh-excerpt-more\" href=\"https:\/\/www.tucomarca.com\/wordpress\/segunda\/ca\/el-club-de-cacadors-la-perdiu-de-xest-realitza-una-recollida-de-fem-en-les-muntanyes-del-seu-terme-municipal\/\" title=\"El club de ca\u00e7adors &#8216;La Perdiu&#8217; de Xest realitza una recollida de fem en les muntanyes del seu terme municipal\">[+] <\/a><\/div>\n","protected":false},"author":12,"featured_media":228942,"comment_status":"open","ping_status":"open","sticky":false,"template":"","format":"standard","meta":{"footnotes":""},"categories":[10948,10894,10912,10903,10896,10974],"tags":[11071,20956,10914],"class_list":{"0":"post-228963","1":"post","2":"type-post","3":"status-publish","4":"format-standard","5":"has-post-thumbnail","7":"category-infraestructuras-ca","8":"category-la-comarca-ca","9":"category-la-hoya-ca","10":"category-medio-ambiente-la-comarca-ca","11":"category-seccion-ca","12":"category-cheste-ca","13":"tag-cheste","14":"tag-club-de-cazadores-la-perdiz-de-cheste-ca","15":"tag-la-hoya-de-bunol-chiva-ca"},"_links":{"self":[{"href":"https:\/\/www.tucomarca.com\/wordpress\/segunda\/ca\/wp-json\/wp\/v2\/posts\/228963","targetHints":{"allow":["GET"]}}],"collection":[{"href":"https:\/\/www.tucomarca.com\/wordpress\/segunda\/ca\/wp-json\/wp\/v2\/posts"}],"about":[{"href":"https:\/\/www.tucomarca.com\/wordpress\/segunda\/ca\/wp-json\/wp\/v2\/types\/post"}],"author":[{"embeddable":true,"href":"https:\/\/www.tucomarca.com\/wordpress\/segunda\/ca\/wp-json\/wp\/v2\/users\/12"}],"replies":[{"embeddable":true,"href":"https:\/\/www.tucomarca.com\/wordpress\/segunda\/ca\/wp-json\/wp\/v2\/comments?post=228963"}],"version-history":[{"count":0,"href":"https:\/\/www.tucomarca.com\/wordpress\/segunda\/ca\/wp-json\/wp\/v2\/posts\/228963\/revisions"}],"wp:featuredmedia":[{"embeddable":true,"href":"https:\/\/www.tucomarca.com\/wordpress\/segunda\/ca\/wp-json\/wp\/v2\/media\/228942"}],"wp:attachment":[{"href":"https:\/\/www.tucomarca.com\/wordpress\/segunda\/ca\/wp-json\/wp\/v2\/media?parent=228963"}],"wp:term":[{"taxonomy":"category","embeddable":true,"href":"https:\/\/www.tucomarca.com\/wordpress\/segunda\/ca\/wp-json\/wp\/v2\/categories?post=228963"},{"taxonomy":"post_tag","embeddable":true,"href":"https:\/\/www.tucomarca.com\/wordpress\/segunda\/ca\/wp-json\/wp\/v2\/tags?post=228963"}],"curies":[{"name":"wp","href":"https:\/\/api.w.org\/{rel}","templated":true}]}}