{"id":229159,"date":"2024-07-10T13:30:00","date_gmt":"2024-07-10T11:30:00","guid":{"rendered":"https:\/\/www.tucomarca.com\/wordpress\/segunda\/?p=229159"},"modified":"2024-07-10T13:54:43","modified_gmt":"2024-07-10T11:54:43","slug":"la-trobada-musical-off-certamen-reunira-mes-de-500-musics-per-a-una-celebracio-centrada-en-les-bandes-juvenils","status":"publish","type":"post","link":"https:\/\/www.tucomarca.com\/wordpress\/segunda\/ca\/la-trobada-musical-off-certamen-reunira-mes-de-500-musics-per-a-una-celebracio-centrada-en-les-bandes-juvenils\/","title":{"rendered":"La trobada musical Off Certamen reunir\u00e0 m\u00e9s de 500 m\u00fasics per a una celebraci\u00f3 centrada en les bandes juvenils"},"content":{"rendered":"\n<h3 class=\"wp-block-heading\">El Off Certamen est\u00e0 organitzat pel Institut Valenci\u00e0 de Cultura en col\u00b7laboraci\u00f3 amb el 136\u00e9 Certamen de Bandes de M\u00fasica Ciutat de Val\u00e8ncia.<\/h3>\n\n\n\n<h3 class=\"wp-block-heading\">Se celebra a Val\u00e8ncia diumenge que ve 14 de juliol amb cinc bandes juvenils, una fanf\u00e0rria de metalls i 100 percussionistes<\/h3>\n\n\n\n<figure class=\"wp-block-image size-large\"><img loading=\"lazy\" decoding=\"async\" width=\"1024\" height=\"1024\" src=\"http:\/\/www.tucomarca.com\/wordpress\/segunda\/wp-content\/uploads\/2024\/07\/OFF_IVC-1024x1024.jpg\" alt=\"\" class=\"wp-image-229156\" srcset=\"https:\/\/www.tucomarca.com\/wordpress\/segunda\/wp-content\/uploads\/2024\/07\/OFF_IVC-1024x1024.jpg 1024w, https:\/\/www.tucomarca.com\/wordpress\/segunda\/wp-content\/uploads\/2024\/07\/OFF_IVC-300x300.jpg 300w, https:\/\/www.tucomarca.com\/wordpress\/segunda\/wp-content\/uploads\/2024\/07\/OFF_IVC-290x290.jpg 290w, https:\/\/www.tucomarca.com\/wordpress\/segunda\/wp-content\/uploads\/2024\/07\/OFF_IVC-768x768.jpg 768w, https:\/\/www.tucomarca.com\/wordpress\/segunda\/wp-content\/uploads\/2024\/07\/OFF_IVC.jpg 1080w\" sizes=\"auto, (max-width: 1024px) 100vw, 1024px\" \/><\/figure>\n\n\n\n<p>El Institut Valenci\u00e0 de Cultura (IVC) reunir\u00e0 a Val\u00e8ncia diumenge que ve 14 de juliol a m\u00e9s de 500 m\u00fasics en la trobada musical Off Certamen per a visibilitzar el potencial de les bandes juvenils de les societats musicals de la Comunitat Valenciana.<\/p>\n\n\n\n<p>En paral\u00b7lel al 136\u00e9 Certamen de Bandes de M\u00fasica Ciutat de Val\u00e8ncia, el Off Certamen \u00e9s una proposta musical oberta al p\u00fablic que tindr\u00e0 lloc en el Teatre Principal, en la Pla\u00e7a de l&#8217;Ajuntament i en el trajecte entre tots dos edificis de la capital valenciana.<\/p>\n\n\n\n<p>Off Certamen comptar\u00e0 amb la participaci\u00f3 de cinc bandes juvenils: Ateneu Musical Schola Cantorum, de la Vall d&#8217;Uix\u00f3; Banda Simf\u00f2nica Uni\u00f3 Musical de Ll\u00edria; Centre Instructiu Musical &#8220;L&#8217;Arm\u00f2nica&#8221; de Bunyol; Societat Instructiva Uni\u00f3 Musical de Tavernes de la Valldigna i la Societat Musical &#8220;L&#8217;Art\u00edstica&#8221; de Bunyol.<\/p>\n\n\n\n<p>El primer acte programat \u00e9s la interpretaci\u00f3 de la \u2018Fanf\u00e0rria valenciana\u2019, d&#8217;Andr\u00e9s Valero, una obra composta per a quintet de metalls per enc\u00e0rrec del IVC, des de la fa\u00e7ana del Teatre Principal de Val\u00e8ncia.<\/p>\n\n\n\n<p>A continuaci\u00f3, a l&#8217;interior del Teatre Principal, les cinc bandes juvenils interpretaran conjuntament el pasdoble \u2018X\u00e0bia\u2019, de Salvador Salv\u00e1.<\/p>\n\n\n\n<p>Despr\u00e9s, per a tancar el primer acte del Off Certamen, tindr\u00e0 lloc la interpretaci\u00f3 de l&#8217;himne de la Comunitat Valenciana, compost pel mestre Jos\u00e9 Serrano, per la cantant valenciana Melani Garc\u00eda, guanyadora de la quarta temporada de La Veu Kids i representant de Televisi\u00f3 Espanyola en el Festival d&#8217;Eurovisi\u00f3 J\u00fanior 2019.&nbsp;<\/p>\n\n\n\n<p>La segona part de l&#8217;activitat se celebrar\u00e0 en la Pla\u00e7a de l&#8217;Ajuntament a les 13.30 hores, amb la interpretaci\u00f3 del pasdoble \u2018Val\u00e8ncia\u2019, de Jos\u00e9 Padilla, a c\u00e0rrec de les cinc bandes juvenils formades enfront de l&#8217;Ajuntament i dirigides pel director musical de l&#8217;esdeveniment, Andr\u00e9s Valero.&nbsp;<\/p>\n\n\n\n<p>Per a concloure el Off Certamen, 100 percussionistes interpretaran la \u2018Masclet\u00e0 simf\u00f2nica\u2019, de Joan Cerver\u00f3, en la Pla\u00e7a de l&#8217;Ajuntament, una pe\u00e7a que recrea el desenvolupament i l&#8217;estructura d&#8217;una masclet\u00e0 amb tota la pot\u00e8ncia dels instruments de percussi\u00f3, en un \u2018caos controlat\u2019 sense fum ni foc.<\/p>\n","protected":false},"excerpt":{"rendered":"<div class=\"mh-excerpt\">El Off Certamen est\u00e0 organitzat pel Institut Valenci\u00e0 de Cultura en col\u00b7laboraci\u00f3 amb el 136\u00e9 Certamen de Bandes de M\u00fasica Ciutat de Val\u00e8ncia. Se celebra a Val\u00e8ncia diumenge que ve 14 de juliol amb cinc <a class=\"mh-excerpt-more\" href=\"https:\/\/www.tucomarca.com\/wordpress\/segunda\/ca\/la-trobada-musical-off-certamen-reunira-mes-de-500-musics-per-a-una-celebracio-centrada-en-les-bandes-juvenils\/\" title=\"La trobada musical Off Certamen reunir\u00e0 m\u00e9s de 500 m\u00fasics per a una celebraci\u00f3 centrada en les bandes juvenils\">[+] <\/a><\/div>\n","protected":false},"author":1,"featured_media":229157,"comment_status":"open","ping_status":"open","sticky":false,"template":"","format":"standard","meta":{"footnotes":""},"categories":[11019,10911,10892,11005,10898,10894,10904,10912,10928,11007,10896],"tags":[10899,17760,17761,10914,20968],"class_list":{"0":"post-229159","1":"post","2":"type-post","3":"status-publish","4":"format-standard","5":"has-post-thumbnail","7":"category-agenda-ca","8":"category-bunol-ca","9":"category-camp-de-turia-ca","10":"category-canal-musica","11":"category-ventana-ca","12":"category-la-comarca-ca","13":"category-sin-categorizar-ca","14":"category-la-hoya-ca","15":"category-lliria-ca","16":"category-ocio-y-cultura-ca","17":"category-seccion-ca","18":"tag-camp-de-turia-ca","19":"tag-instituto-valenciano-de-cultura-ca","20":"tag-ivc-ca","21":"tag-la-hoya-de-bunol-chiva-ca","22":"tag-off-certamen-ca"},"_links":{"self":[{"href":"https:\/\/www.tucomarca.com\/wordpress\/segunda\/ca\/wp-json\/wp\/v2\/posts\/229159","targetHints":{"allow":["GET"]}}],"collection":[{"href":"https:\/\/www.tucomarca.com\/wordpress\/segunda\/ca\/wp-json\/wp\/v2\/posts"}],"about":[{"href":"https:\/\/www.tucomarca.com\/wordpress\/segunda\/ca\/wp-json\/wp\/v2\/types\/post"}],"author":[{"embeddable":true,"href":"https:\/\/www.tucomarca.com\/wordpress\/segunda\/ca\/wp-json\/wp\/v2\/users\/1"}],"replies":[{"embeddable":true,"href":"https:\/\/www.tucomarca.com\/wordpress\/segunda\/ca\/wp-json\/wp\/v2\/comments?post=229159"}],"version-history":[{"count":0,"href":"https:\/\/www.tucomarca.com\/wordpress\/segunda\/ca\/wp-json\/wp\/v2\/posts\/229159\/revisions"}],"wp:featuredmedia":[{"embeddable":true,"href":"https:\/\/www.tucomarca.com\/wordpress\/segunda\/ca\/wp-json\/wp\/v2\/media\/229157"}],"wp:attachment":[{"href":"https:\/\/www.tucomarca.com\/wordpress\/segunda\/ca\/wp-json\/wp\/v2\/media?parent=229159"}],"wp:term":[{"taxonomy":"category","embeddable":true,"href":"https:\/\/www.tucomarca.com\/wordpress\/segunda\/ca\/wp-json\/wp\/v2\/categories?post=229159"},{"taxonomy":"post_tag","embeddable":true,"href":"https:\/\/www.tucomarca.com\/wordpress\/segunda\/ca\/wp-json\/wp\/v2\/tags?post=229159"}],"curies":[{"name":"wp","href":"https:\/\/api.w.org\/{rel}","templated":true}]}}