{"id":229229,"date":"2024-07-11T11:30:00","date_gmt":"2024-07-11T09:30:00","guid":{"rendered":"https:\/\/www.tucomarca.com\/wordpress\/segunda\/?p=229229"},"modified":"2024-07-11T11:43:59","modified_gmt":"2024-07-11T09:43:59","slug":"el-cd-bunyol-tria-a-la-seua-nova-junta-directiva-que-estara-presidida-per-nicolas-galarza","status":"publish","type":"post","link":"https:\/\/www.tucomarca.com\/wordpress\/segunda\/ca\/el-cd-bunyol-tria-a-la-seua-nova-junta-directiva-que-estara-presidida-per-nicolas-galarza\/","title":{"rendered":"El CD Bunyol tria a la seua nova junta directiva que estar\u00e0 presidida per Nicol\u00e1s Galarza"},"content":{"rendered":"\n<p>L&#8217;Assemblea extraordin\u00e0ria de socis desenvolupada aquest dimecres a la nit en el camp Beltr\u00e1n B\u00e1guena ha triat per unanimitat la proposta de nova Junta Directiva que encap\u00e7ala Nicol\u00e1s Galarza Perell\u00f3, qui s&#8217;ha convertit en el nou president de l&#8217;entitat esportiva bunyolense.<\/p>\n\n\n\n<p>Nikol\u00e1s Galarza, qui ja va formar part d&#8217;anteriors junta directives del CD Bunyol, relleva aix\u00ed a Francisco Zan\u00f3n, qui va anunciar dies arrere la seua ren\u00fancia al c\u00e0rrec. Com tot bon aficionat al CD Bunyol sap, Nikol\u00e1s Galarza \u00e9s fill de qui fora president del CD Bunyol durant la d\u00e8cada dels huitanta, Rub\u00e9n Galarza, i amb qui es van aconseguir molts \u00e8xits esportius, entre ells el celebrat ascens a Regional Preferent la temporada 1979-80.\u00a0<\/p>\n\n\n\n<p>El nou president del CD Bunyol estar\u00e0 acompanyat en la vicepresid\u00e8ncia per Jose E. Veiga Espert; Eliseo Bartolom\u00e9 Marzo com a Secretari; i David Espert Sim\u00f3n com a Tresorer. A ells els acompanyaran com a vocals: Jose Luis Aquila Sim\u00f3n, Ignacio Hern\u00e1ndez Carrascosa, Manolo Tello Benzal, Salvador P\u00e9rez Iba\u00f1ez, Enrique Fern\u00e1ndez Alba<\/p>\n\n\n\n<p>Des del Club Esportiu Bunyol han volgut &#8220;felicitar a Nicol\u00e1s Galarza com a nou president del nostre club&#8221;, a m\u00e9s de desitjar-li &#8220;el millor dels \u00e8xits en aquesta nova etapa&#8221;.<\/p>\n\n\n\n<p>El mateix Nicol\u00e1s Galarza ha manifestat que \u00e9s &#8220;un orgull per a mi i tota la junta directiva formar part d&#8217;aquest projecte. Nom\u00e9s vull expressar la nostra il\u00b7lusi\u00f3 i comprom\u00eds per posar-nos a treballar de gom a gom des de hui mateix, a aficionats, socis i a tots els que componen per algun lloc o un altre la fam\u00edlia del CD Bunyol.\u201d<\/p>\n","protected":false},"excerpt":{"rendered":"<div class=\"mh-excerpt\">L&#8217;Assemblea extraordin\u00e0ria de socis desenvolupada aquest dimecres a la nit en el camp Beltr\u00e1n B\u00e1guena ha triat per unanimitat la proposta de nova Junta Directiva que encap\u00e7ala Nicol\u00e1s Galarza Perell\u00f3, qui s&#8217;ha convertit en el <a class=\"mh-excerpt-more\" href=\"https:\/\/www.tucomarca.com\/wordpress\/segunda\/ca\/el-cd-bunyol-tria-a-la-seua-nova-junta-directiva-que-estara-presidida-per-nicolas-galarza\/\" title=\"El CD Bunyol tria a la seua nova junta directiva que estar\u00e0 presidida per Nicol\u00e1s Galarza\">[+] <\/a><\/div>\n","protected":false},"author":1,"featured_media":229227,"comment_status":"open","ping_status":"open","sticky":false,"template":"","format":"standard","meta":{"footnotes":""},"categories":[10911,11015,11003,10898,10894,10912,10896],"tags":[10913,11126,11074,11075,10914],"class_list":{"0":"post-229229","1":"post","2":"type-post","3":"status-publish","4":"format-standard","5":"has-post-thumbnail","7":"category-bunol-ca","8":"category-canal-futbol","9":"category-sports","10":"category-ventana-ca","11":"category-la-comarca-ca","12":"category-la-hoya-ca","13":"category-seccion-ca","14":"tag-bunol-ca","15":"tag-cd-bunol-ca","16":"tag-deportes-ca","17":"tag-futbol-ca","18":"tag-la-hoya-de-bunol-chiva-ca"},"_links":{"self":[{"href":"https:\/\/www.tucomarca.com\/wordpress\/segunda\/ca\/wp-json\/wp\/v2\/posts\/229229","targetHints":{"allow":["GET"]}}],"collection":[{"href":"https:\/\/www.tucomarca.com\/wordpress\/segunda\/ca\/wp-json\/wp\/v2\/posts"}],"about":[{"href":"https:\/\/www.tucomarca.com\/wordpress\/segunda\/ca\/wp-json\/wp\/v2\/types\/post"}],"author":[{"embeddable":true,"href":"https:\/\/www.tucomarca.com\/wordpress\/segunda\/ca\/wp-json\/wp\/v2\/users\/1"}],"replies":[{"embeddable":true,"href":"https:\/\/www.tucomarca.com\/wordpress\/segunda\/ca\/wp-json\/wp\/v2\/comments?post=229229"}],"version-history":[{"count":0,"href":"https:\/\/www.tucomarca.com\/wordpress\/segunda\/ca\/wp-json\/wp\/v2\/posts\/229229\/revisions"}],"wp:featuredmedia":[{"embeddable":true,"href":"https:\/\/www.tucomarca.com\/wordpress\/segunda\/ca\/wp-json\/wp\/v2\/media\/229227"}],"wp:attachment":[{"href":"https:\/\/www.tucomarca.com\/wordpress\/segunda\/ca\/wp-json\/wp\/v2\/media?parent=229229"}],"wp:term":[{"taxonomy":"category","embeddable":true,"href":"https:\/\/www.tucomarca.com\/wordpress\/segunda\/ca\/wp-json\/wp\/v2\/categories?post=229229"},{"taxonomy":"post_tag","embeddable":true,"href":"https:\/\/www.tucomarca.com\/wordpress\/segunda\/ca\/wp-json\/wp\/v2\/tags?post=229229"}],"curies":[{"name":"wp","href":"https:\/\/api.w.org\/{rel}","templated":true}]}}