{"id":229551,"date":"2024-07-14T14:00:00","date_gmt":"2024-07-14T12:00:00","guid":{"rendered":"https:\/\/www.tucomarca.com\/wordpress\/segunda\/?p=229551"},"modified":"2024-07-14T14:08:09","modified_gmt":"2024-07-14T12:08:09","slug":"mompo-enguix-bernabe-i-del-bano-assisteixen-al-minut-de-silenci-a-bunyol-en-memoria-de-la-dona-assassinada-per-la-seua-parella-en-ventamina","status":"publish","type":"post","link":"https:\/\/www.tucomarca.com\/wordpress\/segunda\/ca\/mompo-enguix-bernabe-i-del-bano-assisteixen-al-minut-de-silenci-a-bunyol-en-memoria-de-la-dona-assassinada-per-la-seua-parella-en-ventamina\/","title":{"rendered":"Momp\u00f3, Enguix, Bernab\u00e9 i del Ba\u00f1o assisteixen al minut de silenci a Bunyol en mem\u00f2ria de la dona assassinada per la seua parella en Ventamina"},"content":{"rendered":"\n<p>La porta de la casa consistorial de Bunyol ha sigut l&#8217;espai en el qual aquest diumenge a les 12,00 hores els ciutadans i ciutadanes de la localitat han volgut mostrar la seua solidaritat amb els familiars i amics de la v\u00edctima aix\u00ed com la seua repulsa per l&#8217;\u00faltim atemptat masclista que ha costat la vida a J.D., presumptament assassinada ahir dissabte per la seua parella, un home de 50 anys de nacionalitat argentina, qui es va donar a la fugida protagonitzant una temer\u00e0ria fugida per la A-3 que es va saldar amb dos agents de la Gu\u00e0rdia Civil ferits en ser atropellats els seus vehicles per l&#8217;escapolit.<\/p>\n\n\n\n<p>L&#8217;acte d&#8217;aquest mat\u00ed a Bunyol ha comptat a m\u00e9s amb l&#8217;assist\u00e8ncia del president de la Diputaci\u00f3 de Val\u00e8ncia, Vicent Momp\u00f3; aix\u00ed com de la vicepresidenta i diputada de l&#8217;\u00c0rea Serveis Socials i Igualtat, Natalia Enguix; de la Delegada del Govern a Val\u00e8ncia, Pilar Bernab\u00e9; aix\u00ed com del comissionat per a la viol\u00e8ncia de g\u00e8nere de la Generalitat Valenciana, Felipe del Bany.<\/p>\n\n\n\n<p>Tots ells han recolzat les paraules de suport de l&#8217;alcaldessa de Bunyol, Virg\u00ednia Sanz, qui ha mostrat les seues condolences amb la fam\u00edlia aix\u00ed com la seua &#8220;m\u00e0xima repulsa i condemna contra aquesta viol\u00e8ncia de g\u00e8nere&#8221; per a la qual ha reclamat &#8220;m\u00e9s mitjans i m\u00e9s atenci\u00f3 per a tallar-la com siga&#8221;. L&#8217;alcaldessa tamb\u00e9 ha agra\u00eft tant als cossos i forces de seguretat de l&#8217;Estat com a l&#8217;\u00e0mplia representaci\u00f3 institucional la seua participaci\u00f3 en aquest minut de silenci.&nbsp;<\/p>\n\n\n\n<p>Natalia Enguix, per part seua, ha recordat que des de l&#8217;estament de la qual ella \u00e9s vicepresidenta treballen &#8220;per a previndre la viol\u00e8ncia de g\u00e8nere a trav\u00e9s d&#8217;accions de sensibilitzaci\u00f3, de formaci\u00f3 i de suport a les entitats que treballen amb v\u00edctimes de viol\u00e8ncia de g\u00e8nere&#8221;.<\/p>\n\n\n\n<p>&#8220;Per a nosaltres \u00e9s fonamental que es posen els recursos necessaris per a protegir les dones v\u00edctimes de viol\u00e8ncia de g\u00e8nere, igual que el treball de prevenci\u00f3 que des de la Diputaci\u00f3 de Val\u00e8ncia realitzem encara no tenint compet\u00e8ncies en la intervenci\u00f3 amb dones v\u00edctimes de viol\u00e8ncia de g\u00e8nere&#8221;, ha afegit Natalia Enguix, qui ha recordat que \u00e9s &#8220;un sistema conjunt que totes les Administracions hem de dur a terme&#8221;, per la qual cosa ha mostrat el seu suport &#8220;al treball que es fa des de la Conselleria d&#8217;Igualtat i des de la Delegaci\u00f3 de Govern; aix\u00ed com el treball que es fa des de les forces i cossos de seguretat de l&#8217;Estat per a evitar que aquestes situacions es tornen a produir&#8221;.<\/p>\n\n\n\n<p>Unes paraules que han sigut subscrites pel president de la Diputaci\u00f3, Vicent Momp\u00f3, qui s&#8217;ha sumat a les mostres de condolences de la resta de responsables p\u00fablics presents aquest diumenge al mat\u00ed a Bunyol, on ha apostat a m\u00e9s per &#8220;continuar aportant recursos per a lluitar contra aquesta xacra, perqu\u00e8 no volem viure en una societat on continuen existint casos de tipus contra els quals cal posar recursos perqu\u00e8 aix\u00f2 deixe de succeir&#8221;.<\/p>\n\n\n\n<p>La Delegada del Govern, Pilar Bernab\u00e9, ha recordat que quan &#8220;es confirme aquesta cas, ser\u00e0 la quarta dona assassinada a la Comunitat Valenciana en el que va de 2024; un assassinat que sens dubte ens destrossa com a societat i tamb\u00e9 com a pa\u00eds. \u00c9s una lluita sense quarter de cossos i seguretat de l&#8217;Estat, per\u00f2 tamb\u00e9 del sistema que en la Comunitat Valenciana protegeix m\u00e9s de 14.000 dones&#8221;, segons ha dit.<\/p>\n\n\n\n<p>El del comissionat per a la viol\u00e8ncia de g\u00e8nere de la Generalitat Valenciana, Felipe del Ba\u00f1o, ha lamentat que durant els \u00faltima setmanes &#8220;h\u00e0gem hagut de compar\u00e9ixer diverses vegades&#8221; &#8220;i ha recordat que \u00e9s una lluita contra la qual cal lluitar des de to la societat; a m\u00e9s de recordar des de la Generalitat treballem dia a dia en el suport a les v\u00edctimes&#8221;.&nbsp; &nbsp;<\/p>\n\n\n\n<figure class=\"wp-block-gallery has-nested-images columns-1 is-cropped wp-block-gallery-1 is-layout-flex wp-block-gallery-is-layout-flex\">\n<figure class=\"wp-block-image size-large\"><img loading=\"lazy\" decoding=\"async\" width=\"945\" height=\"630\" data-id=\"229543\" src=\"https:\/\/www.tucomarca.com\/wordpress\/segunda\/wp-content\/uploads\/2024\/07\/BunolMinutoSilencio07.jpg\" alt=\"\" class=\"wp-image-229543\" srcset=\"https:\/\/www.tucomarca.com\/wordpress\/segunda\/wp-content\/uploads\/2024\/07\/BunolMinutoSilencio07.jpg 945w, https:\/\/www.tucomarca.com\/wordpress\/segunda\/wp-content\/uploads\/2024\/07\/BunolMinutoSilencio07-300x200.jpg 300w, https:\/\/www.tucomarca.com\/wordpress\/segunda\/wp-content\/uploads\/2024\/07\/BunolMinutoSilencio07-768x512.jpg 768w\" sizes=\"auto, (max-width: 945px) 100vw, 945px\" \/><\/figure>\n\n\n\n<figure class=\"wp-block-image size-large\"><img loading=\"lazy\" decoding=\"async\" width=\"945\" height=\"630\" data-id=\"229539\" src=\"https:\/\/www.tucomarca.com\/wordpress\/segunda\/wp-content\/uploads\/2024\/07\/BunolMinutoSilencio05.jpg\" alt=\"\" class=\"wp-image-229539\" srcset=\"https:\/\/www.tucomarca.com\/wordpress\/segunda\/wp-content\/uploads\/2024\/07\/BunolMinutoSilencio05.jpg 945w, https:\/\/www.tucomarca.com\/wordpress\/segunda\/wp-content\/uploads\/2024\/07\/BunolMinutoSilencio05-300x200.jpg 300w, https:\/\/www.tucomarca.com\/wordpress\/segunda\/wp-content\/uploads\/2024\/07\/BunolMinutoSilencio05-768x512.jpg 768w\" sizes=\"auto, (max-width: 945px) 100vw, 945px\" \/><\/figure>\n\n\n\n<figure class=\"wp-block-image size-large\"><img loading=\"lazy\" decoding=\"async\" width=\"945\" height=\"630\" data-id=\"229537\" src=\"https:\/\/www.tucomarca.com\/wordpress\/segunda\/wp-content\/uploads\/2024\/07\/BunolMinutoSilencio04.jpg\" alt=\"\" class=\"wp-image-229537\" srcset=\"https:\/\/www.tucomarca.com\/wordpress\/segunda\/wp-content\/uploads\/2024\/07\/BunolMinutoSilencio04.jpg 945w, https:\/\/www.tucomarca.com\/wordpress\/segunda\/wp-content\/uploads\/2024\/07\/BunolMinutoSilencio04-300x200.jpg 300w, https:\/\/www.tucomarca.com\/wordpress\/segunda\/wp-content\/uploads\/2024\/07\/BunolMinutoSilencio04-768x512.jpg 768w\" sizes=\"auto, (max-width: 945px) 100vw, 945px\" \/><\/figure>\n\n\n\n<figure class=\"wp-block-image size-large\"><img loading=\"lazy\" decoding=\"async\" width=\"945\" height=\"630\" data-id=\"229535\" src=\"https:\/\/www.tucomarca.com\/wordpress\/segunda\/wp-content\/uploads\/2024\/07\/BunolMinutoSilencio03.jpg\" alt=\"\" class=\"wp-image-229535\" srcset=\"https:\/\/www.tucomarca.com\/wordpress\/segunda\/wp-content\/uploads\/2024\/07\/BunolMinutoSilencio03.jpg 945w, https:\/\/www.tucomarca.com\/wordpress\/segunda\/wp-content\/uploads\/2024\/07\/BunolMinutoSilencio03-300x200.jpg 300w, https:\/\/www.tucomarca.com\/wordpress\/segunda\/wp-content\/uploads\/2024\/07\/BunolMinutoSilencio03-768x512.jpg 768w\" sizes=\"auto, (max-width: 945px) 100vw, 945px\" \/><\/figure>\n\n\n\n<figure class=\"wp-block-image size-large\"><img loading=\"lazy\" decoding=\"async\" width=\"945\" height=\"630\" data-id=\"229533\" src=\"https:\/\/www.tucomarca.com\/wordpress\/segunda\/wp-content\/uploads\/2024\/07\/BunolMinutoSilencio02.jpg\" alt=\"\" class=\"wp-image-229533\" srcset=\"https:\/\/www.tucomarca.com\/wordpress\/segunda\/wp-content\/uploads\/2024\/07\/BunolMinutoSilencio02.jpg 945w, https:\/\/www.tucomarca.com\/wordpress\/segunda\/wp-content\/uploads\/2024\/07\/BunolMinutoSilencio02-300x200.jpg 300w, https:\/\/www.tucomarca.com\/wordpress\/segunda\/wp-content\/uploads\/2024\/07\/BunolMinutoSilencio02-768x512.jpg 768w\" sizes=\"auto, (max-width: 945px) 100vw, 945px\" \/><\/figure>\n<\/figure>\n","protected":false},"excerpt":{"rendered":"<div class=\"mh-excerpt\">La porta de la casa consistorial de Bunyol ha sigut l&#8217;espai en el qual aquest diumenge a les 12,00 hores els ciutadans i ciutadanes de la localitat han volgut mostrar la seua solidaritat amb els <a class=\"mh-excerpt-more\" href=\"https:\/\/www.tucomarca.com\/wordpress\/segunda\/ca\/mompo-enguix-bernabe-i-del-bano-assisteixen-al-minut-de-silenci-a-bunyol-en-memoria-de-la-dona-assassinada-per-la-seua-parella-en-ventamina\/\" title=\"Momp\u00f3, Enguix, Bernab\u00e9 i del Ba\u00f1o assisteixen al minut de silenci a Bunyol en mem\u00f2ria de la dona assassinada per la seua parella en Ventamina\">[+] <\/a><\/div>\n","protected":false},"author":1,"featured_media":229542,"comment_status":"open","ping_status":"open","sticky":false,"template":"","format":"gallery","meta":{"footnotes":""},"categories":[10911,10898,10894,10904,10912,10896,10897],"tags":[10913,10914,20989],"class_list":{"0":"post-229551","1":"post","2":"type-post","3":"status-publish","4":"format-gallery","5":"has-post-thumbnail","7":"category-bunol-ca","8":"category-ventana-ca","9":"category-la-comarca-ca","10":"category-sin-categorizar-ca","11":"category-la-hoya-ca","12":"category-seccion-ca","13":"category-sucesos-la-comarca-ca","14":"tag-bunol-ca","15":"tag-la-hoya-de-bunol-chiva-ca","16":"tag-silencio-ca","17":"post_format-post-format-gallery"},"_links":{"self":[{"href":"https:\/\/www.tucomarca.com\/wordpress\/segunda\/ca\/wp-json\/wp\/v2\/posts\/229551","targetHints":{"allow":["GET"]}}],"collection":[{"href":"https:\/\/www.tucomarca.com\/wordpress\/segunda\/ca\/wp-json\/wp\/v2\/posts"}],"about":[{"href":"https:\/\/www.tucomarca.com\/wordpress\/segunda\/ca\/wp-json\/wp\/v2\/types\/post"}],"author":[{"embeddable":true,"href":"https:\/\/www.tucomarca.com\/wordpress\/segunda\/ca\/wp-json\/wp\/v2\/users\/1"}],"replies":[{"embeddable":true,"href":"https:\/\/www.tucomarca.com\/wordpress\/segunda\/ca\/wp-json\/wp\/v2\/comments?post=229551"}],"version-history":[{"count":0,"href":"https:\/\/www.tucomarca.com\/wordpress\/segunda\/ca\/wp-json\/wp\/v2\/posts\/229551\/revisions"}],"wp:featuredmedia":[{"embeddable":true,"href":"https:\/\/www.tucomarca.com\/wordpress\/segunda\/ca\/wp-json\/wp\/v2\/media\/229542"}],"wp:attachment":[{"href":"https:\/\/www.tucomarca.com\/wordpress\/segunda\/ca\/wp-json\/wp\/v2\/media?parent=229551"}],"wp:term":[{"taxonomy":"category","embeddable":true,"href":"https:\/\/www.tucomarca.com\/wordpress\/segunda\/ca\/wp-json\/wp\/v2\/categories?post=229551"},{"taxonomy":"post_tag","embeddable":true,"href":"https:\/\/www.tucomarca.com\/wordpress\/segunda\/ca\/wp-json\/wp\/v2\/tags?post=229551"}],"curies":[{"name":"wp","href":"https:\/\/api.w.org\/{rel}","templated":true}]}}