{"id":229575,"date":"2024-07-15T10:00:00","date_gmt":"2024-07-15T08:00:00","guid":{"rendered":"https:\/\/www.tucomarca.com\/wordpress\/segunda\/?p=229575"},"modified":"2024-07-15T14:09:42","modified_gmt":"2024-07-15T12:09:42","slug":"setaigues-se-solidaritza-amb-bunyol-per-lassassinat-masclista-ocorregut-en-ventamina","status":"publish","type":"post","link":"https:\/\/www.tucomarca.com\/wordpress\/segunda\/ca\/setaigues-se-solidaritza-amb-bunyol-per-lassassinat-masclista-ocorregut-en-ventamina\/","title":{"rendered":"Setaig\u00fces se solidaritza amb Bunyol per l&#8217;assassinat masclista ocorregut en Ventamina"},"content":{"rendered":"\n<p>El poble de Setaig\u00fces ha mostrat el seu suport i solidaritat amb la dona assassinada en Ventamina v\u00edctima de viol\u00e8ncia de g\u00e8nere, aix\u00ed com els seus familiars. Els habitants de Setaig\u00fces s&#8217;han reunit a la porta de l&#8217;ajuntament per a realitzar un minut de silenci en condemna a aquest tr\u00e0gic succ\u00e9s esdevingut en el terme municipal de Bunyol, en Ventamina, una zona molt pr\u00f2xima a Setaig\u00fces.<\/p>\n\n\n\n<figure class=\"wp-block-image size-full\"><img loading=\"lazy\" decoding=\"async\" width=\"886\" height=\"592\" src=\"http:\/\/www.tucomarca.com\/wordpress\/segunda\/wp-content\/uploads\/2024\/07\/SieteAguasMinutoSilencio2.jpg\" alt=\"\" class=\"wp-image-229570\" srcset=\"https:\/\/www.tucomarca.com\/wordpress\/segunda\/wp-content\/uploads\/2024\/07\/SieteAguasMinutoSilencio2.jpg 886w, https:\/\/www.tucomarca.com\/wordpress\/segunda\/wp-content\/uploads\/2024\/07\/SieteAguasMinutoSilencio2-300x200.jpg 300w, https:\/\/www.tucomarca.com\/wordpress\/segunda\/wp-content\/uploads\/2024\/07\/SieteAguasMinutoSilencio2-768x513.jpg 768w\" sizes=\"auto, (max-width: 886px) 100vw, 886px\" \/><\/figure>\n\n\n\n<p>El minut de silenci, que va tindre lloc a les 12.00 hores d&#8217;aquest diumenge, ha comptat amb la participaci\u00f3 de nombrosos ve\u00efns, l&#8217;alcaldessa, Teresa Hern\u00e1ndez, aix\u00ed com altres autoritats locals i representants de diverses associacions. La convocat\u00f2ria va ser promoguda per l&#8217;Ajuntament de Setaig\u00fces, que va expressar la seua m\u00e9s en\u00e8rgica repulsa davant qualsevol forma de viol\u00e8ncia de g\u00e8nere i el seu comprom\u00eds per a lluitar contra aquest greu xacra social.<\/p>\n","protected":false},"excerpt":{"rendered":"<div class=\"mh-excerpt\">El poble de Setaig\u00fces ha mostrat el seu suport i solidaritat amb la dona assassinada en Ventamina v\u00edctima de viol\u00e8ncia de g\u00e8nere, aix\u00ed com els seus familiars. Els habitants de Setaig\u00fces s&#8217;han reunit a la <a class=\"mh-excerpt-more\" href=\"https:\/\/www.tucomarca.com\/wordpress\/segunda\/ca\/setaigues-se-solidaritza-amb-bunyol-per-lassassinat-masclista-ocorregut-en-ventamina\/\" title=\"Setaig\u00fces se solidaritza amb Bunyol per l&#8217;assassinat masclista ocorregut en Ventamina\">[+] <\/a><\/div>\n","protected":false},"author":12,"featured_media":229569,"comment_status":"open","ping_status":"open","sticky":false,"template":"","format":"image","meta":{"footnotes":""},"categories":[10898,10894,10912,10896,10979,10897],"tags":[10914,11157,11629],"class_list":{"0":"post-229575","1":"post","2":"type-post","3":"status-publish","4":"format-image","5":"has-post-thumbnail","7":"category-ventana-ca","8":"category-la-comarca-ca","9":"category-la-hoya-ca","10":"category-seccion-ca","11":"category-siete-aguas-ca","12":"category-sucesos-la-comarca-ca","13":"tag-la-hoya-de-bunol-chiva-ca","14":"tag-siete-aguas-ca","15":"tag-violencia-de-genero-ca","16":"post_format-post-format-image"},"_links":{"self":[{"href":"https:\/\/www.tucomarca.com\/wordpress\/segunda\/ca\/wp-json\/wp\/v2\/posts\/229575","targetHints":{"allow":["GET"]}}],"collection":[{"href":"https:\/\/www.tucomarca.com\/wordpress\/segunda\/ca\/wp-json\/wp\/v2\/posts"}],"about":[{"href":"https:\/\/www.tucomarca.com\/wordpress\/segunda\/ca\/wp-json\/wp\/v2\/types\/post"}],"author":[{"embeddable":true,"href":"https:\/\/www.tucomarca.com\/wordpress\/segunda\/ca\/wp-json\/wp\/v2\/users\/12"}],"replies":[{"embeddable":true,"href":"https:\/\/www.tucomarca.com\/wordpress\/segunda\/ca\/wp-json\/wp\/v2\/comments?post=229575"}],"version-history":[{"count":0,"href":"https:\/\/www.tucomarca.com\/wordpress\/segunda\/ca\/wp-json\/wp\/v2\/posts\/229575\/revisions"}],"wp:featuredmedia":[{"embeddable":true,"href":"https:\/\/www.tucomarca.com\/wordpress\/segunda\/ca\/wp-json\/wp\/v2\/media\/229569"}],"wp:attachment":[{"href":"https:\/\/www.tucomarca.com\/wordpress\/segunda\/ca\/wp-json\/wp\/v2\/media?parent=229575"}],"wp:term":[{"taxonomy":"category","embeddable":true,"href":"https:\/\/www.tucomarca.com\/wordpress\/segunda\/ca\/wp-json\/wp\/v2\/categories?post=229575"},{"taxonomy":"post_tag","embeddable":true,"href":"https:\/\/www.tucomarca.com\/wordpress\/segunda\/ca\/wp-json\/wp\/v2\/tags?post=229575"}],"curies":[{"name":"wp","href":"https:\/\/api.w.org\/{rel}","templated":true}]}}