{"id":229864,"date":"2024-07-16T09:45:00","date_gmt":"2024-07-16T07:45:00","guid":{"rendered":"https:\/\/www.tucomarca.com\/wordpress\/segunda\/?p=229864"},"modified":"2024-07-16T18:39:51","modified_gmt":"2024-07-16T16:39:51","slug":"la-generalitat-cedeix-la-propietat-dun-immoble-a-lajuntament-de-caudete-de-las-fuentes-per-al-seu-us-com-a-centre-de-persones-jubilades","status":"publish","type":"post","link":"https:\/\/www.tucomarca.com\/wordpress\/segunda\/ca\/la-generalitat-cedeix-la-propietat-dun-immoble-a-lajuntament-de-caudete-de-las-fuentes-per-al-seu-us-com-a-centre-de-persones-jubilades\/","title":{"rendered":"La Generalitat cedeix la propietat d&#8217;un immoble a l&#8217;Ajuntament de Caudete de las Fuentes per al seu \u00fas com a centre de persones jubilades"},"content":{"rendered":"\n<h3 class=\"wp-block-heading\">El municipi tenia cedit l&#8217;\u00fas de les instal\u00b7lacions de titularitat de la Generalitat per a diferents usos dotacionals des de 1992.<\/h3>\n\n\n\n<p>El Consell ha aprovat la cessi\u00f3 a l&#8217;Ajuntament de Caudete de las Fuentes de la propietat d&#8217;un immoble de titularitat auton\u00f2mica per a la seua utilitzaci\u00f3 com a centre de persones jubilades.<\/p>\n\n\n\n<p>En l&#8217;actualitat, aquest b\u00e9 patrimonial, situat en el n\u00famero 27 del carrer Ametlers, alberga la llar de pensionistes, i l&#8217;Ajuntament de Caudete s&#8217;ha encarregat de la seua conservaci\u00f3 i millora, de manera que es troba en bones condicions.<\/p>\n\n\n\n<p>El municipi tenia cedit des de 1992 l&#8217;\u00fas de l&#8217;immoble, gr\u00e0cies a pr\u00f2rrogues car\u00e0cter temporal supeditades a diferents usos dotacionals, l&#8217;\u00faltima d&#8217;elles com a centre esportiu i espai per a persones majors.<\/p>\n\n\n\n<p>L&#8217;Ajuntament va sol\u00b7licitar al maig la cessi\u00f3 de la propietat del local a la Generalitat, que ha accedit a la petici\u00f3 despr\u00e9s de seguir els passos previstos en la Llei de Patrimoni.<\/p>\n\n\n\n<p>L&#8217;acord adoptat pel Consell estableix que l&#8217;Ajuntament mantindr\u00e0 la titularitat de l&#8217;immoble mentre continue destinat a l&#8217;\u00fas actual.<\/p>\n\n\n\n<p>Aix\u00ed mateix, la cessi\u00f3 contempla la possibilitat que la Generalitat puga fer \u00fas puntual gratu\u00eft de les depend\u00e8ncies, pr\u00e8via autoritzaci\u00f3 de l&#8217;Ajuntament, que es far\u00e0 c\u00e0rrec de les obligacions inherents al dret de propietat i, entre elles, del manteniment de l&#8217;immoble.<\/p>\n","protected":false},"excerpt":{"rendered":"<div class=\"mh-excerpt\">El municipi tenia cedit l&#8217;\u00fas de les instal\u00b7lacions de titularitat de la Generalitat per a diferents usos dotacionals des de 1992. El Consell ha aprovat la cessi\u00f3 a l&#8217;Ajuntament de Caudete de las Fuentes de <a class=\"mh-excerpt-more\" href=\"https:\/\/www.tucomarca.com\/wordpress\/segunda\/ca\/la-generalitat-cedeix-la-propietat-dun-immoble-a-lajuntament-de-caudete-de-las-fuentes-per-al-seu-us-com-a-centre-de-persones-jubilades\/\" title=\"La Generalitat cedeix la propietat d&#8217;un immoble a l&#8217;Ajuntament de Caudete de las Fuentes per al seu \u00fas com a centre de persones jubilades\">[+] <\/a><\/div>\n","protected":false},"author":13,"featured_media":114344,"comment_status":"open","ping_status":"open","sticky":false,"template":"","format":"standard","meta":{"footnotes":""},"categories":[11032,10898,10948,10894,10947,10909,10896],"tags":[12700,12903,20937],"class_list":{"0":"post-229864","1":"post","2":"type-post","3":"status-publish","4":"format-standard","5":"has-post-thumbnail","7":"category-caudete-ca","8":"category-ventana-ca","9":"category-infraestructuras-ca","10":"category-la-comarca-ca","11":"category-politica","12":"category-requena-utiel-ca","13":"category-seccion-ca","14":"tag-caudete-de-las-fuentes-ca","15":"tag-infraestructuras-ca","16":"tag-requena-utiel-3-ca"},"_links":{"self":[{"href":"https:\/\/www.tucomarca.com\/wordpress\/segunda\/ca\/wp-json\/wp\/v2\/posts\/229864","targetHints":{"allow":["GET"]}}],"collection":[{"href":"https:\/\/www.tucomarca.com\/wordpress\/segunda\/ca\/wp-json\/wp\/v2\/posts"}],"about":[{"href":"https:\/\/www.tucomarca.com\/wordpress\/segunda\/ca\/wp-json\/wp\/v2\/types\/post"}],"author":[{"embeddable":true,"href":"https:\/\/www.tucomarca.com\/wordpress\/segunda\/ca\/wp-json\/wp\/v2\/users\/13"}],"replies":[{"embeddable":true,"href":"https:\/\/www.tucomarca.com\/wordpress\/segunda\/ca\/wp-json\/wp\/v2\/comments?post=229864"}],"version-history":[{"count":0,"href":"https:\/\/www.tucomarca.com\/wordpress\/segunda\/ca\/wp-json\/wp\/v2\/posts\/229864\/revisions"}],"wp:featuredmedia":[{"embeddable":true,"href":"https:\/\/www.tucomarca.com\/wordpress\/segunda\/ca\/wp-json\/wp\/v2\/media\/114344"}],"wp:attachment":[{"href":"https:\/\/www.tucomarca.com\/wordpress\/segunda\/ca\/wp-json\/wp\/v2\/media?parent=229864"}],"wp:term":[{"taxonomy":"category","embeddable":true,"href":"https:\/\/www.tucomarca.com\/wordpress\/segunda\/ca\/wp-json\/wp\/v2\/categories?post=229864"},{"taxonomy":"post_tag","embeddable":true,"href":"https:\/\/www.tucomarca.com\/wordpress\/segunda\/ca\/wp-json\/wp\/v2\/tags?post=229864"}],"curies":[{"name":"wp","href":"https:\/\/api.w.org\/{rel}","templated":true}]}}