{"id":230160,"date":"2024-07-19T11:00:00","date_gmt":"2024-07-19T09:00:00","guid":{"rendered":"https:\/\/www.tucomarca.com\/wordpress\/segunda\/?p=230160"},"modified":"2024-07-19T11:06:35","modified_gmt":"2024-07-19T09:06:35","slug":"la-mancomunitat-de-la-foia-presenta-els-seus-programes-de-salut-mental-i-gestio-emocional","status":"publish","type":"post","link":"https:\/\/www.tucomarca.com\/wordpress\/segunda\/ca\/la-mancomunitat-de-la-foia-presenta-els-seus-programes-de-salut-mental-i-gestio-emocional\/","title":{"rendered":"La Mancomunitat de la Foia presenta els seus programes de salut mental i gesti\u00f3 emocional"},"content":{"rendered":"\n<p>La Mancomunitat de La Foia de Bunyol-Xiva ha presentat els seus programes de salut mental i gesti\u00f3 emocional.<\/p>\n\n\n\n<p>La programaci\u00f3 contempla accions de formaci\u00f3, tallers i trobades amb persones usu\u00e0ries dels serveis de salut mental i els seus familiars, aix\u00ed com accions dirigides a la poblaci\u00f3 en general.<\/p>\n\n\n\n<p>Aquest programa, ja desenvolupat l&#8217;any anterior a I\u00e0tova i Godelleta s&#8217;inclou dins del projecte \u201cservei de promoci\u00f3 de l&#8217;autonomia personal\u201d dels serveis socials d&#8217;atenci\u00f3 prim\u00e0ria b\u00e0sica de la Mancomunitat Foia de Bunyol Xiva.<\/p>\n\n\n\n<p>Cal assenyalar que de la programaci\u00f3 anterior han pres forma els actuals grups d&#8217;ajuda m\u00fatua que actualment funcionen en els dos municipis anteriorment esmentats.<\/p>\n\n\n\n<p>Les persones interessades poden informar-se en la web de la Mancomunitat: www.mclahoya.es o b\u00e9 trucant al tel\u00e8fon 96 250 48 67<\/p>\n","protected":false},"excerpt":{"rendered":"<div class=\"mh-excerpt\">La Mancomunitat de La Foia de Bunyol-Xiva ha presentat els seus programes de salut mental i gesti\u00f3 emocional. La programaci\u00f3 contempla accions de formaci\u00f3, tallers i trobades amb persones usu\u00e0ries dels serveis de salut mental <a class=\"mh-excerpt-more\" href=\"https:\/\/www.tucomarca.com\/wordpress\/segunda\/ca\/la-mancomunitat-de-la-foia-presenta-els-seus-programes-de-salut-mental-i-gestio-emocional\/\" title=\"La Mancomunitat de la Foia presenta els seus programes de salut mental i gesti\u00f3 emocional\">[+] <\/a><\/div>\n","protected":false},"author":12,"featured_media":230158,"comment_status":"open","ping_status":"open","sticky":false,"template":"","format":"standard","meta":{"footnotes":""},"categories":[11010,10948,10894,10912,10947,10896],"tags":[21005,11514,11207,15279],"class_list":{"0":"post-230160","1":"post","2":"type-post","3":"status-publish","4":"format-standard","5":"has-post-thumbnail","7":"category-canal-salud","8":"category-infraestructuras-ca","9":"category-la-comarca-ca","10":"category-la-hoya-ca","11":"category-politica","12":"category-seccion-ca","13":"tag-la-hoya-de-bunol-chiva-5-ca","14":"tag-mancomunidad-de-la-hoya-de-bunol-chiva-ca","15":"tag-salud-ca","16":"tag-salud-mental-ca"},"_links":{"self":[{"href":"https:\/\/www.tucomarca.com\/wordpress\/segunda\/ca\/wp-json\/wp\/v2\/posts\/230160","targetHints":{"allow":["GET"]}}],"collection":[{"href":"https:\/\/www.tucomarca.com\/wordpress\/segunda\/ca\/wp-json\/wp\/v2\/posts"}],"about":[{"href":"https:\/\/www.tucomarca.com\/wordpress\/segunda\/ca\/wp-json\/wp\/v2\/types\/post"}],"author":[{"embeddable":true,"href":"https:\/\/www.tucomarca.com\/wordpress\/segunda\/ca\/wp-json\/wp\/v2\/users\/12"}],"replies":[{"embeddable":true,"href":"https:\/\/www.tucomarca.com\/wordpress\/segunda\/ca\/wp-json\/wp\/v2\/comments?post=230160"}],"version-history":[{"count":0,"href":"https:\/\/www.tucomarca.com\/wordpress\/segunda\/ca\/wp-json\/wp\/v2\/posts\/230160\/revisions"}],"wp:featuredmedia":[{"embeddable":true,"href":"https:\/\/www.tucomarca.com\/wordpress\/segunda\/ca\/wp-json\/wp\/v2\/media\/230158"}],"wp:attachment":[{"href":"https:\/\/www.tucomarca.com\/wordpress\/segunda\/ca\/wp-json\/wp\/v2\/media?parent=230160"}],"wp:term":[{"taxonomy":"category","embeddable":true,"href":"https:\/\/www.tucomarca.com\/wordpress\/segunda\/ca\/wp-json\/wp\/v2\/categories?post=230160"},{"taxonomy":"post_tag","embeddable":true,"href":"https:\/\/www.tucomarca.com\/wordpress\/segunda\/ca\/wp-json\/wp\/v2\/tags?post=230160"}],"curies":[{"name":"wp","href":"https:\/\/api.w.org\/{rel}","templated":true}]}}