{"id":230642,"date":"2024-07-22T09:30:00","date_gmt":"2024-07-22T07:30:00","guid":{"rendered":"https:\/\/www.tucomarca.com\/wordpress\/segunda\/?p=230642"},"modified":"2024-07-22T19:00:43","modified_gmt":"2024-07-22T17:00:43","slug":"salvem-farrajon-lamenta-que-lajuntament-de-bunyol-haja-donat-la-llicencia-dobres-per-a-la-installacio-de-la-planta-fotovoltaica-victoria-one-en-el-paratge","status":"publish","type":"post","link":"https:\/\/www.tucomarca.com\/wordpress\/segunda\/ca\/salvem-farrajon-lamenta-que-lajuntament-de-bunyol-haja-donat-la-llicencia-dobres-per-a-la-installacio-de-la-planta-fotovoltaica-victoria-one-en-el-paratge\/","title":{"rendered":"Salvem Farraj\u00f3n lamenta que l&#8217;Ajuntament de Bunyol haja donat la llic\u00e8ncia d&#8217;obres per a la instal\u00b7laci\u00f3 de la planta fotovoltaica Victoria One en el paratge"},"content":{"rendered":"\n<p>La plataforma Salvem Farrajon, reunida divendres passat, 19 de juliol, ha informat &#8220;amb tristesa i amb dolor, que la llic\u00e8ncia d&#8217;obres per a la instal\u00b7laci\u00f3 de la planta fotovoltaica Victoria One s&#8217;ha signat despr\u00e9s del pagament de l&#8217;empresa de la taxa municipal que se li va imposar, amb el que aquesta planta pot comen\u00e7ar les obres en qualsevol moment&#8221;, tal com han transm\u00e9s des de l&#8217;entitat ve\u00efnal.<\/p>\n\n\n\n<p>&#8220;Aix\u00f2 \u00e9s un frac\u00e0s col\u00b7lectiu de tots els que vivim a la nostra comarca, per\u00f2 especialment per als habitants de Bunyol, que comen\u00e7ar\u00e0 a veure exhaurit el seu territori i minvada la seua qualitat de vida i el seu entorn&#8221;, han afegit des de Salvemos Farraj\u00f3n.<\/p>\n\n\n\n<p>La Foia de Bunyol-Xiva, al costat de la Vall d&#8217;Aiora i Teresa de Cofrents, &#8220;han tingut des de molts anys arrere la consideraci\u00f3 de les diferents administracions de Comarques Fem, no oblidem l&#8217;abocador de Corts o la nuclear de Cofrents, hui dia s&#8217;ha ampliat a unes altres, com els Serrans o Requena. La falta d&#8217;un projecte pol\u00edtic comarcal i local com\u00fa per a salvaguardar el nostre territori durant molts anys, afegit a la falta de dilig\u00e8ncia de les administracions locals i comarcals, i tamb\u00e9, perqu\u00e8 no recon\u00e9ixer-ho, a la feble, quan no nul\u00b7la pressi\u00f3 popular i les seues organitzacions socials enfront del que se&#8217;ns ave\u00efnava, ens ha portat a la situaci\u00f3 actual, que no \u00e9s ni mes ni menys que obrir una bretxa per a la instal\u00b7laci\u00f3 d&#8217;aquests projectes en tot el nostre entorn, amb la instal\u00b7laci\u00f3 de la planta fotovoltaica Victoria One&#8221;, segons Salvemos Farraj\u00f3n.<\/p>\n\n\n\n<p>&#8220;Salvem Farraj\u00f3n com a organitzaci\u00f3 social, t\u00e9 la seua part de responsabilitat, i el lamentem, hem arribat tard i no de la millor manera, ens hem oposat a la seua instal\u00b7laci\u00f3 i el seguirem intentat, la nostra falta de dilig\u00e8ncia i capacitat de pressi\u00f3, est\u00e0 d&#8217;acord amb la resposta social i amb les nostres possibilitats, per\u00f2 i els altres actors d&#8217;aquesta trag\u00e8dia?,que s&#8217;ha fet per a parar aquesta invasi\u00f3 descontrolada i especuladora per part dels partits pol\u00edtics, representants de la sobirania popular i amb majors possibilitats d&#8217;informaci\u00f3, capacitat de mobilitzaci\u00f3, amb representaci\u00f3 en les institucions locals i superiors, en Conselleria, Diputacions, Mancomunitat o Govern de l&#8217;Estat?, fomentar el pelotazo energ\u00e8tic, i aprofitar est, per a fer caixa sense tindre en compte els interessos de la poblaci\u00f3, ni la seua obligaci\u00f3 i deure de salvaguardar el territori&#8221;.<\/p>\n\n\n\n<p>&#8220;I com a mostra un bot\u00f3, l&#8217;\u00faltim decret signat pel govern del PP i VOX abans del seu divorci, ha sigut per a facilitar encara m\u00e9s la col\u00b7locaci\u00f3 d&#8217;aquestes plantes, perqu\u00e8 si dolentes eren les eines amb qu\u00e8 compt\u00e0vem per a defensar els nostres camps i boscos de l&#8217;assalt d&#8217;especuladors i grans multinacionals energ\u00e8tiques, l&#8217;actual govern de la Comunitat Valenciana acaba d&#8217;aprovar un decret que at\u00e9s que parlem d&#8217;arbres especialment, podem dir \u201cDecret Motoserra\u201d, est, que s&#8217;ha signat el passat dia 9 d&#8217;aquest mes de juliol i empitjora radicalment les condicions per a evitar instal\u00b7lacions d&#8217;energies renovables, i us deixem alguns par\u00e0grafs que fan refer\u00e8ncia: Anul\u00b7la suspensi\u00f3 de llic\u00e8ncies dels Ajuntaments per a impedir la instal\u00b7laci\u00f3, art 68 de la TRLOTUP*. Augmenta el percentatge de terreny susceptible de ser arrasat passant del 3% a 10% del s\u00f2l no urbanitzable com\u00fa i afig el s\u00f2l protegit!!, de tal forma que les superf\u00edcies disponibles augmenten enormement per a l&#8217;especulaci\u00f3. Aix\u00ed mateix evita la protecci\u00f3 del s\u00f2l de \u201calt valor agrologico\u201d declarant les plantes d&#8217;inter\u00e9s p\u00fablic superior. Segueix sense haver-hi una ordenaci\u00f3 del territori. Suprimeix l&#8217;Autoritzaci\u00f3 d&#8217;implantaci\u00f3 en SNUC. Cap menci\u00f3 o millora per a les Comunitats Energ\u00e8tiques i\/o l&#8217;autoconsum. Hi ha molta m\u00e9s legislaci\u00f3 afavorint a les empreses i als intermediaris, per aix\u00f2 anunciem que farem un taller per a informar de totes les \u201cnovetats\u201d del decret motoserra&#8221;.<\/p>\n\n\n\n<p>&#8220;La Plataforma Salvem Farraj\u00f3n, no som terraplanistas, sabem que tenim un problema amb el canvi clim\u00e0tic, creiem en la transici\u00f3 energ\u00e8tica i la defensarem, per\u00f2 no amb el model especulatiu i depredador que se&#8217;ns est\u00e0 imposant des de les diferents administracions i que no finalitza amb la instal\u00b7laci\u00f3 d&#8217;aquesta planta, per aix\u00f2, des d&#8217;ara mateix, estarem molt pendents de les diferents maniobres que en aquest sentit es vagen produint, i estudiarem les accions a seguir. Per a aix\u00f2 demanem la col\u00b7laboraci\u00f3 activa de tots els partits pol\u00edtics representats en el nostre consistori i a la societat de Bunyol, perqu\u00e8 es mobilitzen enfront d&#8217;aquest setge al territori que estem patint i patirem, que alcen la seua veu en defensa d&#8217;all\u00f2 que ens van llegar els nostres majors, i que tenim l&#8217;obligaci\u00f3 de preservar per a les generacions futures&#8221;, han finalitzat des de Salvemos Farraj\u00f3n.<\/p>\n","protected":false},"excerpt":{"rendered":"<div class=\"mh-excerpt\">La plataforma Salvem Farrajon, reunida divendres passat, 19 de juliol, ha informat &#8220;amb tristesa i amb dolor, que la llic\u00e8ncia d&#8217;obres per a la instal\u00b7laci\u00f3 de la planta fotovoltaica Victoria One s&#8217;ha signat despr\u00e9s del <a class=\"mh-excerpt-more\" href=\"https:\/\/www.tucomarca.com\/wordpress\/segunda\/ca\/salvem-farrajon-lamenta-que-lajuntament-de-bunyol-haja-donat-la-llicencia-dobres-per-a-la-installacio-de-la-planta-fotovoltaica-victoria-one-en-el-paratge\/\" title=\"Salvem Farraj\u00f3n lamenta que l&#8217;Ajuntament de Bunyol haja donat la llic\u00e8ncia d&#8217;obres per a la instal\u00b7laci\u00f3 de la planta fotovoltaica Victoria One en el paratge\">[+] <\/a><\/div>\n","protected":false},"author":12,"featured_media":169989,"comment_status":"open","ping_status":"open","sticky":false,"template":"","format":"standard","meta":{"footnotes":""},"categories":[10911,10948,10894,10912,10903,10947,10896],"tags":[10913,20859,12166,11140],"class_list":{"0":"post-230642","1":"post","2":"type-post","3":"status-publish","4":"format-standard","5":"has-post-thumbnail","7":"category-bunol-ca","8":"category-infraestructuras-ca","9":"category-la-comarca-ca","10":"category-la-hoya-ca","11":"category-medio-ambiente-la-comarca-ca","12":"category-politica","13":"category-seccion-ca","14":"tag-bunol-ca","15":"tag-la-hoya-de-bunol-chiva-4-ca","16":"tag-medio-ambiente-ca","17":"tag-politica-ca"},"_links":{"self":[{"href":"https:\/\/www.tucomarca.com\/wordpress\/segunda\/ca\/wp-json\/wp\/v2\/posts\/230642","targetHints":{"allow":["GET"]}}],"collection":[{"href":"https:\/\/www.tucomarca.com\/wordpress\/segunda\/ca\/wp-json\/wp\/v2\/posts"}],"about":[{"href":"https:\/\/www.tucomarca.com\/wordpress\/segunda\/ca\/wp-json\/wp\/v2\/types\/post"}],"author":[{"embeddable":true,"href":"https:\/\/www.tucomarca.com\/wordpress\/segunda\/ca\/wp-json\/wp\/v2\/users\/12"}],"replies":[{"embeddable":true,"href":"https:\/\/www.tucomarca.com\/wordpress\/segunda\/ca\/wp-json\/wp\/v2\/comments?post=230642"}],"version-history":[{"count":0,"href":"https:\/\/www.tucomarca.com\/wordpress\/segunda\/ca\/wp-json\/wp\/v2\/posts\/230642\/revisions"}],"wp:featuredmedia":[{"embeddable":true,"href":"https:\/\/www.tucomarca.com\/wordpress\/segunda\/ca\/wp-json\/wp\/v2\/media\/169989"}],"wp:attachment":[{"href":"https:\/\/www.tucomarca.com\/wordpress\/segunda\/ca\/wp-json\/wp\/v2\/media?parent=230642"}],"wp:term":[{"taxonomy":"category","embeddable":true,"href":"https:\/\/www.tucomarca.com\/wordpress\/segunda\/ca\/wp-json\/wp\/v2\/categories?post=230642"},{"taxonomy":"post_tag","embeddable":true,"href":"https:\/\/www.tucomarca.com\/wordpress\/segunda\/ca\/wp-json\/wp\/v2\/tags?post=230642"}],"curies":[{"name":"wp","href":"https:\/\/api.w.org\/{rel}","templated":true}]}}