{"id":230657,"date":"2024-07-23T09:00:00","date_gmt":"2024-07-23T07:00:00","guid":{"rendered":"https:\/\/www.tucomarca.com\/wordpress\/segunda\/?p=230657"},"modified":"2024-07-23T11:55:32","modified_gmt":"2024-07-23T09:55:32","slug":"representants-de-la-federacio-de-cooperatives-agroalimentaries-de-la-comunitat-valenciana-plantegen-al-nou-conseller-dagricultura-els-problemes-del-sector","status":"publish","type":"post","link":"https:\/\/www.tucomarca.com\/wordpress\/segunda\/ca\/representants-de-la-federacio-de-cooperatives-agroalimentaries-de-la-comunitat-valenciana-plantegen-al-nou-conseller-dagricultura-els-problemes-del-sector\/","title":{"rendered":"Representants de la Federaci\u00f3 de Cooperatives Agroaliment\u00e0ries de la Comunitat Valenciana plantegen al nou Conseller d&#8217;Agricultura els problemes del sector"},"content":{"rendered":"\n<p>Una representaci\u00f3 del consell rector de Federaci\u00f3, encap\u00e7alada pel seu president, Cirilo Arnandis, ha mantingut en el mat\u00ed de hui una reuni\u00f3 amb Miguel Barrachina, nou conseller d&#8217;Agricultura, Aigua, Ramaderia i Pesca i part del seu equip de treball. En aquest sentit, el conseller ha estat acompanyat pel secretari auton\u00f2mic, Vicente Tejedo, i per la directora general de Producci\u00f3 Agr\u00edcola i Ramadera, M\u00aa \u00c0ngels Ram\u00f3n-Llin, competent en mat\u00e8ria de cooperativisme.<\/p>\n\n\n\n<p>En la trobada celebrada a la Ciutat Administrativa 9 d&#8217;Octubre, seu de la Conselleria, els representants del sector cooperatiu i de l&#8217;Administraci\u00f3 auton\u00f2mica han dialogat sobre les prioritats que pretenen fixar els nous gestors del departament, sobre les principals necessitats i demandes del cooperativisme agroalimentari valenci\u00e0 i sobre les l\u00ednies de treball conjunt que venen desenvolupant tradicionalment el Govern valenci\u00e0 i l&#8217;organitzaci\u00f3 representativa de les cooperatives.<\/p>\n\n\n\n<p>Aix\u00ed, els representants de Federaci\u00f3 han plantejat alguns dels principals problemes del sector, com la baixa rendibilitat de les explotacions, el minifundisme, la insuficient capacitat de concentraci\u00f3 de l&#8217;oferta, la inestabilitat dels mercats, l&#8217;exc\u00e9s de normativa i de regulacions procedents de diferents \u00e0mbits, o l&#8217;abs\u00e8ncia de reciprocitat amb pa\u00efsos tercers.<\/p>\n\n\n\n<p>Un altre dels temes abordats ha sigut la falta de relleu generacional, condicionada per l&#8217;escassa rendibilitat i per altres factors com la dificultat per a accedir a la terra. Tamb\u00e9 s&#8217;ha parlat durant la reuni\u00f3 d&#8217;assegurances agr\u00e0ries, q\u00fcesti\u00f3 en la qual la Comunitat Valenciana \u00e9s l\u00edder i referent nacional per la seua aportaci\u00f3 anual per a ajudar a la subscripci\u00f3 de p\u00f2lisses per part d&#8217;agricultors i cooperatives. Sobre aquesta q\u00fcesti\u00f3, Cooperatives Agro-aliment\u00e0ries ha destacat la import\u00e0ncia del manteniment d&#8217;aquesta aportaci\u00f3 i l&#8217;adaptaci\u00f3 i millora cont\u00ednua de les l\u00ednies d&#8217;asseguran\u00e7a, ja que sense aquest sistema \u201cpossiblement hui no quedaria agricultura ni hi hauria necessitat de relleu generacional\u201d, segons va destacar el president de Federaci\u00f3. Informa, <strong>Luis Ib\u00e1\u00f1ez<\/strong>.<\/p>\n","protected":false},"excerpt":{"rendered":"<div class=\"mh-excerpt\">Una representaci\u00f3 del consell rector de Federaci\u00f3, encap\u00e7alada pel seu president, Cirilo Arnandis, ha mantingut en el mat\u00ed de hui una reuni\u00f3 amb Miguel Barrachina, nou conseller d&#8217;Agricultura, Aigua, Ramaderia i Pesca i part del <a class=\"mh-excerpt-more\" href=\"https:\/\/www.tucomarca.com\/wordpress\/segunda\/ca\/representants-de-la-federacio-de-cooperatives-agroalimentaries-de-la-comunitat-valenciana-plantegen-al-nou-conseller-dagricultura-els-problemes-del-sector\/\" title=\"Representants de la Federaci\u00f3 de Cooperatives Agroaliment\u00e0ries de la Comunitat Valenciana plantegen al nou Conseller d&#8217;Agricultura els problemes del sector\">[+] <\/a><\/div>\n","protected":false},"author":12,"featured_media":230655,"comment_status":"open","ping_status":"open","sticky":false,"template":"","format":"standard","meta":{"footnotes":""},"categories":[10905,10948,10894,10903,10947,10909,10896],"tags":[11309,20937],"class_list":{"0":"post-230657","1":"post","2":"type-post","3":"status-publish","4":"format-standard","5":"has-post-thumbnail","7":"category-agricultura-la-comarca-ca","8":"category-infraestructuras-ca","9":"category-la-comarca-ca","10":"category-medio-ambiente-la-comarca-ca","11":"category-politica","12":"category-requena-utiel-ca","13":"category-seccion-ca","14":"tag-agricultura-ca","15":"tag-requena-utiel-3-ca"},"_links":{"self":[{"href":"https:\/\/www.tucomarca.com\/wordpress\/segunda\/ca\/wp-json\/wp\/v2\/posts\/230657","targetHints":{"allow":["GET"]}}],"collection":[{"href":"https:\/\/www.tucomarca.com\/wordpress\/segunda\/ca\/wp-json\/wp\/v2\/posts"}],"about":[{"href":"https:\/\/www.tucomarca.com\/wordpress\/segunda\/ca\/wp-json\/wp\/v2\/types\/post"}],"author":[{"embeddable":true,"href":"https:\/\/www.tucomarca.com\/wordpress\/segunda\/ca\/wp-json\/wp\/v2\/users\/12"}],"replies":[{"embeddable":true,"href":"https:\/\/www.tucomarca.com\/wordpress\/segunda\/ca\/wp-json\/wp\/v2\/comments?post=230657"}],"version-history":[{"count":0,"href":"https:\/\/www.tucomarca.com\/wordpress\/segunda\/ca\/wp-json\/wp\/v2\/posts\/230657\/revisions"}],"wp:featuredmedia":[{"embeddable":true,"href":"https:\/\/www.tucomarca.com\/wordpress\/segunda\/ca\/wp-json\/wp\/v2\/media\/230655"}],"wp:attachment":[{"href":"https:\/\/www.tucomarca.com\/wordpress\/segunda\/ca\/wp-json\/wp\/v2\/media?parent=230657"}],"wp:term":[{"taxonomy":"category","embeddable":true,"href":"https:\/\/www.tucomarca.com\/wordpress\/segunda\/ca\/wp-json\/wp\/v2\/categories?post=230657"},{"taxonomy":"post_tag","embeddable":true,"href":"https:\/\/www.tucomarca.com\/wordpress\/segunda\/ca\/wp-json\/wp\/v2\/tags?post=230657"}],"curies":[{"name":"wp","href":"https:\/\/api.w.org\/{rel}","templated":true}]}}