{"id":230672,"date":"2024-07-23T10:00:00","date_gmt":"2024-07-23T08:00:00","guid":{"rendered":"https:\/\/www.tucomarca.com\/wordpress\/segunda\/?p=230672"},"modified":"2024-07-23T11:59:41","modified_gmt":"2024-07-23T09:59:41","slug":"la-societat-musical-turisense-presenta-en-la-mina-el-programa-que-interpretara-en-el-certamen-de-cullera","status":"publish","type":"post","link":"https:\/\/www.tucomarca.com\/wordpress\/segunda\/ca\/la-societat-musical-turisense-presenta-en-la-mina-el-programa-que-interpretara-en-el-certamen-de-cullera\/","title":{"rendered":"La Societat Musical Turisense presenta en La Mina el programa que interpretar\u00e1 en el Certamen de Cullera"},"content":{"rendered":"\n<p>La Societat Musical Turisense ha presentat el programa que interpretar\u00e0 en el pr\u00f2xim Certamen de Bandes de Cullera, amb un emocionant concert que va tindre lloc el divendres a la nit en La Mina. Aquest esdeveniment no sols va servir com un delit musical per als assistents, sin\u00f3 tamb\u00e9 com un assaig general per a la seua intervenci\u00f3 en el certamen, programat per a dissabte que ve, 27 de juliol, a Cullera.<\/p>\n\n\n\n<p>En el concert oferit en La Mina s&#8217;han interpretat l&#8217;obres: <strong>Miguel P\u00e9rez Ricarte<\/strong>, de Manuel Morales; <strong>Rafael Mauricio<\/strong>, de Rafael Talens i <strong>Miss Saigon<\/strong>, de Johan de Meij.<\/p>\n\n\n\n<p>Aquestes peces van oferir una variada i rica experi\u00e8ncia musical, destacant tant la tradici\u00f3 com la innovaci\u00f3 en la m\u00fasica de banda. L&#8217;actuaci\u00f3 de la Societat Musical Turisense no sols representa un desafiament art\u00edstic, sin\u00f3 tamb\u00e9 una oportunitat per a demostrar el talent i la dedicaci\u00f3 dels seus m\u00fasics.<\/p>\n\n\n\n<figure class=\"wp-block-gallery has-nested-images columns-1 is-cropped wp-block-gallery-1 is-layout-flex wp-block-gallery-is-layout-flex\">\n<figure class=\"wp-block-image size-large\"><img loading=\"lazy\" decoding=\"async\" width=\"1024\" height=\"576\" data-id=\"230666\" src=\"https:\/\/www.tucomarca.com\/wordpress\/segunda\/wp-content\/uploads\/2024\/07\/Turisense2-1024x576.jpg\" alt=\"\" class=\"wp-image-230666\" srcset=\"https:\/\/www.tucomarca.com\/wordpress\/segunda\/wp-content\/uploads\/2024\/07\/Turisense2-1024x576.jpg 1024w, https:\/\/www.tucomarca.com\/wordpress\/segunda\/wp-content\/uploads\/2024\/07\/Turisense2-300x169.jpg 300w, https:\/\/www.tucomarca.com\/wordpress\/segunda\/wp-content\/uploads\/2024\/07\/Turisense2-768x432.jpg 768w, https:\/\/www.tucomarca.com\/wordpress\/segunda\/wp-content\/uploads\/2024\/07\/Turisense2-678x381.jpg 678w, https:\/\/www.tucomarca.com\/wordpress\/segunda\/wp-content\/uploads\/2024\/07\/Turisense2.jpg 1080w\" sizes=\"auto, (max-width: 1024px) 100vw, 1024px\" \/><\/figure>\n\n\n\n<figure class=\"wp-block-image size-large\"><img loading=\"lazy\" decoding=\"async\" width=\"1024\" height=\"576\" data-id=\"230668\" src=\"https:\/\/www.tucomarca.com\/wordpress\/segunda\/wp-content\/uploads\/2024\/07\/Turisense3-1024x576.jpg\" alt=\"\" class=\"wp-image-230668\" srcset=\"https:\/\/www.tucomarca.com\/wordpress\/segunda\/wp-content\/uploads\/2024\/07\/Turisense3-1024x576.jpg 1024w, https:\/\/www.tucomarca.com\/wordpress\/segunda\/wp-content\/uploads\/2024\/07\/Turisense3-300x169.jpg 300w, https:\/\/www.tucomarca.com\/wordpress\/segunda\/wp-content\/uploads\/2024\/07\/Turisense3-768x432.jpg 768w, https:\/\/www.tucomarca.com\/wordpress\/segunda\/wp-content\/uploads\/2024\/07\/Turisense3-678x381.jpg 678w, https:\/\/www.tucomarca.com\/wordpress\/segunda\/wp-content\/uploads\/2024\/07\/Turisense3.jpg 1080w\" sizes=\"auto, (max-width: 1024px) 100vw, 1024px\" \/><\/figure>\n\n\n\n<figure class=\"wp-block-image size-large\"><img loading=\"lazy\" decoding=\"async\" width=\"822\" height=\"512\" data-id=\"230664\" src=\"https:\/\/www.tucomarca.com\/wordpress\/segunda\/wp-content\/uploads\/2024\/07\/Turisense1.jpg\" alt=\"\" class=\"wp-image-230664\" srcset=\"https:\/\/www.tucomarca.com\/wordpress\/segunda\/wp-content\/uploads\/2024\/07\/Turisense1.jpg 822w, https:\/\/www.tucomarca.com\/wordpress\/segunda\/wp-content\/uploads\/2024\/07\/Turisense1-300x187.jpg 300w, https:\/\/www.tucomarca.com\/wordpress\/segunda\/wp-content\/uploads\/2024\/07\/Turisense1-768x478.jpg 768w\" sizes=\"auto, (max-width: 822px) 100vw, 822px\" \/><\/figure>\n<\/figure>\n","protected":false},"excerpt":{"rendered":"<div class=\"mh-excerpt\">La Societat Musical Turisense ha presentat el programa que interpretar\u00e0 en el pr\u00f2xim Certamen de Bandes de Cullera, amb un emocionant concert que va tindre lloc el divendres a la nit en La Mina. Aquest <a class=\"mh-excerpt-more\" href=\"https:\/\/www.tucomarca.com\/wordpress\/segunda\/ca\/la-societat-musical-turisense-presenta-en-la-mina-el-programa-que-interpretara-en-el-certamen-de-cullera\/\" title=\"La Societat Musical Turisense presenta en La Mina el programa que interpretar\u00e1 en el Certamen de Cullera\">[+] <\/a><\/div>\n","protected":false},"author":12,"featured_media":230663,"comment_status":"open","ping_status":"open","sticky":false,"template":"","format":"gallery","meta":{"footnotes":""},"categories":[11019,11005,10898,10894,10902,11007,10896,11047],"tags":[21015,11356,21016,11093],"class_list":{"0":"post-230672","1":"post","2":"type-post","3":"status-publish","4":"format-gallery","5":"has-post-thumbnail","7":"category-agenda-ca","8":"category-canal-musica","9":"category-ventana-ca","10":"category-la-comarca-ca","11":"category-la-ribera-ca","12":"category-ocio-y-cultura-ca","13":"category-seccion-ca","14":"category-turis-ca","15":"tag-certamen-de-bandas-de-cullera-ca","16":"tag-ribera-alta-ca","17":"tag-sociedad-musical-turisense-ca","18":"tag-turis-ca","19":"post_format-post-format-gallery"},"_links":{"self":[{"href":"https:\/\/www.tucomarca.com\/wordpress\/segunda\/ca\/wp-json\/wp\/v2\/posts\/230672","targetHints":{"allow":["GET"]}}],"collection":[{"href":"https:\/\/www.tucomarca.com\/wordpress\/segunda\/ca\/wp-json\/wp\/v2\/posts"}],"about":[{"href":"https:\/\/www.tucomarca.com\/wordpress\/segunda\/ca\/wp-json\/wp\/v2\/types\/post"}],"author":[{"embeddable":true,"href":"https:\/\/www.tucomarca.com\/wordpress\/segunda\/ca\/wp-json\/wp\/v2\/users\/12"}],"replies":[{"embeddable":true,"href":"https:\/\/www.tucomarca.com\/wordpress\/segunda\/ca\/wp-json\/wp\/v2\/comments?post=230672"}],"version-history":[{"count":0,"href":"https:\/\/www.tucomarca.com\/wordpress\/segunda\/ca\/wp-json\/wp\/v2\/posts\/230672\/revisions"}],"wp:featuredmedia":[{"embeddable":true,"href":"https:\/\/www.tucomarca.com\/wordpress\/segunda\/ca\/wp-json\/wp\/v2\/media\/230663"}],"wp:attachment":[{"href":"https:\/\/www.tucomarca.com\/wordpress\/segunda\/ca\/wp-json\/wp\/v2\/media?parent=230672"}],"wp:term":[{"taxonomy":"category","embeddable":true,"href":"https:\/\/www.tucomarca.com\/wordpress\/segunda\/ca\/wp-json\/wp\/v2\/categories?post=230672"},{"taxonomy":"post_tag","embeddable":true,"href":"https:\/\/www.tucomarca.com\/wordpress\/segunda\/ca\/wp-json\/wp\/v2\/tags?post=230672"}],"curies":[{"name":"wp","href":"https:\/\/api.w.org\/{rel}","templated":true}]}}