{"id":230687,"date":"2024-07-25T12:00:00","date_gmt":"2024-07-25T10:00:00","guid":{"rendered":"https:\/\/www.tucomarca.com\/wordpress\/segunda\/?p=230687"},"modified":"2024-07-25T12:16:51","modified_gmt":"2024-07-25T10:16:51","slug":"el-concert-ana-zomeno-concloura-ledicio-daquest-any-del-festival-en-viu-dolocau","status":"publish","type":"post","link":"https:\/\/www.tucomarca.com\/wordpress\/segunda\/ca\/el-concert-ana-zomeno-concloura-ledicio-daquest-any-del-festival-en-viu-dolocau\/","title":{"rendered":"El concert Ana Zome\u00f1o conclour\u00e0 l&#8217;edici\u00f3 d&#8217;aquest any del &#8216;Festival en Viu&#8217; d&#8217;Olocau"},"content":{"rendered":"\n<p>Aquest divendres, 26 de juliol, l&#8217;edici\u00f3 2024 del Festival en Viu  d&#8217;Olocau arribar\u00e0 a la seua fi amb l&#8217;esperat concert de la cantautora i compositora valenciana Ana Zome\u00f1o. A partir de les 23,00 hores en la Pla\u00e7a Major, Ana Zome\u00f1o, acompanyada per la seua banda, oferir\u00e0 un espectacle en directe carregat d&#8217;emoci\u00f3, destacant la proximitat i intimitat que genera amb el seu p\u00fablic.<\/p>\n\n\n\n<p>Aquest esdeveniment compta amb la subvenci\u00f3 i suport de la Diputaci\u00f3 de Val\u00e8ncia i de l&#8217;Ajuntament d&#8217;Olocau, i ha sigut organitzat per la Regidoria d&#8217;Educaci\u00f3, Cultura i Joventut juntament amb l&#8217;associaci\u00f3 Sincronies. L&#8217;entrada ser\u00e0 lliure fins a completar l&#8217;aforament, per la qual cosa es recomana arribar amb antelaci\u00f3 per a assegurar un bon lloc.<\/p>\n\n\n\n<p>El concert d&#8217;Ana Zome\u00f1o promet ser una experi\u00e8ncia \u00fanica, tancant amb brillantor un festival que ha portat diverses propostes culturals i musicals a Olocau. La seua actuaci\u00f3 ser\u00e0 una oportunitat per a gaudir del seu talent i connectar amb la seua m\u00fasica en un entorn pr\u00f2xim i acollidor.<\/p>\n","protected":false},"excerpt":{"rendered":"<div class=\"mh-excerpt\">Aquest divendres, 26 de juliol, l&#8217;edici\u00f3 2024 del Festival en Viu d&#8217;Olocau arribar\u00e0 a la seua fi amb l&#8217;esperat concert de la cantautora i compositora valenciana Ana Zome\u00f1o. A partir de les 23,00 hores en <a class=\"mh-excerpt-more\" href=\"https:\/\/www.tucomarca.com\/wordpress\/segunda\/ca\/el-concert-ana-zomeno-concloura-ledicio-daquest-any-del-festival-en-viu-dolocau\/\" title=\"El concert Ana Zome\u00f1o conclour\u00e0 l&#8217;edici\u00f3 d&#8217;aquest any del &#8216;Festival en Viu&#8217; d&#8217;Olocau\">[+] <\/a><\/div>\n","protected":false},"author":12,"featured_media":228579,"comment_status":"open","ping_status":"open","sticky":false,"template":"","format":"standard","meta":{"footnotes":""},"categories":[11019,10892,11005,10894,11007,10935,10896],"tags":[21018,10899,20943,12359],"class_list":{"0":"post-230687","1":"post","2":"type-post","3":"status-publish","4":"format-standard","5":"has-post-thumbnail","7":"category-agenda-ca","8":"category-camp-de-turia-ca","9":"category-canal-musica","10":"category-la-comarca-ca","11":"category-ocio-y-cultura-ca","12":"category-olocau-ca","13":"category-seccion-ca","14":"tag-ana-zomeno-ca","15":"tag-camp-de-turia-ca","16":"tag-festival-en-viu-ca","17":"tag-olocau-ca"},"_links":{"self":[{"href":"https:\/\/www.tucomarca.com\/wordpress\/segunda\/ca\/wp-json\/wp\/v2\/posts\/230687","targetHints":{"allow":["GET"]}}],"collection":[{"href":"https:\/\/www.tucomarca.com\/wordpress\/segunda\/ca\/wp-json\/wp\/v2\/posts"}],"about":[{"href":"https:\/\/www.tucomarca.com\/wordpress\/segunda\/ca\/wp-json\/wp\/v2\/types\/post"}],"author":[{"embeddable":true,"href":"https:\/\/www.tucomarca.com\/wordpress\/segunda\/ca\/wp-json\/wp\/v2\/users\/12"}],"replies":[{"embeddable":true,"href":"https:\/\/www.tucomarca.com\/wordpress\/segunda\/ca\/wp-json\/wp\/v2\/comments?post=230687"}],"version-history":[{"count":0,"href":"https:\/\/www.tucomarca.com\/wordpress\/segunda\/ca\/wp-json\/wp\/v2\/posts\/230687\/revisions"}],"wp:featuredmedia":[{"embeddable":true,"href":"https:\/\/www.tucomarca.com\/wordpress\/segunda\/ca\/wp-json\/wp\/v2\/media\/228579"}],"wp:attachment":[{"href":"https:\/\/www.tucomarca.com\/wordpress\/segunda\/ca\/wp-json\/wp\/v2\/media?parent=230687"}],"wp:term":[{"taxonomy":"category","embeddable":true,"href":"https:\/\/www.tucomarca.com\/wordpress\/segunda\/ca\/wp-json\/wp\/v2\/categories?post=230687"},{"taxonomy":"post_tag","embeddable":true,"href":"https:\/\/www.tucomarca.com\/wordpress\/segunda\/ca\/wp-json\/wp\/v2\/tags?post=230687"}],"curies":[{"name":"wp","href":"https:\/\/api.w.org\/{rel}","templated":true}]}}