{"id":230724,"date":"2024-07-23T13:00:00","date_gmt":"2024-07-23T11:00:00","guid":{"rendered":"https:\/\/www.tucomarca.com\/wordpress\/segunda\/?p=230724"},"modified":"2024-07-23T17:55:42","modified_gmt":"2024-07-23T15:55:42","slug":"la-generalitat-exercix-laccio-popular-en-el-cas-de-lassassinat-de-juliana-d-victima-de-violencia-sobre-la-dona-a-bunol","status":"publish","type":"post","link":"https:\/\/www.tucomarca.com\/wordpress\/segunda\/ca\/la-generalitat-exercix-laccio-popular-en-el-cas-de-lassassinat-de-juliana-d-victima-de-violencia-sobre-la-dona-a-bunol\/","title":{"rendered":"La Generalitat exercix l\u2019acci\u00f3 popular en el cas de l\u2019assassinat de Juliana D., v\u00edctima de viol\u00e8ncia sobre la dona a Bunyol"},"content":{"rendered":"\n<h3 class=\"wp-block-heading\">El Consell aprova la proposta d\u2019actuaci\u00f3 institucional de la Conselleria de Servicis Socials en cas d\u2019assassinats de dones v\u00edctimes de viol\u00e8ncia de g\u00e8nere.<\/h3>\n\n\n\n<p>El Consell ha autoritzat l\u2019Advocacia General de la Generalitat per a exercitar l\u2019acci\u00f3 popular en el cas relacionat amb l\u2019assassinat a Bunyol de Juliana D.V.M., v\u00edctima de viol\u00e8ncia masclista.<\/p>\n\n\n\n<p>El succ\u00e9s constitu\u00efx un cas de viol\u00e8ncia sobre la dona, un problema d\u2019\u00e0mbit social p\u00fablic d\u2019inter\u00e9s general que obliga els poders p\u00fablics a actuar de manera activa amb l\u2019objectiu d\u2019aconseguir la seua plena erradicaci\u00f3.<\/p>\n\n\n\n<p>L\u2019article 36 de la Llei 9\/2003, de 2 d\u2019abril, de la Generalitat, per a la igualtat entre dones i h\u00f2mens establix que la Conselleria amb compet\u00e8ncies en mat\u00e8ria de dona podr\u00e0 proposar al Consell de la Generalitat l\u2019exercici de l\u2019acci\u00f3 popular, a trav\u00e9s de l\u2019Advocacia General de la Generalitat, o d\u2019advocades o advocats col\u00b7legiats, en els sup\u00f2sits d\u2019agressions f\u00edsiques dom\u00e8stiques en els quals es cause la mort o lesions greus a dones residents a la Comunitat Valenciana.<\/p>\n\n\n\n<p>La Llei integral contra la viol\u00e8ncia sobre la dona en l\u2019\u00e0mbit de la Comunitat Valenciana, 7\/2012, de la Generalitat, establix en l\u2019article 58 que la Generalitat exercir\u00e0 l\u2019acci\u00f3 popular en tots els procediments penals que se seguisquen per delictes de viol\u00e8ncia sobre la dona amb resultat de mort, aix\u00ed com en els casos en els quals es genere alarma social o produ\u00efsca lesions greus i invalidants.<\/p>\n\n\n\n<p>Si \u00e9s el cas, la Generalitat sol\u00b7licitar\u00e0 sempre la privaci\u00f3 de la p\u00e0tria potestat del presumpte agressor.<\/p>\n\n\n\n<p>Aix\u00ed mateix, la Llei 10\/2005, d\u2019assist\u00e8ncia jur\u00eddica de la Generalitat, disposa que correspon als advocats i advocades de la Generalitat, integrats en l\u2019Advocacia General de la Generalitat, la representaci\u00f3 i defensa en ju\u00ed.<\/p>\n\n\n\n<p>L\u2019objectiu de l\u2019actuaci\u00f3 institucional de la Conselleria de Servicis Socials, Igualtat i Vivenda en cas d\u2019assassinats de dones \u00e9s conjuminar esfor\u00e7os i visibilitzar de manera conjunta el rebuig als actes de viol\u00e8ncia sobre la dona, en els casos en qu\u00e8 es produ\u00efsca la mort d\u2019una dona o dels seus fills o filles a la Comunitat Valenciana.<\/p>\n","protected":false},"excerpt":{"rendered":"<div class=\"mh-excerpt\">El Consell aprova la proposta d\u2019actuaci\u00f3 institucional de la Conselleria de Servicis Socials en cas d\u2019assassinats de dones v\u00edctimes de viol\u00e8ncia de g\u00e8nere. El Consell ha autoritzat l\u2019Advocacia General de la Generalitat per a exercitar <a class=\"mh-excerpt-more\" href=\"https:\/\/www.tucomarca.com\/wordpress\/segunda\/ca\/la-generalitat-exercix-laccio-popular-en-el-cas-de-lassassinat-de-juliana-d-victima-de-violencia-sobre-la-dona-a-bunol\/\" title=\"La Generalitat exercix l\u2019acci\u00f3 popular en el cas de l\u2019assassinat de Juliana D., v\u00edctima de viol\u00e8ncia sobre la dona a Bunyol\">[+] <\/a><\/div>\n","protected":false},"author":1,"featured_media":229563,"comment_status":"open","ping_status":"open","sticky":false,"template":"","format":"standard","meta":{"footnotes":""},"categories":[10911,10898,10948,10894,10904,10912,10947,10896,10897],"tags":[21019,10913,11199,10914,13109],"class_list":{"0":"post-230724","1":"post","2":"type-post","3":"status-publish","4":"format-standard","5":"has-post-thumbnail","7":"category-bunol-ca","8":"category-ventana-ca","9":"category-infraestructuras-ca","10":"category-la-comarca-ca","11":"category-sin-categorizar-ca","12":"category-la-hoya-ca","13":"category-politica","14":"category-seccion-ca","15":"category-sucesos-la-comarca-ca","16":"tag-asesinada-ca","17":"tag-bunol-ca","18":"tag-la-comunitat-ca","19":"tag-la-hoya-de-bunol-chiva-ca","20":"tag-violencia-machista-ca"},"_links":{"self":[{"href":"https:\/\/www.tucomarca.com\/wordpress\/segunda\/ca\/wp-json\/wp\/v2\/posts\/230724","targetHints":{"allow":["GET"]}}],"collection":[{"href":"https:\/\/www.tucomarca.com\/wordpress\/segunda\/ca\/wp-json\/wp\/v2\/posts"}],"about":[{"href":"https:\/\/www.tucomarca.com\/wordpress\/segunda\/ca\/wp-json\/wp\/v2\/types\/post"}],"author":[{"embeddable":true,"href":"https:\/\/www.tucomarca.com\/wordpress\/segunda\/ca\/wp-json\/wp\/v2\/users\/1"}],"replies":[{"embeddable":true,"href":"https:\/\/www.tucomarca.com\/wordpress\/segunda\/ca\/wp-json\/wp\/v2\/comments?post=230724"}],"version-history":[{"count":0,"href":"https:\/\/www.tucomarca.com\/wordpress\/segunda\/ca\/wp-json\/wp\/v2\/posts\/230724\/revisions"}],"wp:featuredmedia":[{"embeddable":true,"href":"https:\/\/www.tucomarca.com\/wordpress\/segunda\/ca\/wp-json\/wp\/v2\/media\/229563"}],"wp:attachment":[{"href":"https:\/\/www.tucomarca.com\/wordpress\/segunda\/ca\/wp-json\/wp\/v2\/media?parent=230724"}],"wp:term":[{"taxonomy":"category","embeddable":true,"href":"https:\/\/www.tucomarca.com\/wordpress\/segunda\/ca\/wp-json\/wp\/v2\/categories?post=230724"},{"taxonomy":"post_tag","embeddable":true,"href":"https:\/\/www.tucomarca.com\/wordpress\/segunda\/ca\/wp-json\/wp\/v2\/tags?post=230724"}],"curies":[{"name":"wp","href":"https:\/\/api.w.org\/{rel}","templated":true}]}}