{"id":230887,"date":"2024-07-24T11:00:00","date_gmt":"2024-07-24T09:00:00","guid":{"rendered":"https:\/\/www.tucomarca.com\/wordpress\/segunda\/?p=230887"},"modified":"2024-07-24T22:35:26","modified_gmt":"2024-07-24T20:35:26","slug":"ricardo-gabaldon-signa-un-conveni-amb-la-diputacio-per-a-la-reforma-i-conservacio-de-la-caserna-de-la-guardia-civil-dutiel","status":"publish","type":"post","link":"https:\/\/www.tucomarca.com\/wordpress\/segunda\/ca\/ricardo-gabaldon-signa-un-conveni-amb-la-diputacio-per-a-la-reforma-i-conservacio-de-la-caserna-de-la-guardia-civil-dutiel\/","title":{"rendered":"Ricardo Gabald\u00f3n signa un conveni amb la Diputaci\u00f3 per a la reforma i conservaci\u00f3 de la caserna de la Gu\u00e0rdia Civil d&#8217;Utiel"},"content":{"rendered":"\n<h3 class=\"wp-block-heading\">En total es destinaran prop de 13.000 euros a la renovaci\u00f3 i millora del paviment de la Casa Caserna del municipi.<\/h3>\n\n\n\n<p>Ahir la seu de la corporaci\u00f3 provincial acollia l&#8217;acte de signatura de convenis per a la reforma i conservaci\u00f3 de 21 casernes de la Gu\u00e0rdia Civil, entre ells el d&#8217;Utiel<br>L&#8217;alcalde d&#8217;Utiel, Ricardo Gabald\u00f3n materialitzava la r\u00fabrica d&#8217;aquest conveni amb el president de la Diputaci\u00f3 de Val\u00e8ncia , Vicente Momp\u00f3 i el Coronel Inter\u00ed de la Comand\u00e0ncia de la Gu\u00e0rdia Civil de Val\u00e8ncia, Jos\u00e9 Celdr\u00e1n . Acte al qual tamb\u00e9 assistia la delegada del Govern a la Comunitat Valenciana, Pilar Bernab\u00e9.<br>El protocol general d&#8217;actuaci\u00f3 entre la Diputaci\u00f3 de Val\u00e8ncia, la Direcci\u00f3 General de la Gu\u00e0rdia Civil i els Ajuntaments naix de la necessitat de dur a terme actuacions de modernitzaci\u00f3 dels aquarteraments de la prov\u00edncia de Val\u00e8ncia.<br>En concret a la Casa Caserna de la Gu\u00e0rdia Civil d&#8217;Utiel es renovar\u00e0 i millorar\u00e0 el paviment amb una dotaci\u00f3 pr\u00f2xima als 13.000 euros. \u201c Una intervenci\u00f3 necess\u00e0ria ja que el acuartalamiento necessita escometre reformes en les seues instal\u00b7lacions. \u00c9s un primer pas per a millorar les condicions d&#8217;aquest edifici p\u00fablic i que beneficiar\u00e0 tant les condicions de vida del propi personal de la Benmereixent com els serveis que es presten a la ciutadania\u201d apuntava l&#8217;alcalde d&#8217;Utiel, Ricardo Gabald\u00f3n.<br>Tal com destaquen des de la instituci\u00f3 provincial el conveni fa realitat una col\u00b7laboraci\u00f3 entre administracions despr\u00e9s que des de 2021 hi haguera una partida de 300.000 euros assignada per a aquesta comesa, per\u00f2 no s&#8217;haguera trobat la f\u00f3rmula per a dur-lo a terme. Ara, gr\u00e0cies a aquest protocol, ser\u00e0 possible executar els 600.000 euros que el pressupost de la Diputaci\u00f3 per a 2024 t\u00e9 previst per a millorar les casernes de la Benmereixent.<\/p>\n","protected":false},"excerpt":{"rendered":"<div class=\"mh-excerpt\">En total es destinaran prop de 13.000 euros a la renovaci\u00f3 i millora del paviment de la Casa Caserna del municipi. Ahir la seu de la corporaci\u00f3 provincial acollia l&#8217;acte de signatura de convenis per <a class=\"mh-excerpt-more\" href=\"https:\/\/www.tucomarca.com\/wordpress\/segunda\/ca\/ricardo-gabaldon-signa-un-conveni-amb-la-diputacio-per-a-la-reforma-i-conservacio-de-la-caserna-de-la-guardia-civil-dutiel\/\" title=\"Ricardo Gabald\u00f3n signa un conveni amb la Diputaci\u00f3 per a la reforma i conservaci\u00f3 de la caserna de la Gu\u00e0rdia Civil d&#8217;Utiel\">[+] <\/a><\/div>\n","protected":false},"author":12,"featured_media":230884,"comment_status":"open","ping_status":"open","sticky":false,"template":"","format":"standard","meta":{"footnotes":""},"categories":[10898,10948,10894,10947,10909,10896,11059],"tags":[10910,11174],"class_list":{"0":"post-230887","1":"post","2":"type-post","3":"status-publish","4":"format-standard","5":"has-post-thumbnail","7":"category-ventana-ca","8":"category-infraestructuras-ca","9":"category-la-comarca-ca","10":"category-politica","11":"category-requena-utiel-ca","12":"category-seccion-ca","13":"category-utiel-ca","14":"tag-requena-utiel-ca","15":"tag-utiel-ca"},"_links":{"self":[{"href":"https:\/\/www.tucomarca.com\/wordpress\/segunda\/ca\/wp-json\/wp\/v2\/posts\/230887","targetHints":{"allow":["GET"]}}],"collection":[{"href":"https:\/\/www.tucomarca.com\/wordpress\/segunda\/ca\/wp-json\/wp\/v2\/posts"}],"about":[{"href":"https:\/\/www.tucomarca.com\/wordpress\/segunda\/ca\/wp-json\/wp\/v2\/types\/post"}],"author":[{"embeddable":true,"href":"https:\/\/www.tucomarca.com\/wordpress\/segunda\/ca\/wp-json\/wp\/v2\/users\/12"}],"replies":[{"embeddable":true,"href":"https:\/\/www.tucomarca.com\/wordpress\/segunda\/ca\/wp-json\/wp\/v2\/comments?post=230887"}],"version-history":[{"count":0,"href":"https:\/\/www.tucomarca.com\/wordpress\/segunda\/ca\/wp-json\/wp\/v2\/posts\/230887\/revisions"}],"wp:featuredmedia":[{"embeddable":true,"href":"https:\/\/www.tucomarca.com\/wordpress\/segunda\/ca\/wp-json\/wp\/v2\/media\/230884"}],"wp:attachment":[{"href":"https:\/\/www.tucomarca.com\/wordpress\/segunda\/ca\/wp-json\/wp\/v2\/media?parent=230887"}],"wp:term":[{"taxonomy":"category","embeddable":true,"href":"https:\/\/www.tucomarca.com\/wordpress\/segunda\/ca\/wp-json\/wp\/v2\/categories?post=230887"},{"taxonomy":"post_tag","embeddable":true,"href":"https:\/\/www.tucomarca.com\/wordpress\/segunda\/ca\/wp-json\/wp\/v2\/tags?post=230887"}],"curies":[{"name":"wp","href":"https:\/\/api.w.org\/{rel}","templated":true}]}}