{"id":230983,"date":"2024-07-25T10:00:00","date_gmt":"2024-07-25T08:00:00","guid":{"rendered":"https:\/\/www.tucomarca.com\/wordpress\/segunda\/?p=230983"},"modified":"2024-07-25T18:19:58","modified_gmt":"2024-07-25T16:19:58","slug":"fotogaleria-godelleta-acomiada-al-seu-rector-jose-dominguez","status":"publish","type":"post","link":"https:\/\/www.tucomarca.com\/wordpress\/segunda\/ca\/fotogaleria-godelleta-acomiada-al-seu-rector-jose-dominguez\/","title":{"rendered":"Fotogaler\u00eda: Godelleta acomiada al seu rector, Jos\u00e9 Dom\u00ednguez"},"content":{"rendered":"\n<p>Ahir, el municipi de Godelleta es va reunir per a celebrar el 80 aniversari de Don Jos\u00e9 Dom\u00ednguez Sant Joan, rector de l&#8217;esgl\u00e9sia de Sant Pere Ap\u00f3stol. Aquesta ocasi\u00f3 va marcar un emotiu homenatge a la seua extraordin\u00e0ria dedicaci\u00f3 i servei durant 46 anys.<\/p>\n\n\n\n<p>L&#8217;any passat, Godelleta va celebrar els 45 anys de Don Jos\u00e9 al capdavant de l&#8217;esgl\u00e9sia, destacant el seu lideratge en l&#8217;organitzaci\u00f3 del Cam\u00ed de Santiago, una de les seues moltes contribucions significatives a la comunitat.<\/p>\n\n\n\n<p>La poblaci\u00f3 de Godelleta va expressar el seu agra\u00efment a Don Jos\u00e9 pel seu lliurament incondicional i el seu impacte positiu en la localitat. El seu comprom\u00eds i amor per la seua parr\u00f2quia han deixat una petjada inesborrable.<\/p>\n\n\n\n<p>&#8220;Gr\u00e0cies, Don Jos\u00e9, per la seua llarga traject\u00f2ria i lliurament incondicional a Godelleta&#8221;, afigen des del consitori.<\/p>\n\n\n\n<figure class=\"wp-block-gallery has-nested-images columns-2 is-cropped wp-block-gallery-1 is-layout-flex wp-block-gallery-is-layout-flex\">\n<figure class=\"wp-block-image size-large\"><img loading=\"lazy\" decoding=\"async\" width=\"1024\" height=\"1024\" data-id=\"230972\" src=\"https:\/\/www.tucomarca.com\/wordpress\/segunda\/wp-content\/uploads\/2024\/07\/godelletaparroco02-1024x1024.jpg\" alt=\"\" class=\"wp-image-230972\" srcset=\"https:\/\/www.tucomarca.com\/wordpress\/segunda\/wp-content\/uploads\/2024\/07\/godelletaparroco02-1024x1024.jpg 1024w, https:\/\/www.tucomarca.com\/wordpress\/segunda\/wp-content\/uploads\/2024\/07\/godelletaparroco02-300x300.jpg 300w, https:\/\/www.tucomarca.com\/wordpress\/segunda\/wp-content\/uploads\/2024\/07\/godelletaparroco02-290x290.jpg 290w, https:\/\/www.tucomarca.com\/wordpress\/segunda\/wp-content\/uploads\/2024\/07\/godelletaparroco02-768x768.jpg 768w, https:\/\/www.tucomarca.com\/wordpress\/segunda\/wp-content\/uploads\/2024\/07\/godelletaparroco02.jpg 1200w\" sizes=\"auto, (max-width: 1024px) 100vw, 1024px\" \/><\/figure>\n\n\n\n<figure class=\"wp-block-image size-large\"><img loading=\"lazy\" decoding=\"async\" width=\"1024\" height=\"1024\" data-id=\"230978\" src=\"https:\/\/www.tucomarca.com\/wordpress\/segunda\/wp-content\/uploads\/2024\/07\/godelletaparroco05-1024x1024.jpg\" alt=\"\" class=\"wp-image-230978\" srcset=\"https:\/\/www.tucomarca.com\/wordpress\/segunda\/wp-content\/uploads\/2024\/07\/godelletaparroco05-1024x1024.jpg 1024w, https:\/\/www.tucomarca.com\/wordpress\/segunda\/wp-content\/uploads\/2024\/07\/godelletaparroco05-300x300.jpg 300w, https:\/\/www.tucomarca.com\/wordpress\/segunda\/wp-content\/uploads\/2024\/07\/godelletaparroco05-290x290.jpg 290w, https:\/\/www.tucomarca.com\/wordpress\/segunda\/wp-content\/uploads\/2024\/07\/godelletaparroco05-768x768.jpg 768w, https:\/\/www.tucomarca.com\/wordpress\/segunda\/wp-content\/uploads\/2024\/07\/godelletaparroco05.jpg 1200w\" sizes=\"auto, (max-width: 1024px) 100vw, 1024px\" \/><\/figure>\n\n\n\n<figure class=\"wp-block-image size-large\"><img loading=\"lazy\" decoding=\"async\" width=\"1024\" height=\"1024\" data-id=\"230970\" src=\"https:\/\/www.tucomarca.com\/wordpress\/segunda\/wp-content\/uploads\/2024\/07\/godelletaparroco01-1024x1024.jpg\" alt=\"\" class=\"wp-image-230970\" srcset=\"https:\/\/www.tucomarca.com\/wordpress\/segunda\/wp-content\/uploads\/2024\/07\/godelletaparroco01-1024x1024.jpg 1024w, https:\/\/www.tucomarca.com\/wordpress\/segunda\/wp-content\/uploads\/2024\/07\/godelletaparroco01-300x300.jpg 300w, https:\/\/www.tucomarca.com\/wordpress\/segunda\/wp-content\/uploads\/2024\/07\/godelletaparroco01-290x290.jpg 290w, https:\/\/www.tucomarca.com\/wordpress\/segunda\/wp-content\/uploads\/2024\/07\/godelletaparroco01-768x768.jpg 768w, https:\/\/www.tucomarca.com\/wordpress\/segunda\/wp-content\/uploads\/2024\/07\/godelletaparroco01.jpg 1200w\" sizes=\"auto, (max-width: 1024px) 100vw, 1024px\" \/><\/figure>\n\n\n\n<figure class=\"wp-block-image size-large\"><img loading=\"lazy\" decoding=\"async\" width=\"1024\" height=\"1024\" data-id=\"230974\" src=\"https:\/\/www.tucomarca.com\/wordpress\/segunda\/wp-content\/uploads\/2024\/07\/godelletaparroco03-1024x1024.jpg\" alt=\"\" class=\"wp-image-230974\" srcset=\"https:\/\/www.tucomarca.com\/wordpress\/segunda\/wp-content\/uploads\/2024\/07\/godelletaparroco03-1024x1024.jpg 1024w, https:\/\/www.tucomarca.com\/wordpress\/segunda\/wp-content\/uploads\/2024\/07\/godelletaparroco03-300x300.jpg 300w, https:\/\/www.tucomarca.com\/wordpress\/segunda\/wp-content\/uploads\/2024\/07\/godelletaparroco03-290x290.jpg 290w, https:\/\/www.tucomarca.com\/wordpress\/segunda\/wp-content\/uploads\/2024\/07\/godelletaparroco03-768x768.jpg 768w, https:\/\/www.tucomarca.com\/wordpress\/segunda\/wp-content\/uploads\/2024\/07\/godelletaparroco03-1536x1536.jpg 1536w, https:\/\/www.tucomarca.com\/wordpress\/segunda\/wp-content\/uploads\/2024\/07\/godelletaparroco03.jpg 2048w\" sizes=\"auto, (max-width: 1024px) 100vw, 1024px\" \/><\/figure>\n<\/figure>\n","protected":false},"excerpt":{"rendered":"<div class=\"mh-excerpt\">Ahir, el municipi de Godelleta es va reunir per a celebrar el 80 aniversari de Don Jos\u00e9 Dom\u00ednguez Sant Joan, rector de l&#8217;esgl\u00e9sia de Sant Pere Ap\u00f3stol. Aquesta ocasi\u00f3 va marcar un emotiu homenatge a <a class=\"mh-excerpt-more\" href=\"https:\/\/www.tucomarca.com\/wordpress\/segunda\/ca\/fotogaleria-godelleta-acomiada-al-seu-rector-jose-dominguez\/\" title=\"Fotogaler\u00eda: Godelleta acomiada al seu rector, Jos\u00e9 Dom\u00ednguez\">[+] <\/a><\/div>\n","protected":false},"author":12,"featured_media":230977,"comment_status":"open","ping_status":"open","sticky":false,"template":"","format":"gallery","meta":{"footnotes":""},"categories":[10977,10894,10912,10896],"tags":[11087,10914],"class_list":{"0":"post-230983","1":"post","2":"type-post","3":"status-publish","4":"format-gallery","5":"has-post-thumbnail","7":"category-godelleta-ca","8":"category-la-comarca-ca","9":"category-la-hoya-ca","10":"category-seccion-ca","11":"tag-godelleta-ca","12":"tag-la-hoya-de-bunol-chiva-ca","13":"post_format-post-format-gallery"},"_links":{"self":[{"href":"https:\/\/www.tucomarca.com\/wordpress\/segunda\/ca\/wp-json\/wp\/v2\/posts\/230983","targetHints":{"allow":["GET"]}}],"collection":[{"href":"https:\/\/www.tucomarca.com\/wordpress\/segunda\/ca\/wp-json\/wp\/v2\/posts"}],"about":[{"href":"https:\/\/www.tucomarca.com\/wordpress\/segunda\/ca\/wp-json\/wp\/v2\/types\/post"}],"author":[{"embeddable":true,"href":"https:\/\/www.tucomarca.com\/wordpress\/segunda\/ca\/wp-json\/wp\/v2\/users\/12"}],"replies":[{"embeddable":true,"href":"https:\/\/www.tucomarca.com\/wordpress\/segunda\/ca\/wp-json\/wp\/v2\/comments?post=230983"}],"version-history":[{"count":0,"href":"https:\/\/www.tucomarca.com\/wordpress\/segunda\/ca\/wp-json\/wp\/v2\/posts\/230983\/revisions"}],"wp:featuredmedia":[{"embeddable":true,"href":"https:\/\/www.tucomarca.com\/wordpress\/segunda\/ca\/wp-json\/wp\/v2\/media\/230977"}],"wp:attachment":[{"href":"https:\/\/www.tucomarca.com\/wordpress\/segunda\/ca\/wp-json\/wp\/v2\/media?parent=230983"}],"wp:term":[{"taxonomy":"category","embeddable":true,"href":"https:\/\/www.tucomarca.com\/wordpress\/segunda\/ca\/wp-json\/wp\/v2\/categories?post=230983"},{"taxonomy":"post_tag","embeddable":true,"href":"https:\/\/www.tucomarca.com\/wordpress\/segunda\/ca\/wp-json\/wp\/v2\/tags?post=230983"}],"curies":[{"name":"wp","href":"https:\/\/api.w.org\/{rel}","templated":true}]}}