{"id":231029,"date":"2024-07-26T10:15:00","date_gmt":"2024-07-26T08:15:00","guid":{"rendered":"https:\/\/www.tucomarca.com\/wordpress\/segunda\/?p=231029"},"modified":"2024-07-26T10:26:34","modified_gmt":"2024-07-26T08:26:34","slug":"efectius-del-consorci-provincial-de-bombers-sufoquen-un-incendi-forestal-a-toris","status":"publish","type":"post","link":"https:\/\/www.tucomarca.com\/wordpress\/segunda\/ca\/efectius-del-consorci-provincial-de-bombers-sufoquen-un-incendi-forestal-a-toris\/","title":{"rendered":"Efectius del Consorci Provincial de Bombers sufoquen un incendi forestal a Tur\u00eds"},"content":{"rendered":"\n<p>Els bombers han intervingut aquest dijous a la vesprada en l&#8217;extinci\u00f3 d&#8217;un incendi forestal declarat a Tur\u00eds i que ha afectat una zona de canyar i matoll. La r\u00e0pida resposta dels serveis d&#8217;emerg\u00e8ncia ha sigut crucial per a controlar el foc i evitar la seua propagaci\u00f3 a \u00e0rees confrontants.<\/p>\n\n\n\n<p>L&#8217;incendi va comen\u00e7ar en una zona de dif\u00edcil acc\u00e9s, la qual cosa va dificultar les labors d&#8217;extinci\u00f3. No obstant aix\u00f2, gr\u00e0cies a la intervenci\u00f3 dels equips de bombers es va aconseguir contindre i extingir les flames, minimitzant aix\u00ed els danys en l&#8217;entorn natural.<\/p>\n\n\n\n<figure class=\"wp-block-image size-large\"><img loading=\"lazy\" decoding=\"async\" width=\"1024\" height=\"768\" src=\"https:\/\/www.tucomarca.com\/wordpress\/segunda\/wp-content\/uploads\/2024\/07\/IncendioTuris1-1024x768.jpeg\" alt=\"\" class=\"wp-image-231023\" srcset=\"https:\/\/www.tucomarca.com\/wordpress\/segunda\/wp-content\/uploads\/2024\/07\/IncendioTuris1-1024x768.jpeg 1024w, https:\/\/www.tucomarca.com\/wordpress\/segunda\/wp-content\/uploads\/2024\/07\/IncendioTuris1-300x225.jpeg 300w, https:\/\/www.tucomarca.com\/wordpress\/segunda\/wp-content\/uploads\/2024\/07\/IncendioTuris1-768x576.jpeg 768w, https:\/\/www.tucomarca.com\/wordpress\/segunda\/wp-content\/uploads\/2024\/07\/IncendioTuris1-1536x1152.jpeg 1536w, https:\/\/www.tucomarca.com\/wordpress\/segunda\/wp-content\/uploads\/2024\/07\/IncendioTuris1-2048x1536.jpeg 2048w, https:\/\/www.tucomarca.com\/wordpress\/segunda\/wp-content\/uploads\/2024\/07\/IncendioTuris1-678x509.jpeg 678w, https:\/\/www.tucomarca.com\/wordpress\/segunda\/wp-content\/uploads\/2024\/07\/IncendioTuris1-326x245.jpeg 326w, https:\/\/www.tucomarca.com\/wordpress\/segunda\/wp-content\/uploads\/2024\/07\/IncendioTuris1-80x60.jpeg 80w\" sizes=\"auto, (max-width: 1024px) 100vw, 1024px\" \/><\/figure>\n","protected":false},"excerpt":{"rendered":"<div class=\"mh-excerpt\">Els bombers han intervingut aquest dijous a la vesprada en l&#8217;extinci\u00f3 d&#8217;un incendi forestal declarat a Tur\u00eds i que ha afectat una zona de canyar i matoll. La r\u00e0pida resposta dels serveis d&#8217;emerg\u00e8ncia ha sigut <a class=\"mh-excerpt-more\" href=\"https:\/\/www.tucomarca.com\/wordpress\/segunda\/ca\/efectius-del-consorci-provincial-de-bombers-sufoquen-un-incendi-forestal-a-toris\/\" title=\"Efectius del Consorci Provincial de Bombers sufoquen un incendi forestal a Tur\u00eds\">[+] <\/a><\/div>\n","protected":false},"author":12,"featured_media":231022,"comment_status":"open","ping_status":"open","sticky":false,"template":"","format":"standard","meta":{"footnotes":""},"categories":[10898,10948,10894,10902,10903,10896,10897,11047],"tags":[20342,12755,11077,10901,11093],"class_list":{"0":"post-231029","1":"post","2":"type-post","3":"status-publish","4":"format-standard","5":"has-post-thumbnail","7":"category-ventana-ca","8":"category-infraestructuras-ca","9":"category-la-comarca-ca","10":"category-la-ribera-ca","11":"category-medio-ambiente-la-comarca-ca","12":"category-seccion-ca","13":"category-sucesos-la-comarca-ca","14":"category-turis-ca","15":"tag-bomberos-consorcio-provincial-de-bomberos-de-valencia-ca","16":"tag-incendio-ca","17":"tag-la-ribera-alta-ca","18":"tag-sucesos-ca","19":"tag-turis-ca"},"_links":{"self":[{"href":"https:\/\/www.tucomarca.com\/wordpress\/segunda\/ca\/wp-json\/wp\/v2\/posts\/231029","targetHints":{"allow":["GET"]}}],"collection":[{"href":"https:\/\/www.tucomarca.com\/wordpress\/segunda\/ca\/wp-json\/wp\/v2\/posts"}],"about":[{"href":"https:\/\/www.tucomarca.com\/wordpress\/segunda\/ca\/wp-json\/wp\/v2\/types\/post"}],"author":[{"embeddable":true,"href":"https:\/\/www.tucomarca.com\/wordpress\/segunda\/ca\/wp-json\/wp\/v2\/users\/12"}],"replies":[{"embeddable":true,"href":"https:\/\/www.tucomarca.com\/wordpress\/segunda\/ca\/wp-json\/wp\/v2\/comments?post=231029"}],"version-history":[{"count":0,"href":"https:\/\/www.tucomarca.com\/wordpress\/segunda\/ca\/wp-json\/wp\/v2\/posts\/231029\/revisions"}],"wp:featuredmedia":[{"embeddable":true,"href":"https:\/\/www.tucomarca.com\/wordpress\/segunda\/ca\/wp-json\/wp\/v2\/media\/231022"}],"wp:attachment":[{"href":"https:\/\/www.tucomarca.com\/wordpress\/segunda\/ca\/wp-json\/wp\/v2\/media?parent=231029"}],"wp:term":[{"taxonomy":"category","embeddable":true,"href":"https:\/\/www.tucomarca.com\/wordpress\/segunda\/ca\/wp-json\/wp\/v2\/categories?post=231029"},{"taxonomy":"post_tag","embeddable":true,"href":"https:\/\/www.tucomarca.com\/wordpress\/segunda\/ca\/wp-json\/wp\/v2\/tags?post=231029"}],"curies":[{"name":"wp","href":"https:\/\/api.w.org\/{rel}","templated":true}]}}