{"id":231064,"date":"2024-07-26T09:00:00","date_gmt":"2024-07-26T07:00:00","guid":{"rendered":"https:\/\/www.tucomarca.com\/wordpress\/segunda\/?p=231064"},"modified":"2024-07-26T17:56:49","modified_gmt":"2024-07-26T15:56:49","slug":"la-penya-taurina-terres-de-linterior-atorga-les-seues-mencions-honorifiques-de-la-fira-de-juliol-2024","status":"publish","type":"post","link":"https:\/\/www.tucomarca.com\/wordpress\/segunda\/ca\/la-penya-taurina-terres-de-linterior-atorga-les-seues-mencions-honorifiques-de-la-fira-de-juliol-2024\/","title":{"rendered":"La penya taurina &#8216;Terres de l&#8217;Interior&#8217; atorga les seues mencions honor\u00edfiques de la Fira de Juliol 2024"},"content":{"rendered":"\n<p>Reunits a Requena el 24 de juliol de 2024 els membres de la Penya Taurina &#8216;Terres de l&#8217;Interior&#8217;, que integra a aficionats residents en les quatre poblacions de l&#8217;interior de la prov\u00edncia de Val\u00e8ncia amb places de bous (Utiel, Requena, Xelva i Venta del Moro), acorden atorgar les seg\u00fcents mencions honor\u00edfiques respecte a la Fira de Juliol de 2024:<\/p>\n\n\n\n<ul class=\"wp-block-list\">\n<li>Triomfador Fira de Juliol 2024 \u201cBoval alta expressi\u00f3\u201d: Rom\u00e1n.<\/li>\n\n\n\n<li>Millor faena: Rom\u00e1n a Amagat de Santiago Domecq bregat en quart lloc.<\/li>\n\n\n\n<li>Menci\u00f3 honor\u00edfica \u201cFelipe Armero\u201d al millor novillero: Samuel Naval\u00f3n.<\/li>\n\n\n\n<li>Millor ramaderia de bous\/vedells: Santiago Domecq.<\/li>\n\n\n\n<li>Millor bou \/ vedell: Amagat n. 24 de Santiago Domecq, negre llist\u00f3, de setembre de 2019, 545 quilos, bregat per Rom\u00e1n i indultat.<\/li>\n\n\n\n<li>M\u00e9s ben subaltern: ex aequo Jos\u00e9 Chac\u00f3n i Javier Ambel.<\/li>\n\n\n\n<li>Millor lleve: Samuel Naval\u00f3n.<\/li>\n\n\n\n<li>Millor capot: desert.<\/li>\n\n\n\n<li>Millor crossa: Rom\u00e1n.<\/li>\n\n\n\n<li>Millor estocada: Fernando Adri\u00e1n.<\/li>\n\n\n\n<li>Millor puyazo: ex aequo Jos\u00e9 Antonio Barroso i \u00c1ngel Rivas.<\/li>\n\n\n\n<li>Millor punta: Julio L\u00f3pez.<\/li>\n\n\n\n<li>Millor terno: ex aequo Jarocho (pur\u00edssima i or) i Castella.<\/li>\n<\/ul>\n","protected":false},"excerpt":{"rendered":"<div class=\"mh-excerpt\">Reunits a Requena el 24 de juliol de 2024 els membres de la Penya Taurina &#8216;Terres de l&#8217;Interior&#8217;, que integra a aficionats residents en les quatre poblacions de l&#8217;interior de la prov\u00edncia de Val\u00e8ncia amb <a class=\"mh-excerpt-more\" href=\"https:\/\/www.tucomarca.com\/wordpress\/segunda\/ca\/la-penya-taurina-terres-de-linterior-atorga-les-seues-mencions-honorifiques-de-la-fira-de-juliol-2024\/\" title=\"La penya taurina &#8216;Terres de l&#8217;Interior&#8217; atorga les seues mencions honor\u00edfiques de la Fira de Juliol 2024\">[+] <\/a><\/div>\n","protected":false},"author":12,"featured_media":231058,"comment_status":"open","ping_status":"open","sticky":false,"template":"","format":"standard","meta":{"footnotes":""},"categories":[11039,11046,10894,10908,10909,10896,11059,11060],"tags":[11083,11080,11099,20937,11174,11709],"class_list":{"0":"post-231064","1":"post","2":"type-post","3":"status-publish","4":"format-standard","5":"has-post-thumbnail","7":"category-chelva-ca","8":"category-los-serranos-ca","9":"category-la-comarca-ca","10":"category-requena-ca","11":"category-requena-utiel-ca","12":"category-seccion-ca","13":"category-utiel-ca","14":"category-venta-del-moro-ca","15":"tag-chelva-ca","16":"tag-los-serranos-ca","17":"tag-requena-ca","18":"tag-requena-utiel-3-ca","19":"tag-utiel-ca","20":"tag-venta-del-moro-ca"},"_links":{"self":[{"href":"https:\/\/www.tucomarca.com\/wordpress\/segunda\/ca\/wp-json\/wp\/v2\/posts\/231064","targetHints":{"allow":["GET"]}}],"collection":[{"href":"https:\/\/www.tucomarca.com\/wordpress\/segunda\/ca\/wp-json\/wp\/v2\/posts"}],"about":[{"href":"https:\/\/www.tucomarca.com\/wordpress\/segunda\/ca\/wp-json\/wp\/v2\/types\/post"}],"author":[{"embeddable":true,"href":"https:\/\/www.tucomarca.com\/wordpress\/segunda\/ca\/wp-json\/wp\/v2\/users\/12"}],"replies":[{"embeddable":true,"href":"https:\/\/www.tucomarca.com\/wordpress\/segunda\/ca\/wp-json\/wp\/v2\/comments?post=231064"}],"version-history":[{"count":0,"href":"https:\/\/www.tucomarca.com\/wordpress\/segunda\/ca\/wp-json\/wp\/v2\/posts\/231064\/revisions"}],"wp:featuredmedia":[{"embeddable":true,"href":"https:\/\/www.tucomarca.com\/wordpress\/segunda\/ca\/wp-json\/wp\/v2\/media\/231058"}],"wp:attachment":[{"href":"https:\/\/www.tucomarca.com\/wordpress\/segunda\/ca\/wp-json\/wp\/v2\/media?parent=231064"}],"wp:term":[{"taxonomy":"category","embeddable":true,"href":"https:\/\/www.tucomarca.com\/wordpress\/segunda\/ca\/wp-json\/wp\/v2\/categories?post=231064"},{"taxonomy":"post_tag","embeddable":true,"href":"https:\/\/www.tucomarca.com\/wordpress\/segunda\/ca\/wp-json\/wp\/v2\/tags?post=231064"}],"curies":[{"name":"wp","href":"https:\/\/api.w.org\/{rel}","templated":true}]}}