{"id":231365,"date":"2024-07-30T12:50:00","date_gmt":"2024-07-30T10:50:00","guid":{"rendered":"https:\/\/www.tucomarca.com\/wordpress\/segunda\/?p=231365"},"modified":"2024-07-30T18:50:54","modified_gmt":"2024-07-30T16:50:54","slug":"linstitut-valencia-de-cultura-collabora-en-la-celebracio-del-dia-de-la-dansa-tradicional-valenciana","status":"publish","type":"post","link":"https:\/\/www.tucomarca.com\/wordpress\/segunda\/ca\/linstitut-valencia-de-cultura-collabora-en-la-celebracio-del-dia-de-la-dansa-tradicional-valenciana\/","title":{"rendered":"L\u2019Institut Valenci\u00e0 de Cultura col\u00b7labora en la celebraci\u00f3 del Dia de la Dansa Tradicional Valenciana"},"content":{"rendered":"\n<h3 class=\"wp-block-heading\">La tercera edici\u00f3 de la jornada dedicada a les danses tradicionals tindr\u00e0 lloc el 2 d\u2019agost a les 19:30 hores simult\u00e0niament a Val\u00e8ncia, Alcoi i Castell\u00f3 de la Plana.<\/h3>\n\n\n\n<h3 class=\"wp-block-heading\">La Generalitat va aprovar en 2022 la declaraci\u00f3 de celebrar cada 2 d\u2019agost el Dia de la Dansa Tradicional Valenciana.<\/h3>\n\n\n\n<p>La Federaci\u00f3 de Folklore de la Comunitat Valenciana celebra el pr\u00f2xim 2 d\u2019agost el Dia de la Dansa Tradicional Valenciana per tercer any consecutiu, una celebraci\u00f3 que compta amb l\u2019impuls i patrocini de la Conselleria d\u2019Educaci\u00f3, Cultura, Universitats i Ocupaci\u00f3 mitjan\u00e7ant l\u2019Institut Valenci\u00e0 de Cultura, a m\u00e9s de la col\u00b7laboraci\u00f3 de l\u2019Ajuntament de Val\u00e8ncia.<\/p>\n\n\n\n<p>En esta edici\u00f3, que tindr\u00e0 lloc el divendres 2 d\u2019agost a les 19.30 hores en la pla\u00e7a de la Reina de Val\u00e8ncia, s\u2019espera la participaci\u00f3 de m\u00e9s de 200 persones fent danses en un sarau a l\u2019aire lliure. Enguany, a m\u00e9s, es far\u00e0 l\u2019esdeveniment simult\u00e0niament en el Moll de Costa de Castell\u00f3 de la Plana i la pla\u00e7a de Ram\u00f3n y Cajal d\u2019Alcoi.<\/p>\n\n\n\n<p>Els tres punts de trobada de la celebraci\u00f3 acolliran un sarau de ball i m\u00fasica valenciana obert a tots els p\u00fablics, per a ballar bureos, jotes, fandangos, boleros i albaes, entre altres manifestacions de la cultura i el folklore valencians. Des de la Federaci\u00f3 de Folklore de la Comunitat Valenciana es convida tota la poblaci\u00f3 a participar en la festa, sense necessitat de vestir indument\u00e0ria tradicional.<\/p>\n\n\n\n<p>El Dia de la Dansa Tradicional Valenciana va ser aprovat pel Ple del Consell l\u2019any 2022 i des de llavors se celebra el 2 d\u2019agost.<\/p>\n","protected":false},"excerpt":{"rendered":"<div class=\"mh-excerpt\">La tercera edici\u00f3 de la jornada dedicada a les danses tradicionals tindr\u00e0 lloc el 2 d\u2019agost a les 19:30 hores simult\u00e0niament a Val\u00e8ncia, Alcoi i Castell\u00f3 de la Plana. La Generalitat va aprovar en 2022 <a class=\"mh-excerpt-more\" href=\"https:\/\/www.tucomarca.com\/wordpress\/segunda\/ca\/linstitut-valencia-de-cultura-collabora-en-la-celebracio-del-dia-de-la-dansa-tradicional-valenciana\/\" title=\"L\u2019Institut Valenci\u00e0 de Cultura col\u00b7labora en la celebraci\u00f3 del Dia de la Dansa Tradicional Valenciana\">[+] <\/a><\/div>\n","protected":false},"author":12,"featured_media":231364,"comment_status":"open","ping_status":"open","sticky":false,"template":"","format":"standard","meta":{"footnotes":""},"categories":[11019,11005,10898,10894,10904,11007,10896],"tags":[21054,13274],"class_list":{"0":"post-231365","1":"post","2":"type-post","3":"status-publish","4":"format-standard","5":"has-post-thumbnail","7":"category-agenda-ca","8":"category-canal-musica","9":"category-ventana-ca","10":"category-la-comarca-ca","11":"category-sin-categorizar-ca","12":"category-ocio-y-cultura-ca","13":"category-seccion-ca","14":"tag-dia-de-la-dansa-tradicional-ca","15":"tag-institut-valencia-de-cultura-ca"},"_links":{"self":[{"href":"https:\/\/www.tucomarca.com\/wordpress\/segunda\/ca\/wp-json\/wp\/v2\/posts\/231365","targetHints":{"allow":["GET"]}}],"collection":[{"href":"https:\/\/www.tucomarca.com\/wordpress\/segunda\/ca\/wp-json\/wp\/v2\/posts"}],"about":[{"href":"https:\/\/www.tucomarca.com\/wordpress\/segunda\/ca\/wp-json\/wp\/v2\/types\/post"}],"author":[{"embeddable":true,"href":"https:\/\/www.tucomarca.com\/wordpress\/segunda\/ca\/wp-json\/wp\/v2\/users\/12"}],"replies":[{"embeddable":true,"href":"https:\/\/www.tucomarca.com\/wordpress\/segunda\/ca\/wp-json\/wp\/v2\/comments?post=231365"}],"version-history":[{"count":0,"href":"https:\/\/www.tucomarca.com\/wordpress\/segunda\/ca\/wp-json\/wp\/v2\/posts\/231365\/revisions"}],"wp:featuredmedia":[{"embeddable":true,"href":"https:\/\/www.tucomarca.com\/wordpress\/segunda\/ca\/wp-json\/wp\/v2\/media\/231364"}],"wp:attachment":[{"href":"https:\/\/www.tucomarca.com\/wordpress\/segunda\/ca\/wp-json\/wp\/v2\/media?parent=231365"}],"wp:term":[{"taxonomy":"category","embeddable":true,"href":"https:\/\/www.tucomarca.com\/wordpress\/segunda\/ca\/wp-json\/wp\/v2\/categories?post=231365"},{"taxonomy":"post_tag","embeddable":true,"href":"https:\/\/www.tucomarca.com\/wordpress\/segunda\/ca\/wp-json\/wp\/v2\/tags?post=231365"}],"curies":[{"name":"wp","href":"https:\/\/api.w.org\/{rel}","templated":true}]}}