{"id":231875,"date":"2024-08-06T09:40:00","date_gmt":"2024-08-06T07:40:00","guid":{"rendered":"https:\/\/www.tucomarca.com\/wordpress\/segunda\/?p=231875"},"modified":"2024-08-06T18:47:52","modified_gmt":"2024-08-06T16:47:52","slug":"la-biblioteca-municipal-de-godelleta-acull-lexposicio-avifauna-sierra-perentxiza-que-fomenta-el-paper-de-les-aus-en-lecosistema","status":"publish","type":"post","link":"https:\/\/www.tucomarca.com\/wordpress\/segunda\/ca\/la-biblioteca-municipal-de-godelleta-acull-lexposicio-avifauna-sierra-perentxiza-que-fomenta-el-paper-de-les-aus-en-lecosistema\/","title":{"rendered":"La biblioteca municipal de Godelleta acull l&#8217;exposici\u00f3 \u201cAvifauna Sierra Perentxiza\u201d que fomenta el paper de les aus en l&#8217;ecosistema"},"content":{"rendered":"\n<h3 class=\"wp-block-heading\">La inauguraci\u00f3 va comptar amb la presentaci\u00f3 del llibre \u201cContes per a fer visible l&#8217;invisible. A la recerca de la coher\u00e8ncia ambiental\u201d, de m\u00e0 de Jos\u00e9 G\u00f3mez Garc\u00eda, autor de l&#8217;obra.<\/h3>\n\n\n\n<p>La Biblioteca Municipal de Godelleta va inaugurar l&#8217;exposici\u00f3 \u201cAvifauna Sierra Perentxiza\u201d, una mostra que t\u00e9 com a objectiu fomentar el coneixement del paper de les aus en els nostres ecosistemes. L&#8217;exposici\u00f3 estar\u00e0 disponible per al p\u00fablic fins al divendres 30 de setembre, oferint una oportunitat per a apreciar la diversitat de les aus de la regi\u00f3 i la seua rellev\u00e0ncia ambiental.<\/p>\n\n\n\n<p>Durant la inauguraci\u00f3, Jos\u00e9 G\u00f3mez Garc\u00eda va presentar el seu llibre \u201cContes per a fer visible l&#8217;invisible. A la recerca de la coher\u00e8ncia ambiental\u201d, una obra que convida a reflexionar sobre la connexi\u00f3 entre els \u00e9ssers humans i l&#8217;entorn natural, a trav\u00e9s de narratives que posen en relleu la import\u00e0ncia de protegir la nostra biodiversitat.<\/p>\n\n\n\n<figure class=\"wp-block-gallery has-nested-images columns-default is-cropped wp-block-gallery-1 is-layout-flex wp-block-gallery-is-layout-flex\">\n<figure class=\"wp-block-image size-large\"><img loading=\"lazy\" decoding=\"async\" width=\"886\" height=\"498\" data-id=\"231870\" src=\"https:\/\/www.tucomarca.com\/wordpress\/segunda\/wp-content\/uploads\/2024\/08\/GodelletaAviFauna2.jpg\" alt=\"\" class=\"wp-image-231870\" srcset=\"https:\/\/www.tucomarca.com\/wordpress\/segunda\/wp-content\/uploads\/2024\/08\/GodelletaAviFauna2.jpg 886w, https:\/\/www.tucomarca.com\/wordpress\/segunda\/wp-content\/uploads\/2024\/08\/GodelletaAviFauna2-300x169.jpg 300w, https:\/\/www.tucomarca.com\/wordpress\/segunda\/wp-content\/uploads\/2024\/08\/GodelletaAviFauna2-768x432.jpg 768w, https:\/\/www.tucomarca.com\/wordpress\/segunda\/wp-content\/uploads\/2024\/08\/GodelletaAviFauna2-678x381.jpg 678w\" sizes=\"auto, (max-width: 886px) 100vw, 886px\" \/><\/figure>\n\n\n\n<figure class=\"wp-block-image size-large\"><img loading=\"lazy\" decoding=\"async\" width=\"886\" height=\"498\" data-id=\"231872\" src=\"https:\/\/www.tucomarca.com\/wordpress\/segunda\/wp-content\/uploads\/2024\/08\/GodelletaAviFauna3.jpg\" alt=\"\" class=\"wp-image-231872\" srcset=\"https:\/\/www.tucomarca.com\/wordpress\/segunda\/wp-content\/uploads\/2024\/08\/GodelletaAviFauna3.jpg 886w, https:\/\/www.tucomarca.com\/wordpress\/segunda\/wp-content\/uploads\/2024\/08\/GodelletaAviFauna3-300x169.jpg 300w, https:\/\/www.tucomarca.com\/wordpress\/segunda\/wp-content\/uploads\/2024\/08\/GodelletaAviFauna3-768x432.jpg 768w, https:\/\/www.tucomarca.com\/wordpress\/segunda\/wp-content\/uploads\/2024\/08\/GodelletaAviFauna3-678x381.jpg 678w\" sizes=\"auto, (max-width: 886px) 100vw, 886px\" \/><\/figure>\n<\/figure>\n\n\n\n<p>L&#8217;alcaldessa de Godelleta, Amparo Pardo, va expressar la import\u00e0ncia d&#8217;acollir aquesta exposici\u00f3 en el municipi: \u201cAquesta iniciativa no sols real\u00e7a la bellesa de les aus de la nostra serra, sin\u00f3 que tamb\u00e9 ens recorda la responsabilitat que tenim en la protecci\u00f3 del nostre entorn\u201d.<\/p>\n\n\n\n<p>L&#8217;exposici\u00f3 \u201cAvifauna Sierra Perentxiza\u201d ofereix una mirada profunda sobre les diferents esp\u00e8cies d&#8217;aus que habiten la Serra Perentxiza, amb panells informatius, i fotografies que fan \u00e8mfasis en la conservaci\u00f3 i el respecte cap a la naturalesa i la necessitat de cuidar el seu h\u00e0bitat.<\/p>\n\n\n\n<p>L&#8217;Ajuntament de Godelleta convida a la ciutadania i amants de la naturalesa a \u201cgaudir d&#8217;aquesta enriquidora exposici\u00f3, que promet no sols informar, sin\u00f3 tamb\u00e9 inspirar un major comprom\u00eds cap a la protecci\u00f3 del nostre medi ambient\u201d, afirma l&#8217;alcaldessa.<\/p>\n","protected":false},"excerpt":{"rendered":"<div class=\"mh-excerpt\">La inauguraci\u00f3 va comptar amb la presentaci\u00f3 del llibre \u201cContes per a fer visible l&#8217;invisible. A la recerca de la coher\u00e8ncia ambiental\u201d, de m\u00e0 de Jos\u00e9 G\u00f3mez Garc\u00eda, autor de l&#8217;obra. La Biblioteca Municipal de <a class=\"mh-excerpt-more\" href=\"https:\/\/www.tucomarca.com\/wordpress\/segunda\/ca\/la-biblioteca-municipal-de-godelleta-acull-lexposicio-avifauna-sierra-perentxiza-que-fomenta-el-paper-de-les-aus-en-lecosistema\/\" title=\"La biblioteca municipal de Godelleta acull l&#8217;exposici\u00f3 \u201cAvifauna Sierra Perentxiza\u201d que fomenta el paper de les aus en l&#8217;ecosistema\">[+] <\/a><\/div>\n","protected":false},"author":12,"featured_media":231869,"comment_status":"open","ping_status":"open","sticky":false,"template":"","format":"gallery","meta":{"footnotes":""},"categories":[10977,10894,10912,10903,11007,10896],"tags":[13090,11087,10914],"class_list":{"0":"post-231875","1":"post","2":"type-post","3":"status-publish","4":"format-gallery","5":"has-post-thumbnail","7":"category-godelleta-ca","8":"category-la-comarca-ca","9":"category-la-hoya-ca","10":"category-medio-ambiente-la-comarca-ca","11":"category-ocio-y-cultura-ca","12":"category-seccion-ca","13":"tag-biblioteca-godelleta-ca","14":"tag-godelleta-ca","15":"tag-la-hoya-de-bunol-chiva-ca","16":"post_format-post-format-gallery"},"_links":{"self":[{"href":"https:\/\/www.tucomarca.com\/wordpress\/segunda\/ca\/wp-json\/wp\/v2\/posts\/231875","targetHints":{"allow":["GET"]}}],"collection":[{"href":"https:\/\/www.tucomarca.com\/wordpress\/segunda\/ca\/wp-json\/wp\/v2\/posts"}],"about":[{"href":"https:\/\/www.tucomarca.com\/wordpress\/segunda\/ca\/wp-json\/wp\/v2\/types\/post"}],"author":[{"embeddable":true,"href":"https:\/\/www.tucomarca.com\/wordpress\/segunda\/ca\/wp-json\/wp\/v2\/users\/12"}],"replies":[{"embeddable":true,"href":"https:\/\/www.tucomarca.com\/wordpress\/segunda\/ca\/wp-json\/wp\/v2\/comments?post=231875"}],"version-history":[{"count":0,"href":"https:\/\/www.tucomarca.com\/wordpress\/segunda\/ca\/wp-json\/wp\/v2\/posts\/231875\/revisions"}],"wp:featuredmedia":[{"embeddable":true,"href":"https:\/\/www.tucomarca.com\/wordpress\/segunda\/ca\/wp-json\/wp\/v2\/media\/231869"}],"wp:attachment":[{"href":"https:\/\/www.tucomarca.com\/wordpress\/segunda\/ca\/wp-json\/wp\/v2\/media?parent=231875"}],"wp:term":[{"taxonomy":"category","embeddable":true,"href":"https:\/\/www.tucomarca.com\/wordpress\/segunda\/ca\/wp-json\/wp\/v2\/categories?post=231875"},{"taxonomy":"post_tag","embeddable":true,"href":"https:\/\/www.tucomarca.com\/wordpress\/segunda\/ca\/wp-json\/wp\/v2\/tags?post=231875"}],"curies":[{"name":"wp","href":"https:\/\/api.w.org\/{rel}","templated":true}]}}