{"id":232207,"date":"2024-08-08T15:25:00","date_gmt":"2024-08-08T13:25:00","guid":{"rendered":"https:\/\/www.tucomarca.com\/wordpress\/segunda\/?p=232207"},"modified":"2024-08-08T15:32:44","modified_gmt":"2024-08-08T13:32:44","slug":"la-penya-taurina-el-torico-de-xiva-reitera-que-la-documentacio-per-als-festejos-la-va-remetre-dins-del-termini-i-en-la-forma-corresponent","status":"publish","type":"post","link":"https:\/\/www.tucomarca.com\/wordpress\/segunda\/ca\/la-penya-taurina-el-torico-de-xiva-reitera-que-la-documentacio-per-als-festejos-la-va-remetre-dins-del-termini-i-en-la-forma-corresponent\/","title":{"rendered":"La Penya Taurina El Torico de Xiva reitera que la documentaci\u00f3 per als festejos la va remetre dins del termini i en la forma corresponent"},"content":{"rendered":"\n<p>Despr\u00e9s de con\u00e9ixer-se que els tradicionals festejos del Torico de Xiva no podran realitzar-se, com \u00e9s costum, els dies 17, 18 i 19 d&#8217;agost, des de l&#8217;Associaci\u00f3 Pe\u00f1a Taurina El Torico han em\u00e9s un comunidado en el qual s&#8217;arreplega que &#8220;despr\u00e9s dels rumors que s&#8217;estan creant en la ciutadania i molt al nostre pesar, informem que per una fallada administrativa de l&#8217;Ajuntament de Xiva, no autoritzen des de Conselleria els festejos i per tant s&#8217;han de suspendre les festes del torico&#8221;.<\/p>\n\n\n\n<p>&#8220;Detallar que des de la junta directiva s&#8217;ha traslladat la documentaci\u00f3 dins del termini i en la forma corresponent a l&#8217;Ajuntament (demostrat queda amb les dates dels registres d&#8217;entrada aportant els documents), per\u00f2 aquest va demanar tard els permisos a Conselleria. Nom\u00e9s pot demanar el perm\u00eds l&#8217;Ajuntament. Tenien fins al 25 de juliol per a obrir l&#8217;expedient del perm\u00eds, i no el van obrir fins al dia 2 d&#8217;agost. Conselleria \u00e9s molt estricta amb els terminis&#8221;, tal com afigen des de l&#8217;associaci\u00f3 xivana.<\/p>\n\n\n\n<p>&#8220;Portem 3 dies intentant buscar una soluci\u00f3 cridant a alts c\u00e0rrecs, premsa, federacions, per\u00f2 nom\u00e9s veiem negatives des de Conselleria i sembla ser que l&#8217;Ajuntament de Xiva tampoc troba soluci\u00f3. S&#8217;ha intentat fer veure a Conselleria que Xiva sempre ha sigut exemplar i estricta en aquest \u00e0mbit, aportant molta documentaci\u00f3 per a fer-los veure que no es pot suspendre i ajornar aquests dies de festa&#8221;.<\/p>\n\n\n\n<p>Davant aquesta situaci\u00f3, des de la penya han convocat &#8220;una reuni\u00f3 per al poble en general dem\u00e0 a les 20,00 de la #vesprada en el Teatre Astoria, per a poder informar m\u00e9s detalladament de la problem\u00e0tica&#8221;.<\/p>\n\n\n\n<p><strong>&#8220;15 dies naturals, no h\u00e0bils&#8221;<\/strong><\/p>\n\n\n\n<p>El president de l&#8217;Associaci\u00f3 Pe\u00f1a Taurina de Xiva, Abel Atienza, ha volgut reiterar que la documentaci\u00f3 corresponent a l&#8217;entitat taurina &#8220;es va entregar totalment dins del termini&#8221; i ha atribu\u00eft &#8220;a l&#8217;Ajuntament la responsabilitat, ja que va remetre la petici\u00f3 com si el termini fora de 15 dies naturals, no h\u00e0bils&#8221;, segons ha explicat.<\/p>\n","protected":false},"excerpt":{"rendered":"<div class=\"mh-excerpt\">Despr\u00e9s de con\u00e9ixer-se que els tradicionals festejos del Torico de Xiva no podran realitzar-se, com \u00e9s costum, els dies 17, 18 i 19 d&#8217;agost, des de l&#8217;Associaci\u00f3 Pe\u00f1a Taurina El Torico han em\u00e9s un comunidado <a class=\"mh-excerpt-more\" href=\"https:\/\/www.tucomarca.com\/wordpress\/segunda\/ca\/la-penya-taurina-el-torico-de-xiva-reitera-que-la-documentacio-per-als-festejos-la-va-remetre-dins-del-termini-i-en-la-forma-corresponent\/\" title=\"La Penya Taurina El Torico de Xiva reitera que la documentaci\u00f3 per als festejos la va remetre dins del termini i en la forma corresponent\">[+] <\/a><\/div>\n","protected":false},"author":1,"featured_media":87082,"comment_status":"open","ping_status":"open","sticky":false,"template":"","format":"standard","meta":{"footnotes":""},"categories":[10898,10948,10894,10904,10912,10947,10896,10975],"tags":[11195,19597,10914],"class_list":{"0":"post-232207","1":"post","2":"type-post","3":"status-publish","4":"format-standard","5":"has-post-thumbnail","7":"category-ventana-ca","8":"category-infraestructuras-ca","9":"category-la-comarca-ca","10":"category-sin-categorizar-ca","11":"category-la-hoya-ca","12":"category-politica","13":"category-seccion-ca","14":"category-chiva-ca","15":"tag-chiva-ca","16":"tag-fiestas-del-torico-ca","17":"tag-la-hoya-de-bunol-chiva-ca"},"_links":{"self":[{"href":"https:\/\/www.tucomarca.com\/wordpress\/segunda\/ca\/wp-json\/wp\/v2\/posts\/232207","targetHints":{"allow":["GET"]}}],"collection":[{"href":"https:\/\/www.tucomarca.com\/wordpress\/segunda\/ca\/wp-json\/wp\/v2\/posts"}],"about":[{"href":"https:\/\/www.tucomarca.com\/wordpress\/segunda\/ca\/wp-json\/wp\/v2\/types\/post"}],"author":[{"embeddable":true,"href":"https:\/\/www.tucomarca.com\/wordpress\/segunda\/ca\/wp-json\/wp\/v2\/users\/1"}],"replies":[{"embeddable":true,"href":"https:\/\/www.tucomarca.com\/wordpress\/segunda\/ca\/wp-json\/wp\/v2\/comments?post=232207"}],"version-history":[{"count":0,"href":"https:\/\/www.tucomarca.com\/wordpress\/segunda\/ca\/wp-json\/wp\/v2\/posts\/232207\/revisions"}],"wp:featuredmedia":[{"embeddable":true,"href":"https:\/\/www.tucomarca.com\/wordpress\/segunda\/ca\/wp-json\/wp\/v2\/media\/87082"}],"wp:attachment":[{"href":"https:\/\/www.tucomarca.com\/wordpress\/segunda\/ca\/wp-json\/wp\/v2\/media?parent=232207"}],"wp:term":[{"taxonomy":"category","embeddable":true,"href":"https:\/\/www.tucomarca.com\/wordpress\/segunda\/ca\/wp-json\/wp\/v2\/categories?post=232207"},{"taxonomy":"post_tag","embeddable":true,"href":"https:\/\/www.tucomarca.com\/wordpress\/segunda\/ca\/wp-json\/wp\/v2\/tags?post=232207"}],"curies":[{"name":"wp","href":"https:\/\/api.w.org\/{rel}","templated":true}]}}