{"id":232263,"date":"2024-08-08T10:47:00","date_gmt":"2024-08-08T08:47:00","guid":{"rendered":"https:\/\/www.tucomarca.com\/wordpress\/segunda\/?p=232263"},"modified":"2024-08-09T09:16:32","modified_gmt":"2024-08-09T07:16:32","slug":"lorena-monteagudo-el-tardeo-de-la-do-utiel-requena-es-una-oportunitat-meravellosa-per-a-gaudir-amb-amics-amb-bon-vi-i-amb-bon-menjar","status":"publish","type":"post","link":"https:\/\/www.tucomarca.com\/wordpress\/segunda\/ca\/lorena-monteagudo-el-tardeo-de-la-do-utiel-requena-es-una-oportunitat-meravellosa-per-a-gaudir-amb-amics-amb-bon-vi-i-amb-bon-menjar\/","title":{"rendered":"Lorena Monteagudo: &#8220;El Tardeo de la DO Utiel-Requena \u00e9s una oportunitat meravellosa per a gaudir amb amics, amb bon vi i amb bon menjar&#8221;"},"content":{"rendered":"\n<h3 class=\"wp-block-heading\">La responsable de comunicaci\u00f3 i m\u00e0rqueting de la Denominaci\u00f3 d&#8217;Origen (DO) Utiel-Requena, Lorena Monteagudo, ens anima a gaudir de la segona edici\u00f3 del &#8216;Tardeo amb la DO&#8217; que la Pla\u00e7a d&#8217;Armes del Castell de Requena acull aquest divendres, a partir de les 20,00 hores, on podrem gaudir &#8220;del bon vi d&#8217;Utiel-Requena, la millor gastronomia i de bona m\u00fasica en viu&#8221;.<\/h3>\n\n\n<div class=\"wp-block-image\">\n<figure class=\"alignleft size-large is-resized\"><img loading=\"lazy\" decoding=\"async\" width=\"1024\" height=\"667\" src=\"http:\/\/www.tucomarca.com\/wordpress\/segunda\/wp-content\/uploads\/2024\/08\/LorenaDOUtiel-Requena-1024x667.jpg\" alt=\"\" class=\"wp-image-232255\" style=\"width:430px;height:auto\" srcset=\"https:\/\/www.tucomarca.com\/wordpress\/segunda\/wp-content\/uploads\/2024\/08\/LorenaDOUtiel-Requena-1024x667.jpg 1024w, https:\/\/www.tucomarca.com\/wordpress\/segunda\/wp-content\/uploads\/2024\/08\/LorenaDOUtiel-Requena-300x195.jpg 300w, https:\/\/www.tucomarca.com\/wordpress\/segunda\/wp-content\/uploads\/2024\/08\/LorenaDOUtiel-Requena-768x500.jpg 768w, https:\/\/www.tucomarca.com\/wordpress\/segunda\/wp-content\/uploads\/2024\/08\/LorenaDOUtiel-Requena.jpg 1181w\" sizes=\"auto, (max-width: 1024px) 100vw, 1024px\" \/><\/figure>\n<\/div>\n\n\n<p><strong>\u2014 Quina \u00e9s la proposta que fa la Denominaci\u00f3 d&#8217;Origen Utiel-Requena per a aquest divendres #a la vesprada en la Pla\u00e7a d&#8217;Armes del Castell Requena?<\/strong><\/p>\n\n\n\n<p>\u2014 Perqu\u00e8 el Tardeo amb la DO va n\u00e0ixer al juliol de 2022 i \u00e9s un esdeveniment que despr\u00e9s de l&#8217;\u00e8xit del seu primer any s&#8217;ha intentat repetir. L&#8217;any passat es va fer &#8216;L&#8217;esc\u00e0ndol amb la DO&#8217;, que en eixa ocasi\u00f3 va ser a Utiel; i enguany tornem a repetir amb eixa mateixa versi\u00f3, i complicitat, amb la qual ens va acollir Requena al Pati d&#8217;Armes del Castell, tornant de nou amb 16 cellers, tamb\u00e9 alimentaci\u00f3. Enguany hem volgut innovar una miqueta m\u00e9s amb la part m\u00e9s solid\u00e0ria amb Amacma D8. D&#8217;aquesta manera es pretendr\u00e0 donar una major visibilitat i difusi\u00f3 dels nostres cellers, com sempre que participen, i cellers tamb\u00e9 xicotets i noves que sempre tenen #ac\u00ed una gran estirada de donar-se a con\u00e9ixer.<\/p>\n\n\n\n<p><strong>\u2014 M&#8217;imagine que haur\u00e0 sigut l&#8217;\u00e8xit de les primeres convocat\u00f2ries el que els ha portat a plantejar-se l&#8217;edici\u00f3 d&#8217;enguany, veritat?<\/strong><\/p>\n\n\n\n<p>\u2014 Si, en 2022, que fa ja dos anys d&#8217;eixe moment va ser tot un \u00e8xit. Enxampava a m\u00e9s just despr\u00e9s de pand\u00e8mia, la gent tenia moltes ganes de tornar a eixir i de gaudir amb amics i aix\u00f2 tamb\u00e9 va fer un poc d&#8217;al\u00b7licient al que estem vivint hui dia. Ara, cada cap de setmana a la nostra comarca tenim un Tardeo, tenim una tasta, tenim un maridatge i des de la DO Utiel Requena estem molt contents de veure que aix\u00f2 funciona i que la gent consumeix vi, que \u00e9s el fonamental d&#8217;aquests esdeveniments. El que estem fent en aquesta ocasi\u00f3 no \u00e9s per a un p\u00fablic professional, \u00e9s per a la gent que beur\u00e0 eixe vi, que triar\u00e0 eixa botella quan vaja a comprar-la, o quan va a un restaurant a gaudir d&#8217;ella. L&#8217;any passat coment\u00e0vem que es va fer l&#8217;esc\u00e0ndol, era una versi\u00f3 distinta m\u00e9s de dia, no encertem amb la data, era octubre o novembre, ens va fer fred i va ploure i no va funcionar, per\u00f2 bo com ser\u00e0 itinerant igual que enguany tornem a Requena l&#8217;any que ve tornarem a Utiel, per\u00f2 al final el Tardeo \u00e9s eixa diversi\u00f3 entre amics i esperem mantindre-la aix\u00ed durant els estius<\/p>\n\n\n\n<p><strong>\u2014 L\u00f2gicament, l&#8217;objectiu principal d&#8217;aquesta cita la promoci\u00f3 del vi, i en particular el de la DO Utiel-Requena. Per\u00f2 tinc ent\u00e9s que tamb\u00e9 es compta amb una molt interessant i deliciosa oferta complement\u00e0ria de gastronomia tradicional.<\/strong><\/p>\n\n\n\n<p>\u2014 Si, enguany comptem amb tres estand. D&#8217;alimentaci\u00f3 comptem amb Hollyfood, amb Javi i les seues hamburgueses, qui sempre est\u00e0 amb nosaltres i sempre ens acompanya en aquests esdeveniments. Tamb\u00e9 tenim a c\u00e0rnies Yeves, que va estar el primer any a Requena; i l&#8217;Associaci\u00f3 de Forners Artesans del Brioix de Requena que tamb\u00e9 seran presents a trav\u00e9s de dos forns de l&#8217;associaci\u00f3 donant-nos a degustar des del t\u00edpic embotit de la zona fins a brioixos, pastissets o hamburgueses. Es podria dir que portem des del tradicional fins al m\u00e9s contemporani i modern, com \u00e9s ara eixe afany que hi ha amb les hamburgueses. Tenim una miqueta de tot i per a tots els gustos.<\/p>\n\n\n\n<p><strong>\u2014 Va vindre bon menjar, bon vi bona menjar i a m\u00e9s bona m\u00fasica veritat?<\/strong><\/p>\n\n\n\n<p>\u2014 Per descomptat, hem tornat a comptar amb nosaltres al Sr. Miyagi Rock Band, perqu\u00e8 s\u00f3n un grup requenense, amb una llarga traject\u00f2ria de pop rock, i que mouen a molt\u00edssima gent de Requena i de la comarca. All\u00e0 on van, sempre tenen el seu p\u00fablic i no podien faltar de nou en el nostre Tardeo al Pati d&#8217;Armes. I ens acompanyar\u00e0 tamb\u00e9 un DJ que ens far\u00e0 passar de les 20,00 fins a les 23,30 hores una #vesprada meravellosa per a gaudir amb amics, amb un bon vi i amb bon menjar<\/p>\n\n\n\n<p><strong>\u2014 I altre de poder gaudir dels bons vins de la Denominaci\u00f3 d&#8217;Origen Utiel-Requena, podem col\u00b7laborar amb una causa solid\u00e0ria, la qual cosa no deixa de ser un al\u00b7licient m\u00e9s per als participants, no \u00e9s aix\u00ed?<\/strong><\/p>\n\n\n\n<p>\u2014 Clar, al final la causa solid\u00e0ria ve un poc perqu\u00e8 tots els anys la Denominaci\u00f3 d&#8217;Origen, arran de la participaci\u00f3 que fan les diferents associacions gastron\u00f2miques de la comarca, recapta diners. Per\u00f2 com som una entitat sense \u00e0nim de lucre, es dona eixos diners recaptats a una associaci\u00f3 de la comarca. I en aquesta ocasi\u00f3 en concret se li va concedir a l&#8217;associaci\u00f3 AMACMA D8. Pensem a comptar amb ells en el Tardeo i ells posaran #ac\u00ed una taula amb amb el seu propi Merchandaising per a vendre. A m\u00e9s, aquesta polsera que hem fet exclusivament per a eixe Tardeo, per tan sols dos euros est\u00e0s col\u00b7laborant amb tot el treball que realitzen elles i al final beneficia a tota la comarca.<\/p>\n\n\n\n<p><strong>\u2014 Finalitzem aquesta entrevista convidant a les persones que vulguen acostar-se fins a Requena dem\u00e0 a la vesprada al Tardeo amb la DO en la Pla\u00e7a d&#8217;Armes del Castell de Requena?<\/strong><\/p>\n\n\n\n<p>\u2014 Clar, ja que estem a l&#8217;agost, a l&#8217;estiu, crec que \u00e9s un gran moment per a gaudir d&#8217;un divendres a la nit d&#8217;una bona copa de vi que estar\u00e0 b\u00e9 fresquita. Tant blanc, rosat, com pot ser un bon negre. En la Pla\u00e7a d&#8217;Armes de Requena tornem a repetir eixa experi\u00e8ncia amb bona m\u00fasica de fons, bona alimentaci\u00f3 com coment\u00e0vem i que al final tots tenim #ac\u00ed un planazo aquest divendres #a la vesprada de 8,00 a 23,30. Pel que podrem donar-ho tot i tornar amb m\u00e9s ganes fins i tot a l&#8217;any seg\u00fcent.<\/p>\n","protected":false},"excerpt":{"rendered":"<div class=\"mh-excerpt\">La responsable de comunicaci\u00f3 i m\u00e0rqueting de la Denominaci\u00f3 d&#8217;Origen (DO) Utiel-Requena, Lorena Monteagudo, ens anima a gaudir de la segona edici\u00f3 del &#8216;Tardeo amb la DO&#8217; que la Pla\u00e7a d&#8217;Armes del Castell de Requena <a class=\"mh-excerpt-more\" href=\"https:\/\/www.tucomarca.com\/wordpress\/segunda\/ca\/lorena-monteagudo-el-tardeo-de-la-do-utiel-requena-es-una-oportunitat-meravellosa-per-a-gaudir-amb-amics-amb-bon-vi-i-amb-bon-menjar\/\" title=\"Lorena Monteagudo: &#8220;El Tardeo de la DO Utiel-Requena \u00e9s una oportunitat meravellosa per a gaudir amb amics, amb bon vi i amb bon menjar&#8221;\">[+] <\/a><\/div>\n","protected":false},"author":13,"featured_media":232256,"comment_status":"open","ping_status":"open","sticky":false,"template":"","format":"standard","meta":{"footnotes":""},"categories":[11019,11006,10894,11007,10908,10909,10896],"tags":[12747,11099,10910],"class_list":{"0":"post-232263","1":"post","2":"type-post","3":"status-publish","4":"format-standard","5":"has-post-thumbnail","7":"category-agenda-ca","8":"category-canal-vinos","9":"category-la-comarca-ca","10":"category-ocio-y-cultura-ca","11":"category-requena-ca","12":"category-requena-utiel-ca","13":"category-seccion-ca","14":"tag-do-utiel-requena-ca","15":"tag-requena-ca","16":"tag-requena-utiel-ca"},"_links":{"self":[{"href":"https:\/\/www.tucomarca.com\/wordpress\/segunda\/ca\/wp-json\/wp\/v2\/posts\/232263","targetHints":{"allow":["GET"]}}],"collection":[{"href":"https:\/\/www.tucomarca.com\/wordpress\/segunda\/ca\/wp-json\/wp\/v2\/posts"}],"about":[{"href":"https:\/\/www.tucomarca.com\/wordpress\/segunda\/ca\/wp-json\/wp\/v2\/types\/post"}],"author":[{"embeddable":true,"href":"https:\/\/www.tucomarca.com\/wordpress\/segunda\/ca\/wp-json\/wp\/v2\/users\/13"}],"replies":[{"embeddable":true,"href":"https:\/\/www.tucomarca.com\/wordpress\/segunda\/ca\/wp-json\/wp\/v2\/comments?post=232263"}],"version-history":[{"count":0,"href":"https:\/\/www.tucomarca.com\/wordpress\/segunda\/ca\/wp-json\/wp\/v2\/posts\/232263\/revisions"}],"wp:featuredmedia":[{"embeddable":true,"href":"https:\/\/www.tucomarca.com\/wordpress\/segunda\/ca\/wp-json\/wp\/v2\/media\/232256"}],"wp:attachment":[{"href":"https:\/\/www.tucomarca.com\/wordpress\/segunda\/ca\/wp-json\/wp\/v2\/media?parent=232263"}],"wp:term":[{"taxonomy":"category","embeddable":true,"href":"https:\/\/www.tucomarca.com\/wordpress\/segunda\/ca\/wp-json\/wp\/v2\/categories?post=232263"},{"taxonomy":"post_tag","embeddable":true,"href":"https:\/\/www.tucomarca.com\/wordpress\/segunda\/ca\/wp-json\/wp\/v2\/tags?post=232263"}],"curies":[{"name":"wp","href":"https:\/\/api.w.org\/{rel}","templated":true}]}}