{"id":232351,"date":"2024-08-09T08:00:00","date_gmt":"2024-08-09T06:00:00","guid":{"rendered":"https:\/\/www.tucomarca.com\/wordpress\/segunda\/?p=232351"},"modified":"2024-08-11T10:34:32","modified_gmt":"2024-08-11T08:34:32","slug":"incendi-de-vegetacio-a-requena-extingit-pels-bombers-locals","status":"publish","type":"post","link":"https:\/\/www.tucomarca.com\/wordpress\/segunda\/ca\/incendi-de-vegetacio-a-requena-extingit-pels-bombers-locals\/","title":{"rendered":"Incendi de vegetaci\u00f3 a Requena extingit pels bombers locals"},"content":{"rendered":"\n<p>Els bombers de Requena han intervingut aquest dijous pel mat\u00ed en un incendi de vegetaci\u00f3 que es va produir en una zona pr\u00f2xima a una piscina coberta en el municipi.<\/p>\n\n\n\n<p>L&#8217;\u00e0rea afectada, que inclo\u00efa diversos arbres, va anar r\u00e0pidament controlada gr\u00e0cies a la r\u00e0pida actuaci\u00f3 dels serveis d&#8217;emerg\u00e8ncia.<\/p>\n\n\n\n<p>Afortunadament, l&#8217;incendi ha sigut extingit sense causar majors danys ni posar en risc als residents de la zona.<\/p>\n","protected":false},"excerpt":{"rendered":"<div class=\"mh-excerpt\">Els bombers de Requena han intervingut aquest dijous pel mat\u00ed en un incendi de vegetaci\u00f3 que es va produir en una zona pr\u00f2xima a una piscina coberta en el municipi. L&#8217;\u00e0rea afectada, que inclo\u00efa diversos <a class=\"mh-excerpt-more\" href=\"https:\/\/www.tucomarca.com\/wordpress\/segunda\/ca\/incendi-de-vegetacio-a-requena-extingit-pels-bombers-locals\/\" title=\"Incendi de vegetaci\u00f3 a Requena extingit pels bombers locals\">[+] <\/a><\/div>\n","protected":false},"author":12,"featured_media":232312,"comment_status":"open","ping_status":"open","sticky":false,"template":"","format":"standard","meta":{"footnotes":""},"categories":[10898,10948,10894,10903,10908,10909,10896,10897],"tags":[20342,11099,10910,10901],"class_list":{"0":"post-232351","1":"post","2":"type-post","3":"status-publish","4":"format-standard","5":"has-post-thumbnail","7":"category-ventana-ca","8":"category-infraestructuras-ca","9":"category-la-comarca-ca","10":"category-medio-ambiente-la-comarca-ca","11":"category-requena-ca","12":"category-requena-utiel-ca","13":"category-seccion-ca","14":"category-sucesos-la-comarca-ca","15":"tag-bomberos-consorcio-provincial-de-bomberos-de-valencia-ca","16":"tag-requena-ca","17":"tag-requena-utiel-ca","18":"tag-sucesos-ca"},"_links":{"self":[{"href":"https:\/\/www.tucomarca.com\/wordpress\/segunda\/ca\/wp-json\/wp\/v2\/posts\/232351","targetHints":{"allow":["GET"]}}],"collection":[{"href":"https:\/\/www.tucomarca.com\/wordpress\/segunda\/ca\/wp-json\/wp\/v2\/posts"}],"about":[{"href":"https:\/\/www.tucomarca.com\/wordpress\/segunda\/ca\/wp-json\/wp\/v2\/types\/post"}],"author":[{"embeddable":true,"href":"https:\/\/www.tucomarca.com\/wordpress\/segunda\/ca\/wp-json\/wp\/v2\/users\/12"}],"replies":[{"embeddable":true,"href":"https:\/\/www.tucomarca.com\/wordpress\/segunda\/ca\/wp-json\/wp\/v2\/comments?post=232351"}],"version-history":[{"count":0,"href":"https:\/\/www.tucomarca.com\/wordpress\/segunda\/ca\/wp-json\/wp\/v2\/posts\/232351\/revisions"}],"wp:featuredmedia":[{"embeddable":true,"href":"https:\/\/www.tucomarca.com\/wordpress\/segunda\/ca\/wp-json\/wp\/v2\/media\/232312"}],"wp:attachment":[{"href":"https:\/\/www.tucomarca.com\/wordpress\/segunda\/ca\/wp-json\/wp\/v2\/media?parent=232351"}],"wp:term":[{"taxonomy":"category","embeddable":true,"href":"https:\/\/www.tucomarca.com\/wordpress\/segunda\/ca\/wp-json\/wp\/v2\/categories?post=232351"},{"taxonomy":"post_tag","embeddable":true,"href":"https:\/\/www.tucomarca.com\/wordpress\/segunda\/ca\/wp-json\/wp\/v2\/tags?post=232351"}],"curies":[{"name":"wp","href":"https:\/\/api.w.org\/{rel}","templated":true}]}}