{"id":232372,"date":"2024-09-05T13:00:00","date_gmt":"2024-09-05T11:00:00","guid":{"rendered":"https:\/\/www.tucomarca.com\/wordpress\/segunda\/?p=232372"},"modified":"2024-09-05T15:38:25","modified_gmt":"2024-09-05T13:38:25","slug":"el-lateral-bunyolense-samuel-agustina-renova-amb-el-cd-bunyol-i-afronta-la-seua-segona-temporada-en-lequip","status":"publish","type":"post","link":"https:\/\/www.tucomarca.com\/wordpress\/segunda\/ca\/el-lateral-bunyolense-samuel-agustina-renova-amb-el-cd-bunyol-i-afronta-la-seua-segona-temporada-en-lequip\/","title":{"rendered":"El lateral bunyolense Samuel Agustina renova amb el CD Bunyol i afronta la seua segona temporada en l&#8217;equip"},"content":{"rendered":"\n<p>El CD Bunyol ha anunciat amb gran entusiasme la renovaci\u00f3 de Samuel Agustina, el talent\u00f3s extrem ori\u00fcnd de Bunyol. Despr\u00e9s d&#8217;una destacada primera temporada, Samuel continuar\u00e0 vestint els colors de l&#8217;equip i es prepara per a consolidar-se com una pe\u00e7a clau en l&#8217;esquema t\u00e0ctic del nou equip per a la temporada 2024-25 que dirigir\u00e0 des de la banqueta Alejandro Sant Isidre.<\/p>\n\n\n\n<p>Amb l&#8217;experi\u00e8ncia adquirida en la passada campanya, el club confia que Samuel es convertir\u00e0 en un veritable perill per la banda en l&#8217;estadi Beltr\u00e1n, aportant velocitat, desequilibri i gol a l&#8217;equip.<\/p>\n\n\n\n<p>La directiva i l&#8217;afici\u00f3 estan encantades de comptar amb Samuel Agustina per a aquesta nova etapa i li desitgen molt \u00e8xit en la temporada que est\u00e0 per comen\u00e7ar.<\/p>\n","protected":false},"excerpt":{"rendered":"<div class=\"mh-excerpt\">El CD Bunyol ha anunciat amb gran entusiasme la renovaci\u00f3 de Samuel Agustina, el talent\u00f3s extrem ori\u00fcnd de Bunyol. Despr\u00e9s d&#8217;una destacada primera temporada, Samuel continuar\u00e0 vestint els colors de l&#8217;equip i es prepara per <a class=\"mh-excerpt-more\" href=\"https:\/\/www.tucomarca.com\/wordpress\/segunda\/ca\/el-lateral-bunyolense-samuel-agustina-renova-amb-el-cd-bunyol-i-afronta-la-seua-segona-temporada-en-lequip\/\" title=\"El lateral bunyolense Samuel Agustina renova amb el CD Bunyol i afronta la seua segona temporada en l&#8217;equip\">[+] <\/a><\/div>\n","protected":false},"author":12,"featured_media":232717,"comment_status":"open","ping_status":"open","sticky":false,"template":"","format":"standard","meta":{"footnotes":""},"categories":[10911,11015,11003,10894,10912,10896],"tags":[10913,11126,11074,11075,20859],"class_list":{"0":"post-232372","1":"post","2":"type-post","3":"status-publish","4":"format-standard","5":"has-post-thumbnail","7":"category-bunol-ca","8":"category-canal-futbol","9":"category-sports","10":"category-la-comarca-ca","11":"category-la-hoya-ca","12":"category-seccion-ca","13":"tag-bunol-ca","14":"tag-cd-bunol-ca","15":"tag-deportes-ca","16":"tag-futbol-ca","17":"tag-la-hoya-de-bunol-chiva-4-ca"},"_links":{"self":[{"href":"https:\/\/www.tucomarca.com\/wordpress\/segunda\/ca\/wp-json\/wp\/v2\/posts\/232372","targetHints":{"allow":["GET"]}}],"collection":[{"href":"https:\/\/www.tucomarca.com\/wordpress\/segunda\/ca\/wp-json\/wp\/v2\/posts"}],"about":[{"href":"https:\/\/www.tucomarca.com\/wordpress\/segunda\/ca\/wp-json\/wp\/v2\/types\/post"}],"author":[{"embeddable":true,"href":"https:\/\/www.tucomarca.com\/wordpress\/segunda\/ca\/wp-json\/wp\/v2\/users\/12"}],"replies":[{"embeddable":true,"href":"https:\/\/www.tucomarca.com\/wordpress\/segunda\/ca\/wp-json\/wp\/v2\/comments?post=232372"}],"version-history":[{"count":0,"href":"https:\/\/www.tucomarca.com\/wordpress\/segunda\/ca\/wp-json\/wp\/v2\/posts\/232372\/revisions"}],"wp:featuredmedia":[{"embeddable":true,"href":"https:\/\/www.tucomarca.com\/wordpress\/segunda\/ca\/wp-json\/wp\/v2\/media\/232717"}],"wp:attachment":[{"href":"https:\/\/www.tucomarca.com\/wordpress\/segunda\/ca\/wp-json\/wp\/v2\/media?parent=232372"}],"wp:term":[{"taxonomy":"category","embeddable":true,"href":"https:\/\/www.tucomarca.com\/wordpress\/segunda\/ca\/wp-json\/wp\/v2\/categories?post=232372"},{"taxonomy":"post_tag","embeddable":true,"href":"https:\/\/www.tucomarca.com\/wordpress\/segunda\/ca\/wp-json\/wp\/v2\/tags?post=232372"}],"curies":[{"name":"wp","href":"https:\/\/api.w.org\/{rel}","templated":true}]}}